{"id":10196,"date":"2024-02-08T13:11:53","date_gmt":"2024-02-08T13:11:53","guid":{"rendered":"http:\/\/revistalaneta.com.mx\/?p=10196"},"modified":"2024-02-08T13:12:13","modified_gmt":"2024-02-08T13:12:13","slug":"universitarios-respaldan-candidatura-de-damaso-anaya-alvaradopara-la-rectoria-de-la-uat","status":"publish","type":"post","link":"http:\/\/revistalaneta.com.mx\/?p=10196","title":{"rendered":"Universitarios respaldan candidatura de D\u00e1maso Anaya Alvaradopara la rector\u00eda de la UAT"},"content":{"rendered":"\n<p><\/p>\n\n\n\n<p>Ciudad Victoria, Tamps.- Estudiantes y docentes de todos los planteles de la Universidad Aut\u00f3noma de Tamaulipas le manifestaron su total respaldo al m\u00e9dico veterinario zootecnista D\u00e1maso Anaya Alvarado como candidato a la rector\u00eda per\u00edodo 2024-2028.<\/p>\n\n\n\n<p>En multitudinarios eventos, los centros universitarios de Victoria, Tampico y Mante concentraron a las comunidades de estudiantes y acad\u00e9micos de las diferentes instituciones de la UAT que representan a las zonas norte, centro y sur del estado, para expresarle todo su apoyo.<\/p>\n\n\n\n<p>En un hecho sin precedentes, de unidad y solidaridad, estudiantes y maestros se congregaron en la plazoleta c\u00edvica del Gimnasio Multidisciplinario de Ciudad Victoria y la rotonda de los fundadores de la UAT en el Centro Universitario de Tampico, escenarios de este acontecimiento en donde la juventud estudiantil, profesoras y profesores han dejado claro su respaldo, consider\u00e1ndolo el candidato m\u00e1s id\u00f3neo para dirigir los destinos de la m\u00e1xima casa de estudios de Tamaulipas.<\/p>\n\n\n\n<p>El MVZ D\u00e1maso Anaya, acompa\u00f1ado de su esposa e hijos, recorri\u00f3 los espacios de la Universidad, y, ante las expresiones de j\u00fabilo, en un fervoroso ambiente de entusiasmo, unidad y compromiso, ofreci\u00f3 un mensaje en el que expres\u00f3 su profunda gratitud hacia los estudiantes, acad\u00e9micos y a todos aquellos que le han hecho patente su apoyo.<\/p>\n\n\n\n<p>Asimismo, reiter\u00f3 su compromiso con la excelencia acad\u00e9mica y el bienestar de<br \/>toda la comunidad universitaria, asegurando que impulsar\u00e1 una gesti\u00f3n marcada por el trabajo en equipo y la b\u00fasqueda constante de la mejora institucional.<\/p>\n\n\n\n<p>Hizo tambi\u00e9n un llamado a la comunidad universitaria a participar activamente en este proceso de elecci\u00f3n, el cual se llevar\u00e1 a cabo el mi\u00e9rcoles 7 de febrero, en las veintis\u00e9is facultades, unidades acad\u00e9micas y escuelas de la UAT, ubicadas en todo el estado.<\/p>\n\n\n\n<p>Con su visi\u00f3n de continuar avanzando para la transformaci\u00f3n de la Universidad, con educaci\u00f3n de excelencia y un profundo sentido humanista, D\u00e1maso Anaya Alvarado se presenta como una figura capaz de liderar a la UAT hacia nuevos horizontes de crecimiento y progreso.<\/p>\n","protected":false},"excerpt":{"rendered":"<p>Ciudad Victoria, Tamps.- Estudiantes y docentes de todos los planteles de la Universidad Aut\u00f3noma de Tamaulipas le manifestaron su total respaldo al m\u00e9dico veterinario zootecnista D\u00e1maso Anaya Alvarado como candidato &hellip; <a href=\"http:\/\/revistalaneta.com.mx\/?p=10196\" class=\"more-link\">Leer m\u00e1s<\/a><\/p>\n","protected":false},"author":1,"featured_media":10195,"comment_status":"open","ping_status":"open","sticky":false,"template":"","format":"standard","meta":{"footnotes":""},"categories":[7],"tags":[],"class_list":["post-10196","post","type-post","status-publish","format-standard","has-post-thumbnail","hentry","category-ciudad-victoria","entry"],"_links":{"self":[{"href":"http:\/\/revistalaneta.com.mx\/index.php?rest_route=\/wp\/v2\/posts\/10196","targetHints":{"allow":["GET"]}}],"collection":[{"href":"http:\/\/revistalaneta.com.mx\/index.php?rest_route=\/wp\/v2\/posts"}],"about":[{"href":"http:\/\/revistalaneta.com.mx\/index.php?rest_route=\/wp\/v2\/types\/post"}],"author":[{"embeddable":true,"href":"http:\/\/revistalaneta.com.mx\/index.php?rest_route=\/wp\/v2\/users\/1"}],"replies":[{"embeddable":true,"href":"http:\/\/revistalaneta.com.mx\/index.php?rest_route=%2Fwp%2Fv2%2Fcomments&post=10196"}],"version-history":[{"count":1,"href":"http:\/\/revistalaneta.com.mx\/index.php?rest_route=\/wp\/v2\/posts\/10196\/revisions"}],"predecessor-version":[{"id":10197,"href":"http:\/\/revistalaneta.com.mx\/index.php?rest_route=\/wp\/v2\/posts\/10196\/revisions\/10197"}],"wp:featuredmedia":[{"embeddable":true,"href":"http:\/\/revistalaneta.com.mx\/index.php?rest_route=\/wp\/v2\/media\/10195"}],"wp:attachment":[{"href":"http:\/\/revistalaneta.com.mx\/index.php?rest_route=%2Fwp%2Fv2%2Fmedia&parent=10196"}],"wp:term":[{"taxonomy":"category","embeddable":true,"href":"http:\/\/revistalaneta.com.mx\/index.php?rest_route=%2Fwp%2Fv2%2Fcategories&post=10196"},{"taxonomy":"post_tag","embeddable":true,"href":"http:\/\/revistalaneta.com.mx\/index.php?rest_route=%2Fwp%2Fv2%2Ftags&post=10196"}],"curies":[{"name":"wp","href":"https:\/\/api.w.org\/{rel}","templated":true}]}}