{"id":10214,"date":"2024-02-08T13:22:36","date_gmt":"2024-02-08T13:22:36","guid":{"rendered":"http:\/\/revistalaneta.com.mx\/?p=10214"},"modified":"2024-02-08T13:22:55","modified_gmt":"2024-02-08T13:22:55","slug":"ferias-del-empleo-son-un-exito","status":"publish","type":"post","link":"http:\/\/revistalaneta.com.mx\/?p=10214","title":{"rendered":"FERIAS DEL EMPLEO SON UN \u00c9XITO"},"content":{"rendered":"\n<p><\/p>\n\n\n\n<p>-El 85 por ciento es contratado<\/p>\n\n\n\n<p>-Reconocimiento a Tamaulipas, en el \u00e1rea de energ\u00eda<\/p>\n\n\n\n<p>-Manuel Canales busca la diputaci\u00f3n local<\/p>\n\n\n\n<p>Tiempo&nbsp; de&nbsp; opinar<\/p>\n\n\n\n<p>Ra\u00fal Hern\u00e1ndez Moreno<\/p>\n\n\n\n<p>M\u00e1s del 85 por ciento de quienes asisten a las Ferias del Empleo son contratados por alguna de las empresas&nbsp; que ofertan vacantes,&nbsp; revel\u00f3 el Secretario de Desarrollo Econ\u00f3mico, Juan \u00c1ngel Mart\u00ednez Salazar.<\/p>\n\n\n\n<p>Hoy se realiz\u00f3 en esta ciudad la Primera Feria del Empleo, en el Polyforum La Fe, con la participaci\u00f3n de 120 empresas que ofertaron&nbsp; m\u00e1s del 2 mil 500 empleos, principalmente en las \u00e1reas de maquiladoras,&nbsp; agencias aduanales, transporte, comercio, etc.<\/p>\n\n\n\n<p>El funcionario&nbsp; destac\u00f3 que mediante estas&nbsp; ferias se vincula a las empresas con los&nbsp; trabajadores.<\/p>\n\n\n\n<p>Juan \u00c1ngel, por cierto, aspira&nbsp; ser candidato a diputado local por el Distrito 1, por Morena. Es abogado de profesi\u00f3n, catedr\u00e1tico en la UAT y su conocimiento de las leyes ser\u00eda de&nbsp; gran utilidad en el Congreso.&nbsp; Ya basta de improvisados que&nbsp; ven las diputaciones como un modus vivendi, pero carecen de vocaci\u00f3n.<\/p>\n\n\n\n<p>En otro tema, Tamaulipas se convirti\u00f3 en el primer estado de la rep\u00fablica en ser acreditado por el Programa Sectorial de Energ\u00eda 2023-2029, al cumplir con 17 objetivos&nbsp; para el Desarrollo Sustentable de la agenda 2030 de la Organizaci\u00f3n de las Naciones Unidas.<\/p>\n\n\n\n<p>El gobernador&nbsp; Am\u00e9rico Villarreal Anaya recibi\u00f3 un reconocimiento de parte del director de Energ\u00eda Sustentable de la ONU, Dar\u00edo Liguti&nbsp; y el Secretario de Energ\u00eda de M\u00e9xico, Miguel \u00c1ngel Maciel&nbsp; Torres.<\/p>\n\n\n\n<p>Am\u00e9rico&nbsp; agradeci\u00f3 la distinci\u00f3n&nbsp; y subray\u00f3 que Tamaulipas tiene un&nbsp; gran potencial para el desarrollo del sector energ\u00e9tico.<\/p>\n\n\n\n<p>Por otra parte, la&nbsp; comunidad universitaria se volc\u00f3 \u00e9ste d\u00eda a las urnas para elegir al nuevo rector de la UAT, en un proceso en el que originalmente se anotaron cinco aspirantes, pero al final quedaron Juana Mar\u00eda Sober\u00f3n Garc\u00eda&nbsp; y D\u00e1maso Anaya, que con&nbsp; todo y tener&nbsp; segura la victoria, dedic\u00f3 los \u00faltimos d\u00edas a legitimar su&nbsp; llegada, visitando&nbsp; las principales sedes de la UAT.<\/p>\n\n\n\n<p>Los resultados oficiales se dar\u00e1n a conocer el d\u00eda 9, pero la victoria de D\u00e1maso era inevitable &nbsp;y despu\u00e9s&nbsp; habr\u00e1&nbsp; que ver si el nuevo rector, que&nbsp; tiene 33 a\u00f1os de experiencia como catedr\u00e1tico, se decide a&nbsp; transformar a la UAT en una universidad de verdad. La UAT y Tamaulipas lo demandan.<\/p>\n\n\n\n<p>Por otra parte, si en el 2022&nbsp; Manuel&nbsp; Canales Bermea anunci\u00f3 que renunciaba al PAN para sumarse a la campa\u00f1a de Am\u00e9rico Villarreal,&nbsp; ahora est\u00e1 de regreso en el&nbsp; blanquiazul&nbsp; y&nbsp; busca ser candidato a diputado local, aunque por el momento el Distrito 2 est\u00e1 reservado para Ileana Medina.<\/p>\n\n\n\n<p>Igual y el PRI le autoriza que se registre &nbsp;en el Distrito 1, lo que le quitar\u00eda la preocupaci\u00f3n de a qui\u00e9n registrar, porque&nbsp; cada vez esta mas solo.<\/p>\n\n\n\n<p>Con todo y su experiencia de haber sido regidor, creador del Grupo Impulso, secretario general de la CNOP y presidente del Comit\u00e9 Municipal del PRI, el partido se le cae a pedazos a Fernando Castillo. Se est\u00e1 quedando solo.<\/p>\n","protected":false},"excerpt":{"rendered":"<p>-El 85 por ciento es contratado -Reconocimiento a Tamaulipas, en el \u00e1rea de energ\u00eda -Manuel Canales busca la diputaci\u00f3n local Tiempo&nbsp; de&nbsp; opinar Ra\u00fal Hern\u00e1ndez Moreno M\u00e1s del 85 por &hellip; <a href=\"http:\/\/revistalaneta.com.mx\/?p=10214\" class=\"more-link\">Leer m\u00e1s<\/a><\/p>\n","protected":false},"author":1,"featured_media":10213,"comment_status":"open","ping_status":"open","sticky":false,"template":"","format":"standard","meta":{"footnotes":""},"categories":[2],"tags":[],"class_list":["post-10214","post","type-post","status-publish","format-standard","has-post-thumbnail","hentry","category-chismorreo","entry"],"_links":{"self":[{"href":"http:\/\/revistalaneta.com.mx\/index.php?rest_route=\/wp\/v2\/posts\/10214","targetHints":{"allow":["GET"]}}],"collection":[{"href":"http:\/\/revistalaneta.com.mx\/index.php?rest_route=\/wp\/v2\/posts"}],"about":[{"href":"http:\/\/revistalaneta.com.mx\/index.php?rest_route=\/wp\/v2\/types\/post"}],"author":[{"embeddable":true,"href":"http:\/\/revistalaneta.com.mx\/index.php?rest_route=\/wp\/v2\/users\/1"}],"replies":[{"embeddable":true,"href":"http:\/\/revistalaneta.com.mx\/index.php?rest_route=%2Fwp%2Fv2%2Fcomments&post=10214"}],"version-history":[{"count":1,"href":"http:\/\/revistalaneta.com.mx\/index.php?rest_route=\/wp\/v2\/posts\/10214\/revisions"}],"predecessor-version":[{"id":10215,"href":"http:\/\/revistalaneta.com.mx\/index.php?rest_route=\/wp\/v2\/posts\/10214\/revisions\/10215"}],"wp:featuredmedia":[{"embeddable":true,"href":"http:\/\/revistalaneta.com.mx\/index.php?rest_route=\/wp\/v2\/media\/10213"}],"wp:attachment":[{"href":"http:\/\/revistalaneta.com.mx\/index.php?rest_route=%2Fwp%2Fv2%2Fmedia&parent=10214"}],"wp:term":[{"taxonomy":"category","embeddable":true,"href":"http:\/\/revistalaneta.com.mx\/index.php?rest_route=%2Fwp%2Fv2%2Fcategories&post=10214"},{"taxonomy":"post_tag","embeddable":true,"href":"http:\/\/revistalaneta.com.mx\/index.php?rest_route=%2Fwp%2Fv2%2Ftags&post=10214"}],"curies":[{"name":"wp","href":"https:\/\/api.w.org\/{rel}","templated":true}]}}