{"id":10217,"date":"2024-02-08T13:23:48","date_gmt":"2024-02-08T13:23:48","guid":{"rendered":"http:\/\/revistalaneta.com.mx\/?p=10217"},"modified":"2024-02-08T13:24:09","modified_gmt":"2024-02-08T13:24:09","slug":"perjudica-cabeza-de-vaca-a-xochitl-galvez","status":"publish","type":"post","link":"http:\/\/revistalaneta.com.mx\/?p=10217","title":{"rendered":"PERJUDICA CABEZA DE VACA A X\u00d3CHITL G\u00c1LVEZ"},"content":{"rendered":"\n<p><br>Flaco favor le ha hecho el ex gobernador tamaulipeco Francisco Javier Garc\u00eda Cabeza de Vaca, a la precandidata oficial a la Presidencia de la Rep\u00fablica por la coalici\u00f3n PAN-PRI-PRD, X\u00f3chitl G\u00e1lvez Ruiz, al tomarse una foto junto a ella, en la visita que ambos, por separado, tuvieron en Washington D.C. Y es que el ex mandatario tamaulipeco acudi\u00f3 a la capital estadounidense, para justamente aprovechar y tomarse la foto con X\u00f3chitl G\u00e1lvez (lo cual no puede hacer en M\u00e9xico al tener orden de aprehensi\u00f3n), y con ello demostrar que est\u00e1 en total apoyo a la abanderada de la coalici\u00f3n PAN-PRI-PRD. Sin embargo, fue ampliamente conocido que a X\u00f3chitl no le agrad\u00f3 la estrategia de \u201cEl Cabez\u00f3n\u201d, y prueba de ello es que no se mostr\u00f3 nada contenta al posar en foto con \u00e9l, pues de antemano sabe que el susodicho lejos de ayudar a ganarle adeptos, los pierde, por su mal actuar como gobernador de Tamaulipas. Pero bueno, all\u00e1 ellos y sus condenadas conciencias.<\/p>\n\n\n\n<p>ASEGURAN TERMINAR\u00c1N IMPORTANTE OBRA EN TRES SEMANAS<br \/>Para dentro de tres semanas se espera estar concluyendo con los trabajos de instalaci\u00f3n de nueva tuber\u00eda de drenaje sobre la avenida Tecnol\u00f3gico, en el tramo de Pedro Morales a Pedro P\u00e9rez Ibarra, en la colonia Infonavit Fundadores. As\u00ed lo ha asegurado el secretario de Obras P\u00fablicas del Gobierno Municipal de Nuevo Laredo, Carlos De Anda Hern\u00e1ndez, quien ha dicho que si se han tardado es porque se han tenido muchas complicaciones con el terreno, el cual al ser muy arenoso tiene constantes deslaves, por lo que se ha tenido que hacer uso de equipo especial y meter un filtro de grava y arena, y solo se est\u00e1 a la espera de unas v\u00e1lvulas de agua para tapar y luego repavimentar y as\u00ed volver a quedar listo dicho tramo. Pues ojal\u00e1 sea en ese plazo, porque la verdad es muy necesario reabrir tal calle, ya que por eso se originan intensos congestionamientos viales en el \u00e1rea.<\/p>\n\n\n\n<p>OPCI\u00d3N VIAL<br \/>Para todos aquellos que viven del poniente hacia el oriente de la ciudad y que debido a los trabajos de construcci\u00f3n del puente vehicular de Paseo de los H\u00e9roes y Eva Samano, tienen que hacer grandes rodeos por otras arterias, se les hace saber que una buena opci\u00f3n de circulaci\u00f3n es la calle H\u00e9roe de Nacataz, que est\u00e1 pegada a los rieles, hacia el lado norte. Y es que tan sencillo que, viniendo del poniente por la Calzada de los H\u00e9roes, pasen por debajo del puente de la Mazatl\u00e1n y se incorporen al mismo puente y bajen hacia el lado norte, para luego tomar la H\u00e9roe de Nacataz, e irse todo derecho, pegados a las v\u00edas f\u00e9rreas, hasta la Macario Zamora, para luego dar vuelta en la misma, y enfilarse hacia la calle Madero, donde seguir\u00e1n de largo hasta la avenida H\u00e9roes, para dar vuelta a la derecha y subir el puente elevado, y luego dar vuelta en Maclovio Herrera, para de ah\u00ed seguir a donde les d\u00e9 su regalada gana. Pero cr\u00e9anme, que de llegar a la Presidencia Municipal estar\u00e1n haciendo solo 12 minutos de recorrido.<\/p>\n\n\n\n<p>EN AUMENTO ACCIDENTES DE MOTOCICLISTAS<br \/>Siguen tambi\u00e9n registr\u00e1ndose accidentes en los que se ven involucrados motociclistas. El pasado fin de semana se suscit\u00f3 uno en la colonia Morelos, que tiene al borde de la muerte a un conductor de moto que fue impactado por un veh\u00edculo. Y aunque normalmente automovilistas imprudentes son los causantes de los accidentes que involucran motociclistas, tambi\u00e9n hay que considerar que los motociclistas no cumplen con las debidas normas de seguridad, partiendo del hecho que manejan a exceso de velocidad, por lo que muchas veces no son vistos por los conductores, que al llegar a una esquina, y no verlos, se cruzan la calle, pero resulta que como los motociclistas vienen rapid\u00edsimo y entonces se estrellan, am\u00e9n que en la mayor\u00eda de las ocasiones no portan cascos y trajes protectores, lo que pone en mayor riesgo sus vidas. Aparte muchos se meten entre los carros y total que incurren en una serie de acciones por las que luego se derivan los accidentes.<\/p>\n\n\n\n<p>LA CFE SE TRAG\u00d3 UNA SEMANA<br \/>Usuarios de la Comisi\u00f3n Federal de Electricidad (CFE) el por qu\u00e9 la paraestatal redujo en una semana el plazo l\u00edmite para pagar los recibos, ya que esto los ha desbalanceado en sus finanzas. Y es que desde fines del a\u00f1o pasado la CFE acort\u00f3 una semana dicho plazo, ya que por ejemplo quienes ten\u00edan como l\u00edmite el d\u00eda 15 del mes que les llega el recibo, para pagar este, ahora les llega como plazo el d\u00eda 8, es decir una semana menos. Y dado a que la gente ya estaba acostumbrada a pagar en determinado d\u00eda, y normalmente como buenos mexicanos en la fecha l\u00edmite, pues ahora tienen que hacerlo con menor tiempo, lo que no les da oportunidad de reunir el dinero, de ah\u00ed la quejadera. Bueno, no queda m\u00e1s que adaptarse al cambio.<\/p>\n\n\n\n<p>CELEBRAN SECRETARIOS REUNI\u00d3N DE LA AGENDA 2030<br \/>Los secretarios estatales de Econom\u00eda, Ninfa Cant\u00fa De\u00e1ndar; de Desarrollo Urbano y Medio Ambiente, Karina Sald\u00edvar; de Administraci\u00f3n Jes\u00fas Lav\u00edn; de Recursos Hidr\u00e1ulicos para el Desarrollo Social, Ra\u00fal Quiroga y de Desarrollo Rural Pesca y Alimentaci\u00f3n, Antonio Varela Flores, as\u00ed como representantes de diversas dependencias del Gobierno del Estado, estuvieron presentes en la Primera Sesi\u00f3n Ordinaria del 2024 del Consejo Estatal de la Agenda 2030 para el Desarrollo Sostenible de Tamaulipas. En dicho acto se formularon planteamientos e ideas para impulsar el desarrollo equitativo y sostenible de Tamaulipas, y aprobaron por unanimidad diversos asuntos contemplados en el orden del d\u00eda entre ellos, el Reglamento Interno del Consejo, a la vez que se anunci\u00f3 impartir\u00e1n talleres especializados a servidores p\u00fablicos locales, los cuales en una primera etapa se realizar\u00e1n en los municipios de Reynosa, Matamoros, Nuevo Laredo, Tampico, Altamira y Ciudad Victoria.<\/p>\n\n\n\n<p>MEJORA TELMEX SERVICIO DE INTERNET<br \/>A trav\u00e9s de un comunicado Tel\u00e9fonos de M\u00e9xico (TELMEX) dio a conocer que contin\u00faa innovando en el mercado mexicano, y prueba de ellos es que todos sus paquetes Infinitum, los 17 que integran su oferta comercial y residencial, proporciona la misma velocidad de subida que de bajada. Por lo tanto los usuarios que tengan paquetes con velocidades de 60, 80, 100, 200 y 300 Megas disfrutan de la velocidad sim\u00e9trica, por el mismo precio, mejorando su experiencia de navegaci\u00f3n. Cabe apuntar que TELMEX es la primera Empresa en M\u00e9xico en masificar el acceso a Internet con la misma velocidad de bajada y de subida, ofreciendo este beneficio en sus paquetes desde 349 pesos al mes; y que ahora integra a este avance tecnol\u00f3gico para clientes con servicios de hasta 799 pesos mensuales, ampliado de esta forma el acceso sim\u00e9trico a la m\u00e1xima velocidad a m\u00e1s personas.<\/p>\n\n\n\n<p>LO \u00daLTIMO<br \/>Ni duda cabe que D\u00e1maso Anaya Alvarado arras\u00f3 en la elecci\u00f3n interna de la Universidad Aut\u00f3noma de Tamaulipas por conseguir la Rector\u00eda de la m\u00e1xima casa de estudios en los pr\u00f3ximos cuatro a\u00f1os. No obstante habr\u00e1 que esperar la declaratoria oficial el pr\u00f3ximo viernes\u2026 Que en lo que va de la presente administraci\u00f3n municipal de Nuevo Laredo, que dirige Carmen Lilia Canturosas Villarreal, se han concluido 17 murales elaborados por artistas locales, a la vez que siete est\u00e1n en proceso y tres m\u00e1s est\u00e1n por iniciar. Esto como parte del apoyo de la alcaldesa al talento local\u2026 C\u00ednicos aquellos regidores que quieren reelegirse y que nunca se han dado a la tarea de atender debidamente a la gente. En estos d\u00edas daremos a conocer los nombres de algunos de ellos.<\/p>\n","protected":false},"excerpt":{"rendered":"<p>Flaco favor le ha hecho el ex gobernador tamaulipeco Francisco Javier Garc\u00eda Cabeza de Vaca, a la precandidata oficial a la Presidencia de la Rep\u00fablica por la coalici\u00f3n PAN-PRI-PRD, X\u00f3chitl &hellip; <a href=\"http:\/\/revistalaneta.com.mx\/?p=10217\" class=\"more-link\">Leer m\u00e1s<\/a><\/p>\n","protected":false},"author":1,"featured_media":10216,"comment_status":"open","ping_status":"open","sticky":false,"template":"","format":"standard","meta":{"footnotes":""},"categories":[2,3],"tags":[],"class_list":["post-10217","post","type-post","status-publish","format-standard","has-post-thumbnail","hentry","category-chismorreo","category-opinion","entry"],"_links":{"self":[{"href":"http:\/\/revistalaneta.com.mx\/index.php?rest_route=\/wp\/v2\/posts\/10217","targetHints":{"allow":["GET"]}}],"collection":[{"href":"http:\/\/revistalaneta.com.mx\/index.php?rest_route=\/wp\/v2\/posts"}],"about":[{"href":"http:\/\/revistalaneta.com.mx\/index.php?rest_route=\/wp\/v2\/types\/post"}],"author":[{"embeddable":true,"href":"http:\/\/revistalaneta.com.mx\/index.php?rest_route=\/wp\/v2\/users\/1"}],"replies":[{"embeddable":true,"href":"http:\/\/revistalaneta.com.mx\/index.php?rest_route=%2Fwp%2Fv2%2Fcomments&post=10217"}],"version-history":[{"count":1,"href":"http:\/\/revistalaneta.com.mx\/index.php?rest_route=\/wp\/v2\/posts\/10217\/revisions"}],"predecessor-version":[{"id":10218,"href":"http:\/\/revistalaneta.com.mx\/index.php?rest_route=\/wp\/v2\/posts\/10217\/revisions\/10218"}],"wp:featuredmedia":[{"embeddable":true,"href":"http:\/\/revistalaneta.com.mx\/index.php?rest_route=\/wp\/v2\/media\/10216"}],"wp:attachment":[{"href":"http:\/\/revistalaneta.com.mx\/index.php?rest_route=%2Fwp%2Fv2%2Fmedia&parent=10217"}],"wp:term":[{"taxonomy":"category","embeddable":true,"href":"http:\/\/revistalaneta.com.mx\/index.php?rest_route=%2Fwp%2Fv2%2Fcategories&post=10217"},{"taxonomy":"post_tag","embeddable":true,"href":"http:\/\/revistalaneta.com.mx\/index.php?rest_route=%2Fwp%2Fv2%2Ftags&post=10217"}],"curies":[{"name":"wp","href":"https:\/\/api.w.org\/{rel}","templated":true}]}}