{"id":10220,"date":"2024-02-09T12:39:46","date_gmt":"2024-02-09T12:39:46","guid":{"rendered":"http:\/\/revistalaneta.com.mx\/?p=10220"},"modified":"2024-02-09T12:40:07","modified_gmt":"2024-02-09T12:40:07","slug":"circulacion-cerrada-en-ambos-sentidos-de-la-carretera-federal-101-por-paso-de-calderas","status":"publish","type":"post","link":"http:\/\/revistalaneta.com.mx\/?p=10220","title":{"rendered":"Circulaci\u00f3n cerrada en ambos sentidos de la Carretera Federal 101 por paso de calderas"},"content":{"rendered":"\n<p><\/p>\n\n\n\n<p><\/p>\n\n\n\n<p>Tula, Tamaulipas.- Derivado del movimiento de calderas, la circulaci\u00f3n se encuentra cerrada en ambos sentidos de la Carretera Federal 101 a la altura del kil\u00f3metro 68.<\/p>\n\n\n\n<p>El cierre del paso vehicular se instal\u00f3 en las inmediaciones del ejido Ricardo Garc\u00eda (La Presita) ubicado en el municipio de Tula.<\/p>\n\n\n\n<p>Personal de la Guardia Estatal de Apoyo Carretero pertenecientes a la Estaci\u00f3n Segura Tula y Jaumave se encuentran en el \u00e1rea brindando seguridad y orientaci\u00f3n a conductores.<\/p>\n\n\n\n<p>Extreme precauciones al conducir. Se recomienda el uso de v\u00edas alternas.<code> * * *<\/code><\/p>\n","protected":false},"excerpt":{"rendered":"<p>Tula, Tamaulipas.- Derivado del movimiento de calderas, la circulaci\u00f3n se encuentra cerrada en ambos sentidos de la Carretera Federal 101 a la altura del kil\u00f3metro 68. El cierre del paso &hellip; <a href=\"http:\/\/revistalaneta.com.mx\/?p=10220\" class=\"more-link\">Leer m\u00e1s<\/a><\/p>\n","protected":false},"author":1,"featured_media":10219,"comment_status":"open","ping_status":"open","sticky":false,"template":"","format":"standard","meta":{"footnotes":""},"categories":[7,8],"tags":[],"class_list":["post-10220","post","type-post","status-publish","format-standard","has-post-thumbnail","hentry","category-ciudad-victoria","category-tamaulipas-sur","entry"],"_links":{"self":[{"href":"http:\/\/revistalaneta.com.mx\/index.php?rest_route=\/wp\/v2\/posts\/10220","targetHints":{"allow":["GET"]}}],"collection":[{"href":"http:\/\/revistalaneta.com.mx\/index.php?rest_route=\/wp\/v2\/posts"}],"about":[{"href":"http:\/\/revistalaneta.com.mx\/index.php?rest_route=\/wp\/v2\/types\/post"}],"author":[{"embeddable":true,"href":"http:\/\/revistalaneta.com.mx\/index.php?rest_route=\/wp\/v2\/users\/1"}],"replies":[{"embeddable":true,"href":"http:\/\/revistalaneta.com.mx\/index.php?rest_route=%2Fwp%2Fv2%2Fcomments&post=10220"}],"version-history":[{"count":1,"href":"http:\/\/revistalaneta.com.mx\/index.php?rest_route=\/wp\/v2\/posts\/10220\/revisions"}],"predecessor-version":[{"id":10221,"href":"http:\/\/revistalaneta.com.mx\/index.php?rest_route=\/wp\/v2\/posts\/10220\/revisions\/10221"}],"wp:featuredmedia":[{"embeddable":true,"href":"http:\/\/revistalaneta.com.mx\/index.php?rest_route=\/wp\/v2\/media\/10219"}],"wp:attachment":[{"href":"http:\/\/revistalaneta.com.mx\/index.php?rest_route=%2Fwp%2Fv2%2Fmedia&parent=10220"}],"wp:term":[{"taxonomy":"category","embeddable":true,"href":"http:\/\/revistalaneta.com.mx\/index.php?rest_route=%2Fwp%2Fv2%2Fcategories&post=10220"},{"taxonomy":"post_tag","embeddable":true,"href":"http:\/\/revistalaneta.com.mx\/index.php?rest_route=%2Fwp%2Fv2%2Ftags&post=10220"}],"curies":[{"name":"wp","href":"https:\/\/api.w.org\/{rel}","templated":true}]}}