{"id":1024,"date":"2022-09-30T02:50:59","date_gmt":"2022-09-30T02:50:59","guid":{"rendered":"http:\/\/revistalaneta.com.mx\/?p=1024"},"modified":"2022-09-30T02:51:31","modified_gmt":"2022-09-30T02:51:31","slug":"siguen-los-corajitos-en-el-congreso-del-estado","status":"publish","type":"post","link":"http:\/\/revistalaneta.com.mx\/?p=1024","title":{"rendered":"SIGUEN LOS \u201cCORAJITOS\u201d EN EL CONGRESO DEL ESTADO"},"content":{"rendered":"\n<p>Este jueves se iniciaron las negociaciones en el Congreso del Estado para celebrar la toma de protesta de Am\u00e9rico Villarreal Anaya en el recinto legislativo, esto luego de la ilegal suspensi\u00f3n de la sesi\u00f3n de la Comisi\u00f3n Permanente del mismo Congreso, por parte de la presidenta de la misma, Imelda Sanmiguel S\u00e1nchez, ante la mayor\u00eda de MORENA, que evidentemente podr\u00eda imponer sus condiciones. Y es que obviamente los diputados panistas siguen poniendo trabas a sus opositores, y se habla que incluso no asistir\u00edan a la toma de protesta de Am\u00e9rico, dizque para no darle validez a su asunci\u00f3n, olvid\u00e1ndose con esto que como representantes ciudadanos, deben cumplir con sus obligaciones pol\u00edticas, pero por lo visto siguen con el yugo del gobernador saliente. El caso es que si los panistas no van, se van a ver muy mal, y van a demostrar su inmadurez pol\u00edtica. Pero bueno, se espera que este viernes contin\u00faen las negociaciones, y as\u00ed el s\u00e1bado estar celebrado la toma de protesta de Am\u00e9rico en el Congreso del Estado, y m\u00e1s tarde el festejo de llegada al poder en el Recinto Ferial de Ciudad Victoria a partir de las 11 de la ma\u00f1ana.<\/p>\n\n\n\n<p>EL PRI S\u00cd VA A LA TOMA DE PROTESTA<br \/>Y en este tenor la fracci\u00f3n parlamentaria del Partido Revolucionario Institucional (PRI) que dirige Edgar Melhem Salinas, ya dej\u00f3 en claro que ellos s\u00ed van a cumplir con el deber pol\u00edtico y legal de asistir a la toma de protesta de Am\u00e9rico Villarreal Anaya, a la vez que manifest\u00f3 su respeto a la resoluci\u00f3n del Tribunal Electoral del Poder Judicial de la Federaci\u00f3n emitido el pasado mi\u00e9rcoles por la tarde. Igualmente hizo saber que una vez que inicie el nuevo per\u00edodo ordinario de sesiones del Congreso del Estado, esto a partir del 1 de octubre, el PRI habr\u00e1 de analizar concienzudamente las acciones a emprender, pues dijo que habr\u00e1 cosas en las que est\u00e9 de acuerdo con los legisladores emanados del nuevo gobierno, y en otras no, pero siempre anteponiendo el inter\u00e9s de los tamaulipecos. Y ojo, porque evidentemente el PRI va a ser factor determinante en las acciones legislativas, pues sus tres votos ser\u00e1n muy importantes. Bien por Melhem, que como pol\u00edtico de altos vuelos, no se deja llevar por el canto de las sirenas.<\/p>\n\n\n\n<p>RENUNCIA DE FUNCIONARIOS ESTATALES<br \/>Para este viernes se espera la renuncia de varios titulares de dependencias estatales, al ser justamente el \u00faltimo d\u00eda de la administraci\u00f3n de Francisco Garc\u00eda Cabeza de Vaca, a la cual pertenecieron. Y aunque no est\u00e1n obligados a renunciar, pues aun pueden quedarse hasta que lleguen sus reemplazos, por \u00e9tica la mayor\u00eda habr\u00e1 de dejar los cargos, seg\u00fan lo han hecho saber. De hecho se cree que la llegada de sus sucesores podr\u00eda tardar, pues es de entender que a partir de la semana entrante primero se van acomodar los secretarios, luego vendr\u00e1n las designaciones de directores, subdirectores y coordinadores a nivel estatal, y luego ya la de los puestos en los municipios, lo cual puede llevar de uno a tres meses. En lo que respecta al personal, ellos s\u00ed van a tener que esperar a ver si son reemplazados, o se quedan en sus puestos, seg\u00fan sus capacidades, pero eso ya depender\u00e1 de los nuevos jefes.<\/p>\n\n\n\n<p>NOMBRAN NUEVO DIRECTOR DE BIENESTAR SOCIAL<br \/>Javier Acebo Garza ha sido designado como nuevo director de Bienestar Social en el Gobierno Municipal de Nuevo Laredo que encabeza Carmen Lilia Canturosas Villarreal, en sustituci\u00f3n de Francisco Javier Altamirano Carrasco, quien dej\u00f3 el cargo para ocupar la regidur\u00eda que dej\u00f3 ac\u00e9fala Jorge Valdez Vargas ante su sensible fallecimiento. Acebo Garza viene de ser el titular del Centro Integral de Gesti\u00f3n y Atenci\u00f3n (CIGA), donde desempe\u00f1\u00f3 un gran papel, lo que le ha valido precisamente el ser considerado para esta nueva posici\u00f3n, en donde habr\u00e1 de trabajar de la mano con Leticia Meneses Camino, Secretaria de Bienestar Social. Pues a darle que es mole de olla.<\/p>\n\n\n\n<p>VIVIANO V\u00c1ZQUEZ RECONOCE A GOBIERNOS DE SU PARTIDO<br \/>Como una manera de reconocer a los gobiernos emanados de su partido, el PRI, el regidor Viviano V\u00e1zquez Mac\u00edas estamp\u00f3 en los vitrales de su cub\u00edculo, de la Sala de Regidores, im\u00e1genes de obras representativas de administraciones pasadas. As\u00ed pues figuran el Puente 3, construido en la administraci\u00f3n 1999-2001 que encabez\u00f3 Horacio Garza Garza; el Centro Cultural de Nuevo Laredo y la remodelaci\u00f3n de la Presidencia Municipal, obras celebradas en la administraci\u00f3n 2002-2004 que dirigi\u00f3 Jos\u00e9 Manuel Su\u00e1rez L\u00f3pez; la Nueva Ciudad Deportiva y la remodelaci\u00f3n del Parque Viveros, incluyendo el Zool\u00f3gico, que se efectuaron en la administraci\u00f3n 2005-2007 que comand\u00f3 Daniel Pe\u00f1a Trevi\u00f1o, y el Polyforum La Fe, obra cumbre de la administraci\u00f3n 2010-2013 que encabez\u00f3 Benjam\u00edn Galv\u00e1n G\u00f3mez. Viviano dijo que esto lo hizo a fin de que no se olvide lo que se hizo en los gobiernos del Revolucionario Institucional. As\u00ed pues Viviano es el \u00fanico regidor que le da identidad a su espacio.<\/p>\n\n\n\n<p>LALO ESPINOSA VA PARA CONSEJERO DE MORENA<br \/>Eduardo Espinosa Rodr\u00edguez se apresta a reemplazar al finado Jorge Valdez Vargas, como consejero del Movimiento de Regeneraci\u00f3n Nacional (MORENA) de Nuevo Laredo, y que como tal tendr\u00e1 representaci\u00f3n en las sesiones del Consejo Estatal y el Consejo Nacional de MORENA, respectivamente. Y es que tras la muerte de Valdez Vargas qued\u00f3 ac\u00e9fala una posici\u00f3n, que en este caso es de var\u00f3n, y por lo tanto debe ser cubierta por el var\u00f3n integrante de la f\u00f3rmula que haya quedado en la sexta posici\u00f3n de la votaci\u00f3n en la elecci\u00f3n interna de dicho partido celebrada el pasado 30 de julio, y en que precisamente se eligieron a los consejeros, y en este caso Lalo Espinosa es el involucrado, pues los consejeros no tienen suplentes. El mencionado forma parte del grupo morenista que encabeza Gast\u00f3n Herrera Arredondo, y que de esta manera ya estar\u00eda representado en dicho consejo, lo cual es bueno, considerando que es un grupo muy representativo al interior de MORENA.<\/p>\n\n\n\n<p>CUIDAN EMPRESAS DE GAS A SUS CLIENTES<br \/>Hacen bien las empresas Gas del Norte, Gas Elsa y Gas Lorhi en no surtir gas LP en cilindros en mal estado, ya que eso representa un serio riesgo para los usuarios. La principal caracter\u00edstica para no brindar el servicio es que el tanque est\u00e9 poroso, pues eso genera la fuga de gas y con ello el riesgo de una explosi\u00f3n que puede resultar catastr\u00f3fica. En ese sentido el personal de estas empresas hace saber a los clientes que lamentablemente no pueden dar el servicio, en tanto no cambien los cilindros. Obviamente hay gente que se molesta, e incluso se van a otras empresas donde carecen de escr\u00fapulos y si les llenan los tanques, sin importarles el riesgo a que los someten. Pero bueno en el caso de Gas del Norte, Gas Elsa y Gas Lorhi sabemos que son empresas socialmente responsables, adem\u00e1s de que siempre cargan las cantidades exactas de energ\u00e9tico, no como otras que le roban al cliente, porque lo que menos les importa, es el cliente.<\/p>\n\n\n\n<p>LO \u00daLTIMO<br \/>La empresa Medline ha instaurado un programa denominado \u201cContratab\u00fas\u201d, el cual mediante el uso de un camioncito, se instalan en diferentes partes de la ciudad, haciendo contrataciones de personal, y dicha contrataci\u00f3n es inmediata, pues en la misma unidad se les lleva a la empresa para que empiecen a laborar. Estas son parte de las acciones que las maquiladoras locales llevan a efecto a fin de conseguir personal, pues la mano de obra est\u00e1 muy escasa\u2026 Y en el Sindicato Local de Trabajadores de la Industria Maquiladora de Nuevo Laredo que dirige Luis Eduardo Mart\u00ednez L\u00f3pez, tambi\u00e9n se mantiene la Bolsa de Trabajo para los interesados en obtener alg\u00fan puesto laboral en las f\u00e1bricas, y donde por cierto se requiere alrededor de 3 mil trabajadores. As\u00ed de grande la necesidad de empleados\u2026 El Comandante Armando De la Torre Toledo, Titular de la Direcci\u00f3n de Tr\u00e1nsito y Vialidad, estuvo este jueves en la escuela primaria \u201cPedro J. M\u00e9ndez\u201d, a donde acudi\u00f3 a dar una pl\u00e1tica sobre cultura vial. Y la verdad es sorprendente la labor del mencionado, pues hace unos d\u00edas lo encontr\u00e9 \u00a1dirigiendo el tr\u00e1fico en un crucero! Esto independiente de que realizar tareas de patrullaje y est\u00e1 al pendiente de todo lo que ocurre en materia vial. Bien por \u201cEl Cuate\u201d De la Torre, muy buen funcionario.<\/p>\n","protected":false},"excerpt":{"rendered":"<p>Este jueves se iniciaron las negociaciones en el Congreso del Estado para celebrar la toma de protesta de Am\u00e9rico Villarreal Anaya en el recinto legislativo, esto luego de la ilegal &hellip; <a href=\"http:\/\/revistalaneta.com.mx\/?p=1024\" class=\"more-link\">Leer m\u00e1s<\/a><\/p>\n","protected":false},"author":1,"featured_media":1023,"comment_status":"open","ping_status":"open","sticky":false,"template":"","format":"standard","meta":{"footnotes":""},"categories":[2,3],"tags":[],"class_list":["post-1024","post","type-post","status-publish","format-standard","has-post-thumbnail","hentry","category-chismorreo","category-opinion","entry"],"_links":{"self":[{"href":"http:\/\/revistalaneta.com.mx\/index.php?rest_route=\/wp\/v2\/posts\/1024","targetHints":{"allow":["GET"]}}],"collection":[{"href":"http:\/\/revistalaneta.com.mx\/index.php?rest_route=\/wp\/v2\/posts"}],"about":[{"href":"http:\/\/revistalaneta.com.mx\/index.php?rest_route=\/wp\/v2\/types\/post"}],"author":[{"embeddable":true,"href":"http:\/\/revistalaneta.com.mx\/index.php?rest_route=\/wp\/v2\/users\/1"}],"replies":[{"embeddable":true,"href":"http:\/\/revistalaneta.com.mx\/index.php?rest_route=%2Fwp%2Fv2%2Fcomments&post=1024"}],"version-history":[{"count":1,"href":"http:\/\/revistalaneta.com.mx\/index.php?rest_route=\/wp\/v2\/posts\/1024\/revisions"}],"predecessor-version":[{"id":1025,"href":"http:\/\/revistalaneta.com.mx\/index.php?rest_route=\/wp\/v2\/posts\/1024\/revisions\/1025"}],"wp:featuredmedia":[{"embeddable":true,"href":"http:\/\/revistalaneta.com.mx\/index.php?rest_route=\/wp\/v2\/media\/1023"}],"wp:attachment":[{"href":"http:\/\/revistalaneta.com.mx\/index.php?rest_route=%2Fwp%2Fv2%2Fmedia&parent=1024"}],"wp:term":[{"taxonomy":"category","embeddable":true,"href":"http:\/\/revistalaneta.com.mx\/index.php?rest_route=%2Fwp%2Fv2%2Fcategories&post=1024"},{"taxonomy":"post_tag","embeddable":true,"href":"http:\/\/revistalaneta.com.mx\/index.php?rest_route=%2Fwp%2Fv2%2Ftags&post=1024"}],"curies":[{"name":"wp","href":"https:\/\/api.w.org\/{rel}","templated":true}]}}