{"id":10290,"date":"2024-02-10T19:07:45","date_gmt":"2024-02-10T19:07:45","guid":{"rendered":"http:\/\/revistalaneta.com.mx\/?p=10290"},"modified":"2024-02-10T19:08:06","modified_gmt":"2024-02-10T19:08:06","slug":"busca-pvem-cambios-de-ultima-hora-en-nuevo-laredo","status":"publish","type":"post","link":"http:\/\/revistalaneta.com.mx\/?p=10290","title":{"rendered":"BUSCA PVEM CAMBIOS DE \u00daLTIMA HORA EN NUEVO LAREDO"},"content":{"rendered":"\n<p><br>La designaci\u00f3n de la diputaci\u00f3n federal del Distrito 1 de Tamaulipas, correspondiente a Nuevo Laredo, por la denominada 4T, podr\u00eda tardar todav\u00eda m\u00e1s, debido a que se habla que el Partido Verde Ecologista de M\u00e9xico (PVEM) busca un acuerdo con el Movimiento de Regeneraci\u00f3n Nacional (MORENA) para cambiar la diputaci\u00f3n local del Distrito 2 con cabecera en Nuevo Laredo, que ya se le asign\u00f3, por la diputaci\u00f3n federal del Distrito 1, que tambi\u00e9n tiene cabecera en esta misma ciudad fronteriza. As\u00ed pues el Verde designar\u00eda candidato a la diputaci\u00f3n federal de nueva cuenta, aunque ahora postulando a un var\u00f3n, y sobre lo que mucho se habla que el elegido ser\u00eda el ex alcalde Carlos Canturosas Villarreal. Y as\u00ed la diputaci\u00f3n local, que inicialmente ser\u00eda siglada por el Verde, se le dar\u00eda a MORENA. Pues a ver si les alcanza el tiempo, porque tienen hasta el mi\u00e9rcoles para hacer los cambios correspondientes.<\/p>\n\n\n\n<p>NUEVO ESPALDARAZO DE L\u00d3PEZ OBRADOR A AM\u00c9RICO<br \/>De nueva cuenta el presidente Andr\u00e9s Manuel L\u00f3pez Obrador volvi\u00f3 a darle espaldarazo al gobernador de Tamaulipas, Am\u00e9rico Villarreal Anaya, al asegurar que \u201cse pasan\u201d quienes quieren comparar el actual actuar del mandatario estatal, con el de la anterior administraci\u00f3n. Esto se dio luego de que en la conferencia ma\u00f1anera de este viernes AMLO criticara que haya quienes pretenden hacer dicha comparaci\u00f3n, y dijo expresamente, \u201cte imaginas, el doctor Am\u00e9rico, que es un hombre \u00edntegro, \u00bfc\u00f3mo se va a comparar con el gobernador anterior?\u201d Y s\u00ed, efectivamente, no hay punto de comparaci\u00f3n.<\/p>\n\n\n\n<p>DESMIENTE X\u00d3CHITL G\u00c1LVEZ A CABEZA DE VACA<br \/>Vaya desmentida que le ha dado la aspirante a la Presidencia de la Rep\u00fablica por la coalici\u00f3n PAN-PRI-PRD, X\u00f3chitl G\u00e1lvez Ruiz, al ex gobernador de Tamaulipas, Francisco Garc\u00eda Cabeza de Vaca, al decir que no tuvo ninguna reuni\u00f3n con \u00e9l en los Estados Unidos, como el ex mandatario estatal asegur\u00f3. De esta forma X\u00f3chitl G\u00e1lvez exhibi\u00f3 como mentiroso a Cabeza de Vaca, quien el pasado martes subi\u00f3 una foto con X\u00f3chitl, asegurando que se hab\u00eda reunido con ella en el vecino pa\u00eds, cuando la realidad es que X\u00f3chitl ni lo pela, tan es as\u00ed que lo elimin\u00f3 de su grupo de asesores.<\/p>\n\n\n\n<p>OFRECE EL MC CANDIDATURA AL \u201cMOCHILAS\u201d<br \/>Parece ser que por fin se le va hacer al famoso \u201cMochilas\u201d, el bolero de la Presidencia Municipal, ser candidato a un puesto de elecci\u00f3n popular. Y es que dirigentes del partido Movimiento Ciudadano (MC) le est\u00e1n ofreciendo una candidatura, claro con el objetivo de aprovechar su popularidad, pues en este sentido mi tocayo Juan Nieto es m\u00e1s conocido que el monumento a Los Fundadores, que tiene frente a su escenario de trabajo. Nada tontos los del MC. Aqu\u00ed la \u00fanica bronca es que a la mejor los que est\u00e1n proponiendo la nominaci\u00f3n, tal vez ni siquiera vayan a tener invitaci\u00f3n a la propia fiesta que andan armando.<\/p>\n\n\n\n<p>ZOOL\u00d3GICO DEBE PROMOVERSE M\u00c1S<br \/>La verdad no se entiende como es que los directivos del Zool\u00f3gico de Nuevo Laredo no han desplegado una intensa promoci\u00f3n de dicho centro recreativo, una vez que este ha sido remodelado y obviamente se encuentra mucho mejor que como estaba, con m\u00e1s y mejores atractivos. De hecho hasta deber\u00edan aprovechar la intensa publicidad que se le est\u00e1 dando al Laredo Safari and Adventure Park de la vecina ciudad de Laredo, Texas, para posicionar al zool\u00f3gico local, partiendo del hecho de que de aquel lado del r\u00edo cobran 60 d\u00f3lares la entrada, mientras que en el zoo de esta ciudad la entrada solo cuesta 30 pesos, y la verdad no hay mucho que envidiarle al zool\u00f3gico gabacho.<\/p>\n\n\n\n<p>REGRESA LA NOCHE ES TUYA<br \/>Regresa el programa \u201cLa Noche es Tuya\u201d a la sinton\u00eda de Stereo 91, luego de casi un mes de ausencia, por situaciones de salud de su titular, Arturo Castro, y que por fortuna ha logrado salvar. Y es que dicho programa nocturno, que se trasmite de 8 a 11 de la noche en el 91.3 de FM, tiene una gran audiencia, y muchos ya estaban preguntando el motivo de que ya no estuviera al aire, aunque previamente Arturo dio a conocer que estar\u00edan fuera de la onda radiof\u00f3nica por cierto tiempo. Pero regresa Arturo y todo su equipo, con renovados br\u00edos, por lo que estaremos atentos a dicho programa, donde normalmente tratan una gran variedad de tema al m\u00e1s puro estilo de sus colaboradores. Sea pues.<\/p>\n\n\n\n<p>LO PEN\u00daLTIMO<br \/>El MVZ D\u00e1maso Leonardo Anaya Alvarado tom\u00f3 protesta como Rector de la Universidad Aut\u00f3noma de Tamaulipas (UAT) para el per\u00edodo 2024-2028, esto luego de que la Asamblea Universitaria de la m\u00e1xima casa de estudios de la entidad lo declarara como ganador de la contienda interna celebrada el pasado mi\u00e9rcoles 7 de febrero, tras su contundente triunfo\u2026. Este s\u00e1bado a las dos de la tarde est\u00e1 programada la reapertura del renovado parque Viveros, por parte de la alcaldesa Carmen Lilia Canturosas Villarreal. Habr\u00e1 m\u00fasica y shows en vivo. Todos est\u00e1n invitados a dicho evento\u2026 Y para concluir unos cuantos chistecillos para no perder la costumbre del fin de semana\u2026 Tambi\u00e9n este s\u00e1bado se estar\u00e1 realizando en Nuevo Laredo el ya tradicional Bazar UNE edici\u00f3n San Valent\u00edn en la plaza Zaragoza frente a la Catedral del Esp\u00edritu Santo, en horario de dos a siete de la tarde. Habr\u00e1 una gran cantidad de emprendedores ofreciendo variados productos relativos al D\u00eda de los Enamorados, que oficialmente se celebrar\u00e1 el pr\u00f3ximo mi\u00e9rcoles.<\/p>\n\n\n\n<p>HUMOR NEGRO<\/p>\n\n\n\n<ul class=\"wp-block-list\">\n<li>Una madre le dice a su hija ciega: si te vuelves a portar mal, te cambio los muebles de lugar.<\/li>\n\n\n\n<li>A mis familiares mayores les gustaba burlarse de m\u00ed en las bodas, diciendo que ser\u00eda el siguiente. Pero dejaron de hacerlo cuando empec\u00e9 a hacer lo mismo en los funerales.<\/li>\n\n\n\n<li>Estaba cavando un hoyo en nuestro jard\u00edn y encontr\u00e9 un cofre lleno de monedas de oro. Quer\u00eda ir corriendo a casa a cont\u00e1rselo a mi marido. Entonces record\u00e9 por qu\u00e9 estaba cavando un hoyo en nuestro jard\u00edn.<\/li>\n\n\n\n<li>Un hombre va a la biblioteca y pide un libro sobre c\u00f3mo suicidarse. El bibliotecario le dice: no te lo dejo, que luego no lo devuelves.<\/li>\n\n\n\n<li>Quiero morir mientras duermo, como mi abuelo. No gritando, como los pasajeros de su avi\u00f3n.<\/li>\n<\/ul>\n\n\n\n<p>BOBADAS<\/p>\n\n\n\n<ul class=\"wp-block-list\">\n<li>Un borracho le env\u00eda un mensaje a su esposa: \u201cAmor, llego en 30 minutos. Si no he llegado vuelve a leer el mensaje\u201d.<\/li>\n\n\n\n<li>Anuncio en el peri\u00f3dico: Hombre invisible busca a mujer transparente para hacer cosas nunca vistas.<\/li>\n\n\n\n<li>Cuando quiero saber qu\u00e9 cosas me faltan por hacer, me tumbo en el sof\u00e1 con el m\u00f3vil y mi mujer enseguida me las recuerda.<\/li>\n\n\n\n<li>\u00bfPor qu\u00e9 los adivinos no pueden tener hijos? Porque tienen las bolas de cristal.<\/li>\n\n\n\n<li>\u00bfQu\u00e9 le dice un techo a otro? Techo de menos.<\/li>\n\n\n\n<li>\u00bfSabes d\u00f3nde van las pulgas cuando se mueren? Al pulgatorio.<\/li>\n\n\n\n<li>Una vez cont\u00e9 un chiste qu\u00edmico\u2026 pero no hubo reacci\u00f3n.<\/li>\n\n\n\n<li>Conoc\u00ed a mi novia en un ascensor. Dice que soy el amor de subida.<\/li>\n<\/ul>\n","protected":false},"excerpt":{"rendered":"<p>La designaci\u00f3n de la diputaci\u00f3n federal del Distrito 1 de Tamaulipas, correspondiente a Nuevo Laredo, por la denominada 4T, podr\u00eda tardar todav\u00eda m\u00e1s, debido a que se habla que el &hellip; <a href=\"http:\/\/revistalaneta.com.mx\/?p=10290\" class=\"more-link\">Leer m\u00e1s<\/a><\/p>\n","protected":false},"author":1,"featured_media":10289,"comment_status":"open","ping_status":"open","sticky":false,"template":"","format":"standard","meta":{"footnotes":""},"categories":[2,3],"tags":[],"class_list":["post-10290","post","type-post","status-publish","format-standard","has-post-thumbnail","hentry","category-chismorreo","category-opinion","entry"],"_links":{"self":[{"href":"http:\/\/revistalaneta.com.mx\/index.php?rest_route=\/wp\/v2\/posts\/10290","targetHints":{"allow":["GET"]}}],"collection":[{"href":"http:\/\/revistalaneta.com.mx\/index.php?rest_route=\/wp\/v2\/posts"}],"about":[{"href":"http:\/\/revistalaneta.com.mx\/index.php?rest_route=\/wp\/v2\/types\/post"}],"author":[{"embeddable":true,"href":"http:\/\/revistalaneta.com.mx\/index.php?rest_route=\/wp\/v2\/users\/1"}],"replies":[{"embeddable":true,"href":"http:\/\/revistalaneta.com.mx\/index.php?rest_route=%2Fwp%2Fv2%2Fcomments&post=10290"}],"version-history":[{"count":1,"href":"http:\/\/revistalaneta.com.mx\/index.php?rest_route=\/wp\/v2\/posts\/10290\/revisions"}],"predecessor-version":[{"id":10291,"href":"http:\/\/revistalaneta.com.mx\/index.php?rest_route=\/wp\/v2\/posts\/10290\/revisions\/10291"}],"wp:featuredmedia":[{"embeddable":true,"href":"http:\/\/revistalaneta.com.mx\/index.php?rest_route=\/wp\/v2\/media\/10289"}],"wp:attachment":[{"href":"http:\/\/revistalaneta.com.mx\/index.php?rest_route=%2Fwp%2Fv2%2Fmedia&parent=10290"}],"wp:term":[{"taxonomy":"category","embeddable":true,"href":"http:\/\/revistalaneta.com.mx\/index.php?rest_route=%2Fwp%2Fv2%2Fcategories&post=10290"},{"taxonomy":"post_tag","embeddable":true,"href":"http:\/\/revistalaneta.com.mx\/index.php?rest_route=%2Fwp%2Fv2%2Ftags&post=10290"}],"curies":[{"name":"wp","href":"https:\/\/api.w.org\/{rel}","templated":true}]}}