{"id":103,"date":"2022-08-05T16:18:32","date_gmt":"2022-08-05T16:18:32","guid":{"rendered":"http:\/\/revistalaneta.com.mx.previewc75.carrierzone.com\/?p=103"},"modified":"2022-08-10T16:19:37","modified_gmt":"2022-08-10T16:19:37","slug":"mis-corajes-en-mcdonalds","status":"publish","type":"post","link":"http:\/\/revistalaneta.com.mx\/?p=103","title":{"rendered":"Mis corajes en McDonald&#8217;s"},"content":{"rendered":"\n<p>Este jueves nuevamente fui a un McDonald\u00b4s a hacer corajes. Cada vez que voy a algunos de esos restaurantes, voy a hacer corajes, pero de terco all\u00ed voy. Y es que no lo puedo negar, me gustan mucho los hot-cakes y caf\u00e9 que ah\u00ed venden, y el Big Mac es una de mis principales delicias. Pero como casi siempre pasa, el servicio en los McDonald\u00b4s es por dem\u00e1s p\u00e9simo, porque cuando no hay una cosa, no hay otra, o te sirven algo como no lo pediste, o te dan lo que ellos quieren, o simple y sencillamente se les olvida darte algo, y total que uno no puede disfrutar a gusto sus alimentos. Lo bueno es que en esta ocasi\u00f3n fui con mi compa\u00f1ero y amigo, Mario Portillo, quien fue testigo de mis constantes quejas al respecto, y sobre todo fue testigo de como otros comensales se quejaron tambi\u00e9n del mal servicio que les brindaron en ese McDonald\u00b4s, que para el caso es el que est\u00e1 en Soriana Reforma, y que aprovecharon mi manifiesto encono, para a su vez hacer patente el suyo, ante la azorada cara de los chamacos que no daban cr\u00e9dito a que nos estuvi\u00e9ramos inconformando, por su mal servicio. Lo siento, pero yo siempre me voy a quejar de los sitios con mal servicio, y los McDonald\u00b4s de Nuevo Laredo son de esos, porque en el de C\u00e9sar L\u00f3pez de Lara y Venezuela, tambi\u00e9n est\u00e1n igual. Mejoren, por favor.<\/p>\n\n\n\n<p>FIRMA CLCR IMPORTANTE CONVENIO CON JALISCO<br \/>Con el firme prop\u00f3sito de fortalecer el intercambio comercial, de negocios y tur\u00edstico, aprovechando las ventajas competitivas, el Gobierno Municipal de Nuevo Laredo y el Gobierno del Estado de Jalisco firmaron el Acuerdo Interinstitucional de Hermanamiento, que formaliza una nueva era de colaboraci\u00f3n entre ambas regiones, como referentes en desarrollo econ\u00f3mico a nivel nacional. Tal acuerdo fue signado en la ciudad de Guadalajara por la Presidenta Municipal de Nuevo Laredo, Carmen Lilia Canturosas Villarreal, as\u00ed como por Xavier Orend\u00e1in De Obeso, coordinador del Gabinete Econ\u00f3mico del Gobierno de Jalisco y Luis Roberto Arechederra Pacheco, Secretario de Desarrollo Econ\u00f3mico de Jalisco (SEDECO). Al respecto la alcaldesa neolaredense manifest\u00f3 que la firma de dicho convenio crea acuerdos interinstitucionales de hermanamiento que sin lugar a dudas detonar\u00e1 en grandes proyectos en beneficio de la competitividad de ambas partes.<\/p>\n\n\n\n<p>UN GRAN ACUERDO<br \/>En este sentido cabe apuntar que Claudia Villarruel Enr\u00edquez, directora de Comercio Exterior de la Secretar\u00eda de Desarrollo Econ\u00f3mico de Jalisco, destac\u00f3 la importancia del corredor log\u00edstico que se har\u00e1 con Nuevo Laredo, el cual calific\u00f3 \u201cnatural e indispensable para M\u00e9xico y Estados Unidos\u201d. Al respecto explic\u00f3 que Jalisco cuenta con 5 mil productos exportables y la mayor\u00eda se mueve a trav\u00e9s de Nuevo Laredo, que es el puerto n\u00famero uno para M\u00e9xico y ese estado para operaciones de comercio exterior. Asimismo destac\u00f3 que Jalisco tiene el quinto lugar nacional en operaciones de comercio exterior que se mueven a trav\u00e9s de Nuevo Laredo y Manzanillo, con un total de 30 mil millones de d\u00f3lares anuales, en una relaci\u00f3n de negocios con 180 pa\u00edses. El acuerdo est\u00e1 integrado por nueve temas donde se destaca el impulso al comercio exterior, generaci\u00f3n de intercambio y promoci\u00f3n tur\u00edstica, promoci\u00f3n del comercio local a trav\u00e9s de ferias y exposiciones, promover la conexi\u00f3n a\u00e9rea entre Guadalajara y Nuevo Laredo, promover las inversiones de empresarios locales, el desarrollo de cadenas de suministro, entre otros. En el evento la alcaldesa estuvo acompa\u00f1ada por el regidor Viviano V\u00e1zquez Mac\u00edas, presidente de la Comisi\u00f3n de Desarrollo Econ\u00f3mico del Cabildo de Nuevo Laredo, y otras autoridades.<\/p>\n\n\n\n<p>POCOS VEH\u00cdCULOS A NACIONALIZAR<br \/>Si de acuerdo a lo que se ha dicho hasta el momento en torno a la legalizaci\u00f3n de carros americanos, en sentido de que a diario, y solo se lunes a viernes, se van atender 64 tr\u00e1mites diarios en los dos carriles que se tienen disponibles, y que solo se tienen agendadas de momento citas hasta el 20 de septiembre, pues entonces estamos hablando que solo se dar\u00e1 el servicio por 34 d\u00edas, que multiplicados por los 64 tr\u00e1mites diarios, ser\u00e1n entonces 2 mil 176 los veh\u00edculos a nacionalizar hasta esa fecha, que la verdad son muy pocos para la enorme cantidad de personas que pretenden obtener dicho beneficio, y que se calcula son m\u00e1s de 20 mil. No obstante se ha dicho que tal vez en unos cuantos d\u00edas se abran tres carriles m\u00e1s, y se agenden m\u00e1s tramites, y ojal\u00e1 as\u00ed sea, porque la verdad es mucha la demanda de este beneficio. Por mientras y por lo tanto este jueves salieron las primeras nacionalizaciones, a la vez que la p\u00e1gina para el registro se satur\u00f3 por completo, lo que gener\u00f3 que muchos no pudieran entrar, o incluso completar tal registro.<\/p>\n\n\n\n<p>MALA ADMINISTRACI\u00d3N EN LA NUEVA AUTOPISTA<br \/>Sigue la mala administraci\u00f3n en la caseta de peaje de la nueva autopista del Kil\u00f3metro 26 a La Gloria, pues la actual titular de plano no puede con el paquete, prueba de ello es que no cumple con algo tan f\u00e1cil como abrir suficientes casetas para cobrar el peaje, lo que genera enormes congestionamientos viales, principalmente de quienes provienen de Monterrey. Ayer se reportaron filas de hasta un kil\u00f3metro antes de llegar a las casetas de cobros, y todo porque solo estaba en funcionamiento un m\u00f3dulo. Tanto que sangran por el uso de dicho camino y no tienen suficiente personal.<\/p>\n\n\n\n<p>M\u00c1S QUEJAS DEL ALZA DE PRECIOS<br \/>El presidente del Consejo de Instituciones de Nuevo Laredo, Fernando Rodr\u00edguez Garza, critic\u00f3 la escalada de precios que se sigue registrando en los productos de la canasta b\u00e1sica, a la vez que lament\u00f3 que no se ve para cuando vaya a cesar esta situaci\u00f3n, pues el panorama para el 2023 no es muy alentador que digamos, toda vez que se estima que continuar\u00e1 la crisis econ\u00f3mica. Lament\u00f3 que se pretenda aplicar un nuevo aumento en el precio de la tortilla, que es de los alimentos m\u00e1s b\u00e1sicos, y dijo que de llevarse a efecto repercutir\u00e1 mucho en restaurantes y otros negocios. Y bueno, no nada m\u00e1s la tortilla, pues de hecho todo sigue subiendo de precio. Baste decir que hay un supermarcado que anuncia el precio del kilo de pollo \u201cen oferta\u201d a 33 pesos, cantidad, siendo que hasta el a\u00f1o pasado oscilaba en los 22 pesos el kilo.<\/p>\n\n\n\n<p>LA UAT, A LA VANGUARDIA EN LA TECNOLOG\u00cdA<br \/>A trav\u00e9s de un video titulado Mis primeros pasos como cient\u00edfico, investigadores de la Universidad Aut\u00f3noma de Tamaulipas (UAT) est\u00e1n dando a conocer el Laboratorio de Antenas y Radiofrecuencias de la Unidad Acad\u00e9mica Multidisciplinaria Reynosa Rodhe. Dicho video tiene el objetivo de divulgar el quehacer de ese laboratorio universitario, y con el cual se busca promover este espacio de investigaci\u00f3n cient\u00edfica y tecnol\u00f3gica dirigido a las necesidades del sector industrial y maquilador de la zona, as\u00ed como de la comunidad cient\u00edfica en el \u00e1rea de antenas y radiocomunicaciones. Esto forma parte de las tantas acciones que lleva a cabo la UAT en beneficio de su comunidad escolar, y de la sociedad en general.<\/p>\n\n\n\n<p>LO \u00daLTIMO<br \/>Muchas felicidades al ex alcalde Horacio Garza Garza, quien este viernes est\u00e1 cumpliendo un a\u00f1o m\u00e1s de vida. \u00a1Enhorabuena!\u2026 Muy agasajada por el personal de Bienestar Social Municipal estuvo la secretaria de dicha dependencia, Leticia Meneses Camino, con motivo de su onom\u00e1stico. Y no es para menos, ya que Lety es muy buena onda con su gente\u2026 El equipo de b\u00e9isbol Tecolotes logr\u00f3 ganar su serie n\u00famero 22 de la presente temporada, y siguen en gran camino con rumbo a los play offs, a los cuales sobra decir, ya est\u00e1n calificados. \u00bfTendremos equipo campe\u00f3n en los Dos Laredos en este 2022? Ojal\u00e1 as\u00ed sea.<\/p>\n","protected":false},"excerpt":{"rendered":"<p>Este jueves nuevamente fui a un McDonald\u00b4s a hacer corajes. Cada vez que voy a algunos de esos restaurantes, voy a hacer corajes, pero de terco all\u00ed voy. Y es &hellip; <a href=\"http:\/\/revistalaneta.com.mx\/?p=103\" class=\"more-link\">Leer m\u00e1s<\/a><\/p>\n","protected":false},"author":1,"featured_media":102,"comment_status":"open","ping_status":"open","sticky":false,"template":"","format":"standard","meta":{"footnotes":""},"categories":[2,3],"tags":[],"class_list":["post-103","post","type-post","status-publish","format-standard","has-post-thumbnail","hentry","category-chismorreo","category-opinion","entry"],"_links":{"self":[{"href":"http:\/\/revistalaneta.com.mx\/index.php?rest_route=\/wp\/v2\/posts\/103","targetHints":{"allow":["GET"]}}],"collection":[{"href":"http:\/\/revistalaneta.com.mx\/index.php?rest_route=\/wp\/v2\/posts"}],"about":[{"href":"http:\/\/revistalaneta.com.mx\/index.php?rest_route=\/wp\/v2\/types\/post"}],"author":[{"embeddable":true,"href":"http:\/\/revistalaneta.com.mx\/index.php?rest_route=\/wp\/v2\/users\/1"}],"replies":[{"embeddable":true,"href":"http:\/\/revistalaneta.com.mx\/index.php?rest_route=%2Fwp%2Fv2%2Fcomments&post=103"}],"version-history":[{"count":1,"href":"http:\/\/revistalaneta.com.mx\/index.php?rest_route=\/wp\/v2\/posts\/103\/revisions"}],"predecessor-version":[{"id":104,"href":"http:\/\/revistalaneta.com.mx\/index.php?rest_route=\/wp\/v2\/posts\/103\/revisions\/104"}],"wp:featuredmedia":[{"embeddable":true,"href":"http:\/\/revistalaneta.com.mx\/index.php?rest_route=\/wp\/v2\/media\/102"}],"wp:attachment":[{"href":"http:\/\/revistalaneta.com.mx\/index.php?rest_route=%2Fwp%2Fv2%2Fmedia&parent=103"}],"wp:term":[{"taxonomy":"category","embeddable":true,"href":"http:\/\/revistalaneta.com.mx\/index.php?rest_route=%2Fwp%2Fv2%2Fcategories&post=103"},{"taxonomy":"post_tag","embeddable":true,"href":"http:\/\/revistalaneta.com.mx\/index.php?rest_route=%2Fwp%2Fv2%2Ftags&post=103"}],"curies":[{"name":"wp","href":"https:\/\/api.w.org\/{rel}","templated":true}]}}