{"id":1033,"date":"2022-10-01T21:34:01","date_gmt":"2022-10-01T21:34:01","guid":{"rendered":"http:\/\/revistalaneta.com.mx\/?p=1033"},"modified":"2022-10-01T21:34:22","modified_gmt":"2022-10-01T21:34:22","slug":"designa-americo-a-secretarios-de-seguridad-publica-y-general-de-gobierno","status":"publish","type":"post","link":"http:\/\/revistalaneta.com.mx\/?p=1033","title":{"rendered":"Designa Am\u00e9rico a Secretarios de Seguridad P\u00fablica y General de Gobierno"},"content":{"rendered":"\n<p><\/p>\n\n\n\n<p>Cd. Victoria, Tamps.- El Gobernador Am\u00e9rico Villarreal Anaya entreg\u00f3 esta ma\u00f1ana los primeros nombramientos de su gabinete estatal al Secretario de Seguridad P\u00fablica y al Secretario General de Gobierno.<\/p>\n\n\n\n<p>Tras rendir protesta en el Congreso del Estado, el mandatario tamaulipeco se traslad\u00f3 a la Torre Bicentenario en donde entreg\u00f3 el nombramiento como Secretario de Seguridad P\u00fablica al General de Brigada Diplomado de Estado Mayor Retirado Sergio Hernando Ch\u00e1vez Garc\u00eda.<\/p>\n\n\n\n<p>Como Subsecretario de Seguridad P\u00fablica design\u00f3 al General de Brigada Diplomado de Estado Mayor Alex Melgarejo Torres.<\/p>\n\n\n\n<p>El General Ch\u00e1vez Garc\u00eda, naci\u00f3 en 1956, en Salvatierra, en Guanajuato, y cuenta con carrera militar al tener el cargo de General Brigada Diplomado de Estado Mayor.<\/p>\n\n\n\n<p>Se desempe\u00f1\u00f3 como Subsecretario de Seguridad P\u00fablica del Estado de M\u00e9xico del 2018 a junio del 2022.<\/p>\n\n\n\n<p>El Gobernador Am\u00e9rico Villarreal tambi\u00e9n entreg\u00f3 el nombramiento como Secretario General de Gobierno, al Licenciado H\u00e9ctor Joel Villegas Gonz\u00e1lez.<\/p>\n\n\n\n<p>Villegas Gonz\u00e1lez, estudi\u00f3 la licenciatura de Comercio Internacional en el Instituto Internacional de Estudios Superiores de Reynosa Tamaulipas.<\/p>\n\n\n\n<p>Desde su egreso labor\u00f3 en la Administraci\u00f3n P\u00fablica Federal como Jefe de Secci\u00f3n de Especialistas Hacendarios del Sistema de Administraci\u00f3n Tributaria de la Secretar\u00eda de Hacienda y Cr\u00e9dito P\u00fablico hasta el a\u00f1o 2018, cuando fue invitado a participar como candidato a la diputaci\u00f3n federal en el proyecto de naci\u00f3n de esta Cuarta Transformaci\u00f3n donde obtuvo el triunfo por mayor\u00eda relativa.<\/p>\n\n\n\n<p>Fue Diputado Federal en la LXIV legislatura y se desempe\u00f1aba como Presidente Municipal de R\u00edo Bravo, Tamaulipas.<\/p>\n","protected":false},"excerpt":{"rendered":"<p>Cd. Victoria, Tamps.- El Gobernador Am\u00e9rico Villarreal Anaya entreg\u00f3 esta ma\u00f1ana los primeros nombramientos de su gabinete estatal al Secretario de Seguridad P\u00fablica y al Secretario General de Gobierno. Tras &hellip; <a href=\"http:\/\/revistalaneta.com.mx\/?p=1033\" class=\"more-link\">Leer m\u00e1s<\/a><\/p>\n","protected":false},"author":1,"featured_media":1032,"comment_status":"open","ping_status":"open","sticky":false,"template":"","format":"standard","meta":{"footnotes":""},"categories":[7,8],"tags":[],"class_list":["post-1033","post","type-post","status-publish","format-standard","has-post-thumbnail","hentry","category-ciudad-victoria","category-tamaulipas-sur","entry"],"_links":{"self":[{"href":"http:\/\/revistalaneta.com.mx\/index.php?rest_route=\/wp\/v2\/posts\/1033","targetHints":{"allow":["GET"]}}],"collection":[{"href":"http:\/\/revistalaneta.com.mx\/index.php?rest_route=\/wp\/v2\/posts"}],"about":[{"href":"http:\/\/revistalaneta.com.mx\/index.php?rest_route=\/wp\/v2\/types\/post"}],"author":[{"embeddable":true,"href":"http:\/\/revistalaneta.com.mx\/index.php?rest_route=\/wp\/v2\/users\/1"}],"replies":[{"embeddable":true,"href":"http:\/\/revistalaneta.com.mx\/index.php?rest_route=%2Fwp%2Fv2%2Fcomments&post=1033"}],"version-history":[{"count":1,"href":"http:\/\/revistalaneta.com.mx\/index.php?rest_route=\/wp\/v2\/posts\/1033\/revisions"}],"predecessor-version":[{"id":1034,"href":"http:\/\/revistalaneta.com.mx\/index.php?rest_route=\/wp\/v2\/posts\/1033\/revisions\/1034"}],"wp:featuredmedia":[{"embeddable":true,"href":"http:\/\/revistalaneta.com.mx\/index.php?rest_route=\/wp\/v2\/media\/1032"}],"wp:attachment":[{"href":"http:\/\/revistalaneta.com.mx\/index.php?rest_route=%2Fwp%2Fv2%2Fmedia&parent=1033"}],"wp:term":[{"taxonomy":"category","embeddable":true,"href":"http:\/\/revistalaneta.com.mx\/index.php?rest_route=%2Fwp%2Fv2%2Fcategories&post=1033"},{"taxonomy":"post_tag","embeddable":true,"href":"http:\/\/revistalaneta.com.mx\/index.php?rest_route=%2Fwp%2Fv2%2Ftags&post=1033"}],"curies":[{"name":"wp","href":"https:\/\/api.w.org\/{rel}","templated":true}]}}