{"id":1036,"date":"2022-10-01T21:37:10","date_gmt":"2022-10-01T21:37:10","guid":{"rendered":"http:\/\/revistalaneta.com.mx\/?p=1036"},"modified":"2022-10-01T21:37:53","modified_gmt":"2022-10-01T21:37:53","slug":"llama-americo-a-desterrar-la-corrupcion-y-poner-fin-al-saqueo","status":"publish","type":"post","link":"http:\/\/revistalaneta.com.mx\/?p=1036","title":{"rendered":"Llama Am\u00e9rico a desterrar la corrupci\u00f3n y poner fin al saqueo"},"content":{"rendered":"\n<p><\/p>\n\n\n\n<p>Ciudad Victoria, Tamps.- Al protestar ante el pueblo como gobernador de Tamaulipas, Am\u00e9rico Villarreal Anaya, llam\u00f3 a regenerar la vida p\u00fablica, desterrando la corrupci\u00f3n, y poner fin al saqueo.<\/p>\n\n\n\n<p>\u201cEs tiempo de darnos la mano, dar inicio a la transformaci\u00f3n y a la verdadera alternancia\u201d, se\u00f1al\u00f3.<\/p>\n\n\n\n<p>Indic\u00f3 que la llegada del Gobierno de la Transformaci\u00f3n coincide con el ocaso del saqueo y la traici\u00f3n a la sociedad tamaulipeca que colocaron al estado en una grav\u00edsima decadencia.<\/p>\n\n\n\n<p>Luego de tomar protesta ante el pueblo de Tamaulipas congregado en el Recinto Ferial de esta capital, el mandatario estatal expres\u00f3 que la agenda para la transformaci\u00f3n necesita aliviar tensiones, necesita civismo, tolerancia, pol\u00edtica de altura.<\/p>\n\n\n\n<p>\u201cComo lo promet\u00ed, conducir\u00e9 el gobierno inspirado en el humanismo. Gobernar\u00e9 para todos y todas, pero dando preferencia a los m\u00e1s necesitados. Nos guiaremos por el principio que dice: por el bien de todos, primero los pobres\u201d, reiter\u00f3.<\/p>\n\n\n\n<p>\u201cDebido a su incompetencia, a su hipocres\u00eda y a su deshonestidad dejaron a Tamaulipas no s\u00f3lo en una crisis por la debilidad de sus finanzas, sino por la bancarrota moral en la que concluyeron su mandato&#8221;.<\/p>\n\n\n\n<p>&#8220;Todo eso qued\u00f3 atr\u00e1s. Pero no sus consecuencias. Donde encontremos conductas ilegales o desv\u00edo de los recursos p\u00fablicos simple y llanamente, el castigo que marca la ley\u201d, advirti\u00f3.<\/p>\n\n\n\n<p>Al dirigirse al Secretario de Gobernaci\u00f3n, Ad\u00e1n Augusto L\u00f3pez Hern\u00e1ndez, quien asisti\u00f3 con la representaci\u00f3n del presidente de la Rep\u00fablica, Andr\u00e9s Manuel L\u00f3pez Obrador, el Gobernador Villarreal Anaya se comprometi\u00f3 a sincronizar esfuerzos con los tres \u00f3rdenes de gobierno.<\/p>\n\n\n\n<p>\u201cTamaulipas inicia as\u00ed, una nueva etapa de colaboraci\u00f3n, positiva y respetuosa con el gobierno federal\u201d, agreg\u00f3.<\/p>\n\n\n\n<p>Asimismo agradeci\u00f3 al presidente L\u00f3pez Obrador todo su respaldo y sus repetidas expresiones de afecto al pueblo de Tamaulipas.<\/p>\n\n\n\n<p>\u201cTenga la seguridad que mis acciones como gobernador de Tamaulipas reflejar\u00e1n siempre el apoyo incondicional a su persona, a su lucha por la regeneraci\u00f3n de nuestra vida p\u00fablica y a la noble causa de servir a la naci\u00f3n como usted lo hace\u201d.<\/p>\n\n\n\n<p>OFRECE DEPURAR LAS CORPORACIONES POLICIACAS; HABR\u00c1 GUARDIA ESTATAL<\/p>\n\n\n\n<p>Durante su discurso, reconoci\u00f3 que el Gobierno del Estado tiene el gran desaf\u00edo de garantizar la paz y la tranquilidad, pues la seguridad sigue siendo la exigencia m\u00e1s recurrente de la sociedad tamaulipeca, por lo cual anunci\u00f3 que se depurar\u00e1n las corporaciones y se crear\u00e1 la Guardia Estatal para convertirla en una instituci\u00f3n de seguridad moderna, disciplinada y eficiente, caracterizada por el uso racional de la fuerza y el respeto total a los derechos humanos.<\/p>\n\n\n\n<p>\u201cEn Tamaulipas nunca m\u00e1s un cuerpo de seguridad ser\u00e1 usado para perseguir a nadie por razones pol\u00edticas para despojarlo de sus bienes o para reprimir gente inocente\u201d, indic\u00f3.<\/p>\n\n\n\n<p>En una amplia exposici\u00f3n de las acciones y proyectos que se pondr\u00e1n en marcha desde el primer d\u00eda de su gobierno en materia econ\u00f3mica, de bienestar, educaci\u00f3n y salud, el Gobernador puntualiz\u00f3 que su esperanza est\u00e1 puesta en la capacidad probada de una sociedad libre y valiente que coloca a Tamaulipas en el camino de la recuperaci\u00f3n.<\/p>\n\n\n\n<p>\u201cTenemos tanto que hacer, tanto que ofrecer, tanto que dar, que estoy seguro que juntos haremos historia y Tamaulipas recuperar\u00e1 su fuerza y el \u00e1nimo para volar m\u00e1s alto. Desde hoy este gobierno de la Transformaci\u00f3n est\u00e1 en funciones para lograr la unidad, para traer seguridad, para llevar bienestar y felicidad a todas las familias de nuestro Estado\u201d, estableci\u00f3.<\/p>\n\n\n\n<p>\u201cEstamos dispuestos a comenzar desde hoy, la construcci\u00f3n de un futuro mejor y una vida mejor para todas y todos&#8221;, afirm\u00f3 el mandatario tamaulipeco.<\/p>\n\n\n\n<p>En el evento, se cont\u00f3 con la presencia de invitados especiales como el Secretario de Relaciones Exteriores, Marcelo Ebrard; el Coordinador General de Comunicaci\u00f3n Social de la Presidencia de la Rep\u00fablica, Jes\u00fas Ram\u00edrez Cuevas; el Director General del Centro Nacional de Inteligencia, General Audamaro Mart\u00ednez Zapata; la Directora del DIF Nacional, Nuria Fern\u00e1ndez y la ex Secretaria de Educaci\u00f3n P\u00fablica, Delfina G\u00f3mez.<\/p>\n\n\n\n<p>Adem\u00e1s se dieron cita funcionarios federales y directores generales de Conagua, Conapesca, Infonavit, Banobras, del Instituto Nacional de los J\u00f3venes y de la RTC, as\u00ed como la Jefa de Gobierno de la ciudad de M\u00e9xico, Claudia Sheinbaum y los Gobernadores de Hidalgo, Oaxaca, Tabasco, Veracruz, Nayarit, Sinaloa, Quintana Roo y Nuevo Le\u00f3n, as\u00ed como Senadores y Diputados Federales.<\/p>\n\n\n\n<p>Con la representaci\u00f3n de la dirigencia nacional de Morena asisti\u00f3 el delegado del partido en Tamaulipas, Lucio Ernesto Palacios.<\/p>\n\n\n\n<p>En ese momento tan relevante, el gobernador Villarreal Anaya estuvo acompa\u00f1ado de su esposa la doctora Mar\u00eda Santiago de Villarreal y de sus hijos Am\u00e9rico, Santiago y Mar\u00eda as\u00ed como de sus nietos.<\/p>\n\n\n\n<p>ANUNCIA NUEVAS SECRETAR\u00cdAS<br \/>Ante miles de tamaulipecas y tamaulipecos que lo acompa\u00f1aron en este momento hist\u00f3rico , el mandatario estatal anunci\u00f3 la creaci\u00f3n de nuevas secretar\u00edas; la Comisi\u00f3n Estatal de Energ\u00eda se transformar\u00e1 en Secretar\u00eda de Desarrollo Energ\u00e9tico; mientras que la Comisi\u00f3n Estatal de Agua se convertir\u00e1 en la Secretar\u00eda de Recursos Hidr\u00e1ulicos y Desarrollo Social.<\/p>\n\n\n\n<p>Como parte de los acciones y proyectos estrat\u00e9gicos en el Gobierno de la Transformaci\u00f3n destac\u00f3 lo siguiente: Conexi\u00f3n de los puertos de Tampico y Altamira hacia la zona industrial de Monterrey y Saltillo; complementar la autopista de doble carril, en el tramo Magueyes-Victoria; la creaci\u00f3n del Recinto Fiscalizado Estrat\u00e9gico en ciudad Victoria; impulso al puerto de Matamoros y la segunda l\u00ednea del acueducto \u2018Guadalupe Victoria\u2019 en la capital del Estado.<\/p>\n\n\n\n<p>Anunci\u00f3 la prioridad a los caminos rurales, la creaci\u00f3n de una planta de alimentos balanceados, a la par de que promover\u00e1 la construcci\u00f3n de una planta para la producci\u00f3n de fertilizantes as\u00ed como la ampliaci\u00f3n y conectividad de cruces fronterizos.<\/p>\n\n\n\n<p>Al llamado de: \u00a1Si se puede!, el gobernador Am\u00e9rico Villarreal Anaya dio inicio a la verdadera transformaci\u00f3n de Tamaulipas.<\/p>\n","protected":false},"excerpt":{"rendered":"<p>Ciudad Victoria, Tamps.- Al protestar ante el pueblo como gobernador de Tamaulipas, Am\u00e9rico Villarreal Anaya, llam\u00f3 a regenerar la vida p\u00fablica, desterrando la corrupci\u00f3n, y poner fin al saqueo. \u201cEs &hellip; <a href=\"http:\/\/revistalaneta.com.mx\/?p=1036\" class=\"more-link\">Leer m\u00e1s<\/a><\/p>\n","protected":false},"author":1,"featured_media":1035,"comment_status":"open","ping_status":"open","sticky":false,"template":"","format":"standard","meta":{"footnotes":""},"categories":[6],"tags":[],"class_list":["post-1036","post","type-post","status-publish","format-standard","has-post-thumbnail","hentry","category-destacado","entry"],"_links":{"self":[{"href":"http:\/\/revistalaneta.com.mx\/index.php?rest_route=\/wp\/v2\/posts\/1036","targetHints":{"allow":["GET"]}}],"collection":[{"href":"http:\/\/revistalaneta.com.mx\/index.php?rest_route=\/wp\/v2\/posts"}],"about":[{"href":"http:\/\/revistalaneta.com.mx\/index.php?rest_route=\/wp\/v2\/types\/post"}],"author":[{"embeddable":true,"href":"http:\/\/revistalaneta.com.mx\/index.php?rest_route=\/wp\/v2\/users\/1"}],"replies":[{"embeddable":true,"href":"http:\/\/revistalaneta.com.mx\/index.php?rest_route=%2Fwp%2Fv2%2Fcomments&post=1036"}],"version-history":[{"count":1,"href":"http:\/\/revistalaneta.com.mx\/index.php?rest_route=\/wp\/v2\/posts\/1036\/revisions"}],"predecessor-version":[{"id":1037,"href":"http:\/\/revistalaneta.com.mx\/index.php?rest_route=\/wp\/v2\/posts\/1036\/revisions\/1037"}],"wp:featuredmedia":[{"embeddable":true,"href":"http:\/\/revistalaneta.com.mx\/index.php?rest_route=\/wp\/v2\/media\/1035"}],"wp:attachment":[{"href":"http:\/\/revistalaneta.com.mx\/index.php?rest_route=%2Fwp%2Fv2%2Fmedia&parent=1036"}],"wp:term":[{"taxonomy":"category","embeddable":true,"href":"http:\/\/revistalaneta.com.mx\/index.php?rest_route=%2Fwp%2Fv2%2Fcategories&post=1036"},{"taxonomy":"post_tag","embeddable":true,"href":"http:\/\/revistalaneta.com.mx\/index.php?rest_route=%2Fwp%2Fv2%2Ftags&post=1036"}],"curies":[{"name":"wp","href":"https:\/\/api.w.org\/{rel}","templated":true}]}}