{"id":1039,"date":"2022-10-02T11:27:19","date_gmt":"2022-10-02T11:27:19","guid":{"rendered":"http:\/\/revistalaneta.com.mx\/?p=1039"},"modified":"2022-10-02T11:27:47","modified_gmt":"2022-10-02T11:27:47","slug":"pension-para-personas-con-discapacidad-sera-universal-americo","status":"publish","type":"post","link":"http:\/\/revistalaneta.com.mx\/?p=1039","title":{"rendered":"Pensi\u00f3n para personas con discapacidad ser\u00e1 universal: Am\u00e9rico"},"content":{"rendered":"\n<p><\/p>\n\n\n\n<p>Cd. Victoria, Tamps.- A 1 de octubre del 2022. El Sistema para el Desarrollo Integral de la Familia en Tamaulipas se adentrar\u00e1 en barrios y localidades brindando asistencia a las familias y la pensi\u00f3n para personas con discapacidad ser\u00e1 universal, afirm\u00f3 el gobernador Am\u00e9rico Villarreal Anaya.<\/p>\n\n\n\n<p>\u201cLa garant\u00eda de que esa noble instituci\u00f3n cambiar\u00e1 y volar\u00e1 mucho m\u00e1s alto, est\u00e1 aqu\u00ed y me acompa\u00f1a como siempre lo ha hecho: Mi esposa Mar\u00eda\u201d, dijo el mandatario estatal.<\/p>\n\n\n\n<p>Durante el acto de toma de protesta en el Recinto Ferial, Am\u00e9rico Villarreal destac\u00f3 que el DIF Tamaulipas que presidir\u00e1 la doctora Mar\u00eda Santiago de Villarreal ser\u00e1 la cara amable y cordial, para abrir todas las puertas y prestar ayuda a quienes enfrentan la vida en condiciones de desventaja o en circunstancias extremadamente dif\u00edciles.<\/p>\n\n\n\n<p>Anunci\u00f3 que el primer paso ser\u00e1 ampliar el apoyo a las personas con discapacidad, que hoy atiende solo al grupo de cero a 29 a\u00f1os en adelante, \u201ceste apoyo en Tamaulipas ser\u00e1 universal&#8221;.<\/p>\n\n\n\n<p>Agreg\u00f3 que a trav\u00e9s de nuevos programas e iniciativas comunitarias el DIF &#8220;se adentrar\u00e1 en barrios y localidades brindando asistencia necesaria para promover una din\u00e1mica familiar, sana y positiva de manera que se alcance la armon\u00eda, la felicidad y la plenitud de una buena vida&#8221;.<\/p>\n\n\n\n<p>En materia de bienestar reiter\u00f3 que el gran objetivo de este Gobierno de la Transformaci\u00f3n es ampliar el horizonte de justicia e igualdad social.<\/p>\n\n\n\n<p>\u201cMe esforzar\u00e9 para complementar con acciones estatales los programas de bienestar del Gobierno Federal\u201d, dijo.<\/p>\n\n\n\n<p>\u201cLa meta es hacer historia en el combate a la marginaci\u00f3n y la pobreza\u201d, expres\u00f3 Villarreal Anaya.<\/p>\n","protected":false},"excerpt":{"rendered":"<p>Cd. Victoria, Tamps.- A 1 de octubre del 2022. El Sistema para el Desarrollo Integral de la Familia en Tamaulipas se adentrar\u00e1 en barrios y localidades brindando asistencia a las &hellip; <a href=\"http:\/\/revistalaneta.com.mx\/?p=1039\" class=\"more-link\">Leer m\u00e1s<\/a><\/p>\n","protected":false},"author":1,"featured_media":1038,"comment_status":"open","ping_status":"open","sticky":false,"template":"","format":"standard","meta":{"footnotes":""},"categories":[7,4],"tags":[],"class_list":["post-1039","post","type-post","status-publish","format-standard","has-post-thumbnail","hentry","category-ciudad-victoria","category-nuevo-laredo","entry"],"_links":{"self":[{"href":"http:\/\/revistalaneta.com.mx\/index.php?rest_route=\/wp\/v2\/posts\/1039","targetHints":{"allow":["GET"]}}],"collection":[{"href":"http:\/\/revistalaneta.com.mx\/index.php?rest_route=\/wp\/v2\/posts"}],"about":[{"href":"http:\/\/revistalaneta.com.mx\/index.php?rest_route=\/wp\/v2\/types\/post"}],"author":[{"embeddable":true,"href":"http:\/\/revistalaneta.com.mx\/index.php?rest_route=\/wp\/v2\/users\/1"}],"replies":[{"embeddable":true,"href":"http:\/\/revistalaneta.com.mx\/index.php?rest_route=%2Fwp%2Fv2%2Fcomments&post=1039"}],"version-history":[{"count":1,"href":"http:\/\/revistalaneta.com.mx\/index.php?rest_route=\/wp\/v2\/posts\/1039\/revisions"}],"predecessor-version":[{"id":1040,"href":"http:\/\/revistalaneta.com.mx\/index.php?rest_route=\/wp\/v2\/posts\/1039\/revisions\/1040"}],"wp:featuredmedia":[{"embeddable":true,"href":"http:\/\/revistalaneta.com.mx\/index.php?rest_route=\/wp\/v2\/media\/1038"}],"wp:attachment":[{"href":"http:\/\/revistalaneta.com.mx\/index.php?rest_route=%2Fwp%2Fv2%2Fmedia&parent=1039"}],"wp:term":[{"taxonomy":"category","embeddable":true,"href":"http:\/\/revistalaneta.com.mx\/index.php?rest_route=%2Fwp%2Fv2%2Fcategories&post=1039"},{"taxonomy":"post_tag","embeddable":true,"href":"http:\/\/revistalaneta.com.mx\/index.php?rest_route=%2Fwp%2Fv2%2Ftags&post=1039"}],"curies":[{"name":"wp","href":"https:\/\/api.w.org\/{rel}","templated":true}]}}