{"id":1041,"date":"2022-10-02T11:28:35","date_gmt":"2022-10-02T11:28:35","guid":{"rendered":"http:\/\/revistalaneta.com.mx\/?p=1041"},"modified":"2022-10-02T11:28:48","modified_gmt":"2022-10-02T11:28:48","slug":"entrega-americo-15-nombramientos-tienen-72-meses-para-curar-los-males-del-estado-dice","status":"publish","type":"post","link":"http:\/\/revistalaneta.com.mx\/?p=1041","title":{"rendered":"Entrega Am\u00e9rico 15 nombramientos; tienen 72 meses para curar los males del Estado, dice"},"content":{"rendered":"\n<p><\/p>\n\n\n\n<p>Cd. Victoria, Tamps.- Hemos empezado a trabajar  el primer d\u00eda, porque tenemos poco tiempo, tenemos 72 meses para disminuir la brecha de desigualdad y para curar los males y los agravios que afectan a Tamaulipas, dijo el Gobernador Am\u00e9rico Villarreal Anaya.<\/p>\n\n\n\n<p>Al continuar con sus actividades en el primer d\u00eda de su Gobierno, el mandatario tamaulipeco entreg\u00f3 15 nombramientos a Secretarios, Encargados de Despacho y al Director del DIF Tamaulipas, a quienes exhorto a trabajar 24\/7 para lograr la gran transformaci\u00f3n del Estado y demostrar que s\u00ed se puede.<\/p>\n\n\n\n<p>\u201cUstedes fueron seleccionados por su capacidad, por su honestidad y porque vimos esa lealtad con el pueblo de Tamaulipas\u201d, dijo el Gobernador al entregar uno a uno los nombramientos a 15 funcionarios, en una ceremonia realizada este s\u00e1bado por la noche, en el Sal\u00f3n Independencia del Palacio de Gobierno.<\/p>\n\n\n\n<p>Acompa\u00f1ado por el Secretario General de Gobierno, H\u00e9ctor Villegas Gonz\u00e1lez y por el Secretario de Seguridad P\u00fablica, General Sergio Hernando Ch\u00e1vez, el Gobernador Am\u00e9rico Villarreal insisti\u00f3 en que la meta y los alcances por lograr son aprovechar las grandes potencialidades que tiene nuestro Estado y sacar adelante al otro Tamaulipas que est\u00e1 agraviado, que no ha sido atendido, que no se le han dado las oportunidades de educaci\u00f3n, de acceso a la salud, de tener mejores oportunidades y calidad de vida.<br \/>\u201cLos debemos de equipar y ayudar a que se extinga y se conduzcan con esas mismas oportunidades de la gran riqueza que tiene nuestra entidad\u201d, mencion\u00f3.<\/p>\n\n\n\n<p>\u201cEl hacer esa empat\u00eda y disminuir esa brecha es nuestra gran misi\u00f3n y s\u00ed lo vamos a hacer, porque estoy seguro que con la voluntad, la capacidad y el trabajo de cada uno de ustedes vamos a disminuir esa brecha entre ese Tamaulipas de primer mundo y el Tamaulipas que est\u00e1 esperando se le brinde la oportunidad de poder salir adelante, y de esa forma trabajar en paz, tener concordia, y desarrollo, tener paz, bienestar, desarrollo social y respeto a los derechos humanos\u201d, indic\u00f3.<br \/>\u201cS\u00e9 que ustedes se van a poder brindar para demostrar que si se puede\u201d, asever\u00f3.<\/p>\n\n\n\n<p>El Gobernador entreg\u00f3 nombramientos a: Adriana Lozano, Secretaria de Finanzas; Jes\u00fas Lav\u00edn Ver\u00e1stegui, Secretario de Administraci\u00f3n; Ninfa Cant\u00fa De\u00e1ndar, Secretaria de Desarrollo Econ\u00f3mico; Olga Sosa Ruiz, Secretaria del Trabajo; D\u00e1maso Anaya Alvarado, Secretario de Desarrollo Rural; y a Ver\u00f3nica Aguirre de los Santos, Secretaria de Bienestar Social.<br \/>Tambi\u00e9n recibieron su designaci\u00f3n como nuevos funcionarios del Gobierno de Tamaulipas: Luc\u00eda Aim\u00e9 Castillo Pastor, Secretaria de Educaci\u00f3n; Vicente Joel Hern\u00e1ndez Navarro, Secretario de Salud; Karina Sald\u00edvar Lartigue, Secretaria de Desarrollo Urbano y Medio Ambiente; Pedro Cepeda Anaya, Secretario de Obras P\u00fablicas; Norma Pedraza Melo, Contralora Gubernamental; Benjam\u00edn Hern\u00e1ndez Rodr\u00edguez, Encargado de Despacho de la Secretar\u00eda de Turismo; Juan J. Hern\u00e1ndez Torres, Encargado de Despacho de Pesca y Acuacultura; Tania Contreras L\u00f3pez, Consejera Jur\u00eddica del Gobernador y Geancarlo Boneta Cavazos, Director del DIF Tamaulipas.<br \/>En este acto, la esposa del Gobernador, doctora Mar\u00eda Santiago de Villarreal acompa\u00f1\u00f3 a los nuevos servidores p\u00fablicos en la foto oficial.<\/p>\n","protected":false},"excerpt":{"rendered":"<p>Cd. Victoria, Tamps.- Hemos empezado a trabajar el primer d\u00eda, porque tenemos poco tiempo, tenemos 72 meses para disminuir la brecha de desigualdad y para curar los males y los &hellip; <a href=\"http:\/\/revistalaneta.com.mx\/?p=1041\" class=\"more-link\">Leer m\u00e1s<\/a><\/p>\n","protected":false},"author":1,"featured_media":0,"comment_status":"open","ping_status":"open","sticky":false,"template":"","format":"standard","meta":{"footnotes":""},"categories":[6],"tags":[],"class_list":["post-1041","post","type-post","status-publish","format-standard","hentry","category-destacado","entry"],"_links":{"self":[{"href":"http:\/\/revistalaneta.com.mx\/index.php?rest_route=\/wp\/v2\/posts\/1041","targetHints":{"allow":["GET"]}}],"collection":[{"href":"http:\/\/revistalaneta.com.mx\/index.php?rest_route=\/wp\/v2\/posts"}],"about":[{"href":"http:\/\/revistalaneta.com.mx\/index.php?rest_route=\/wp\/v2\/types\/post"}],"author":[{"embeddable":true,"href":"http:\/\/revistalaneta.com.mx\/index.php?rest_route=\/wp\/v2\/users\/1"}],"replies":[{"embeddable":true,"href":"http:\/\/revistalaneta.com.mx\/index.php?rest_route=%2Fwp%2Fv2%2Fcomments&post=1041"}],"version-history":[{"count":1,"href":"http:\/\/revistalaneta.com.mx\/index.php?rest_route=\/wp\/v2\/posts\/1041\/revisions"}],"predecessor-version":[{"id":1042,"href":"http:\/\/revistalaneta.com.mx\/index.php?rest_route=\/wp\/v2\/posts\/1041\/revisions\/1042"}],"wp:attachment":[{"href":"http:\/\/revistalaneta.com.mx\/index.php?rest_route=%2Fwp%2Fv2%2Fmedia&parent=1041"}],"wp:term":[{"taxonomy":"category","embeddable":true,"href":"http:\/\/revistalaneta.com.mx\/index.php?rest_route=%2Fwp%2Fv2%2Fcategories&post=1041"},{"taxonomy":"post_tag","embeddable":true,"href":"http:\/\/revistalaneta.com.mx\/index.php?rest_route=%2Fwp%2Fv2%2Ftags&post=1041"}],"curies":[{"name":"wp","href":"https:\/\/api.w.org\/{rel}","templated":true}]}}