{"id":10487,"date":"2024-02-17T14:03:58","date_gmt":"2024-02-17T14:03:58","guid":{"rendered":"http:\/\/revistalaneta.com.mx\/?p=10487"},"modified":"2024-02-17T14:04:19","modified_gmt":"2024-02-17T14:04:19","slug":"por-condiciones-climatologicas-y-accidentes-viales-traslado-de-calderas-se-suspende-durante-este-viernes","status":"publish","type":"post","link":"http:\/\/revistalaneta.com.mx\/?p=10487","title":{"rendered":"Por condiciones climatol\u00f3gicas y accidentes viales, traslado de calderas se suspende durante este viernes"},"content":{"rendered":"\n<p><\/p>\n\n\n\n<p><\/p>\n\n\n\n<p>Tula, Tamaulipas.- Debido a la presencia de lluvias en diferentes municipios de Tamaulipas y el cierre de vialidad en la Carretera Federal 101 derivada de un accidente vehicular, la movilizaci\u00f3n de calderas, cuyo destino final ser\u00e1 la refiner\u00eda de Tula, Hidalgo estar\u00e1 suspendida durante este viernes.<\/p>\n\n\n\n<p>En caso de persistir las precipitaciones, se evaluar\u00e1 la posibilidad de continuar con el traslado ma\u00f1ana s\u00e1bado 17 de febrero.<\/p>\n\n\n\n<p>Lo anterior con el objetivo de disminuir riesgos en carretera y prevenir afectaciones a la ciudadan\u00eda que utiliza esta v\u00eda de comunicaci\u00f3n.<\/p>\n\n\n\n<p>Cabe destacar que el \u00faltimo sitio en el que se realizaron las labores de movilizaci\u00f3n fue el ejido Ricardo Garc\u00eda (La Presita) en el municipio de Tula.<\/p>\n\n\n\n<p>Se exhorta a la ciudadan\u00eda a mantenerse informada a trav\u00e9s de la p\u00e1gina oficial de la Secretar\u00eda de Seguridad P\u00fablica de Tamaulipas (SSPT) para conocer las actualizaciones referentes a los cambios en la circulaci\u00f3n vial derivadas de estas maniobras u otras situaciones.<\/p>\n","protected":false},"excerpt":{"rendered":"<p>Tula, Tamaulipas.- Debido a la presencia de lluvias en diferentes municipios de Tamaulipas y el cierre de vialidad en la Carretera Federal 101 derivada de un accidente vehicular, la movilizaci\u00f3n &hellip; <a href=\"http:\/\/revistalaneta.com.mx\/?p=10487\" class=\"more-link\">Leer m\u00e1s<\/a><\/p>\n","protected":false},"author":1,"featured_media":10486,"comment_status":"open","ping_status":"open","sticky":false,"template":"","format":"standard","meta":{"footnotes":""},"categories":[7,8],"tags":[],"class_list":["post-10487","post","type-post","status-publish","format-standard","has-post-thumbnail","hentry","category-ciudad-victoria","category-tamaulipas-sur","entry"],"_links":{"self":[{"href":"http:\/\/revistalaneta.com.mx\/index.php?rest_route=\/wp\/v2\/posts\/10487","targetHints":{"allow":["GET"]}}],"collection":[{"href":"http:\/\/revistalaneta.com.mx\/index.php?rest_route=\/wp\/v2\/posts"}],"about":[{"href":"http:\/\/revistalaneta.com.mx\/index.php?rest_route=\/wp\/v2\/types\/post"}],"author":[{"embeddable":true,"href":"http:\/\/revistalaneta.com.mx\/index.php?rest_route=\/wp\/v2\/users\/1"}],"replies":[{"embeddable":true,"href":"http:\/\/revistalaneta.com.mx\/index.php?rest_route=%2Fwp%2Fv2%2Fcomments&post=10487"}],"version-history":[{"count":1,"href":"http:\/\/revistalaneta.com.mx\/index.php?rest_route=\/wp\/v2\/posts\/10487\/revisions"}],"predecessor-version":[{"id":10488,"href":"http:\/\/revistalaneta.com.mx\/index.php?rest_route=\/wp\/v2\/posts\/10487\/revisions\/10488"}],"wp:featuredmedia":[{"embeddable":true,"href":"http:\/\/revistalaneta.com.mx\/index.php?rest_route=\/wp\/v2\/media\/10486"}],"wp:attachment":[{"href":"http:\/\/revistalaneta.com.mx\/index.php?rest_route=%2Fwp%2Fv2%2Fmedia&parent=10487"}],"wp:term":[{"taxonomy":"category","embeddable":true,"href":"http:\/\/revistalaneta.com.mx\/index.php?rest_route=%2Fwp%2Fv2%2Fcategories&post=10487"},{"taxonomy":"post_tag","embeddable":true,"href":"http:\/\/revistalaneta.com.mx\/index.php?rest_route=%2Fwp%2Fv2%2Ftags&post=10487"}],"curies":[{"name":"wp","href":"https:\/\/api.w.org\/{rel}","templated":true}]}}