{"id":10496,"date":"2024-02-17T17:22:21","date_gmt":"2024-02-17T17:22:21","guid":{"rendered":"http:\/\/revistalaneta.com.mx\/?p=10496"},"modified":"2024-02-17T17:23:12","modified_gmt":"2024-02-17T17:23:12","slug":"americo-senor-internacional","status":"publish","type":"post","link":"http:\/\/revistalaneta.com.mx\/?p=10496","title":{"rendered":"AM\u00c9RICO: SE\u00d1OR INTERNACIONAL"},"content":{"rendered":"\n<p><\/p>\n\n\n\n<p>-Carlos Montiel, coordinador de la campa\u00f1a de Eugenio<\/p>\n\n\n\n<p>-En el 2013, AMLO reuni\u00f3 a medio centenar de simpatizantes<\/p>\n\n\n\n<p>-Hoy es visto, por algunos, como una&nbsp; deidad<\/p>\n\n\n\n<p>-Valdez Reyna y V\u00edctor Martell, unos tipazos<\/p>\n\n\n\n<p>Tiempo de opinar<\/p>\n\n\n\n<p>Ra\u00fal Hern\u00e1ndez Moreno<\/p>\n\n\n\n<p>El gobernador Am\u00e9rico Villarreal Anaya llegar\u00e1 esta&nbsp; tarde a Nuevo Laredo, para trasladarse a Laredo, Texas, donde \u00e9sta noche recibir\u00e1 la designaci\u00f3n de &nbsp;Se\u00f1or Internacional por parte de la Asociaci\u00f3n para los Festejos del Natalicio de Washington.<\/p>\n\n\n\n<p>Ma\u00f1ana el mandatario encabezar\u00e1 la tradicional ceremonia del abrazo a mitad del puente internacional n\u00famero 2, que estar\u00e1 cerrado al tr\u00e1fico&nbsp; vehicular durante cuatro horas, de las&nbsp; cinco a las nueve de la ma\u00f1ana.<\/p>\n\n\n\n<p>En el casi a\u00f1o y medio&nbsp; que va del sexenio de Am\u00e9rico \u00e9ste se siente muy augusto cada vez que&nbsp; visita Laredo, Texas, donde lo mismo se re\u00fane con el congresista Henry Cu\u00e9llar, el mayor V\u00edctor Trevi\u00f1o o el empresario Eduardo Garza, entre otros.<\/p>\n\n\n\n<p>Junto con las autoridades&nbsp; texanas, el gobernador &nbsp;&nbsp;tamaulipeco&nbsp; trabaja para concretar&nbsp; grandes proyectos binacionales como el&nbsp; parque en las riberas del r\u00edo, la ampliaci\u00f3n a 16 carriles del puente internacional III y en avanzar en los tr\u00e1mites para&nbsp; que se autorice la construcci\u00f3n del puente 4-5.<\/p>\n\n\n\n<p>La alcaldesa Carmen Lilia Canturosas&nbsp; ha sido pieza clave para las excelentes relaciones con&nbsp; los&nbsp; vecinos&nbsp; texanos y no se olvida que luego de&nbsp; ganar las elecciones de junio de 2021, a las pocas semanas consigui\u00f3&nbsp; un fuerte donativo de vacunas contra el Covid que ayud\u00f3 a obtener el doctor V\u00edctor Trevi\u00f1o que entonces&nbsp; trabajaba en el \u00e1rea de salud.<\/p>\n\n\n\n<p>Las vacunas se aplicaron &nbsp;en el \u00e1rea del Centro de Internaci\u00f3n Vehicular del puente II, lo que provoc\u00f3 la ira del entonces gobernador panista Francisco Garc\u00eda Cabeza de Vaca que en un acto criminal orden\u00f3 a la Coepris detener la&nbsp; vacunaci\u00f3n, con el pretexto de que no estaba autorizada por las autoridades&nbsp; sanitarias.<\/p>\n\n\n\n<p>Ante el acoso, el doctor Trevi\u00f1o y Carmen Lilia&nbsp; decidieron que la&nbsp; vacunaci\u00f3n se aplicara en el puente de Colombia y eso permiti\u00f3 proteger la vida de miles de neolaredenses. Al final se aplicaron m\u00e1s de 130 mil dosis &nbsp;y Nuevo Laredo fue el primer municipio de M\u00e9xico en el que se vacun\u00f3 contra el Covid.<\/p>\n\n\n\n<p>Cabeza de Vaca deber\u00eda de ser enjuiciado por negarse a que se aplicara la vacuna contra el Covid. Act\u00fao como criminal.<\/p>\n\n\n\n<p>En otro tema, luego de que se oficializ\u00f3 el destape de Carlos Canturosas, el ex juez penal Alberto Cipr\u00e9s public\u00f3 en las redes sociales un comentario felicitando a su \u201camigo\u201d Canturosas. \u00bfEs en serio?<\/p>\n\n\n\n<p>Por otra parte, Carlos Montiel Saeb ser\u00e1 el coordinador de la campa\u00f1a de Eugenio Hern\u00e1ndez en Nuevo Laredo, para la senadur\u00eda, respaldado por el Partido Verde.<\/p>\n\n\n\n<p>La campa\u00f1a arranca el 1 de marzo y el ex gobernador va hacer propaganda &nbsp;de verdad y en grande.<\/p>\n\n\n\n<p>El ex gerente de Comapa y ex candidato a la alcald\u00eda en el 2013 regresa a la pol\u00edtica y lo hace de la mano del ex gobernador, su amigo.<\/p>\n\n\n\n<p>Y a prop\u00f3sito de Montiel,&nbsp; recordamos que en su cierre de campa\u00f1a de ese 30 de junio de &nbsp;2013,&nbsp; reuni\u00f3 a m\u00e1s de 25 mil simpatizantes que&nbsp; ocuparon el arroyo de&nbsp; la avenida Guerrero. Es el \u00faltimo evento multitudinario del PRI en Nuevo Laredo y posiblemente no haya uno m\u00e1s.<\/p>\n\n\n\n<p>Pero&nbsp; la fecha viene a colaci\u00f3n porque ese mismo domingo, Andr\u00e9s Manuel L\u00f3pez Obrador&nbsp; visit\u00f3 Nuevo Laredo y reuni\u00f3 entre 50 y 60 gentes en el sal\u00f3n del Sindicato de Telefonistas que en ese momento&nbsp; ten\u00eda como secretario&nbsp; general a Mario Estrada.&nbsp; Tambi\u00e9n participaba Rogelio Gonz\u00e1lez.<\/p>\n\n\n\n<p>El evento de AMLO y el de Montiel, en el que estuvo el l\u00edder nacional del PRI, C\u00e9sar Camacho, se realiz\u00f3&nbsp; casi a la misma&nbsp; hora. Eran tiempos en que Francisco Chavira compet\u00eda por la presidencia municipal del Partido Convergencia \u2013hoy MC- y que con el paso de los a\u00f1os invent\u00f3 la narrativa de que fue fundador de Morena, aunque la realidad es que antes estuvo en el PRD, PAN, PT, Convergencia, de muevo PAN, Fuerza por M\u00e9xico y otras siglas pol\u00edticas.<\/p>\n\n\n\n<p>\u00bfQui\u00e9n se iba a imaginar en ese momento que ese AMLO que apenas&nbsp; reuni\u00f3 medio centenar de simpatizantes, cinco a\u00f1os&nbsp; despu\u00e9s se&nbsp; convertir\u00eda en el presidente de la rep\u00fablica? Eran tiempos en que pocos se acercaban a AMLO en sus visitas a esta frontera.<\/p>\n\n\n\n<p>A finales de la d\u00e9cada de los noventas del siglo 20, cuando era l\u00edder nacional del PRD, AMLO estuvo en el restaurante del desaparecido Motel El R\u00edo y los periodistas presentes no lleg\u00e1bamos ni a la decena y la militancia perredista presente era&nbsp; a\u00fan m\u00e1s reducida: Jos\u00e9 \u00c1ngel Valdez&nbsp; Reyna, V\u00edctor Martell, Ra\u00fal Cant\u00fa L\u00f3pez y dos o tres m\u00e1s. De ese tama\u00f1o era el peso pol\u00edtico del PRD.<\/p>\n\n\n\n<p>Pero todo esto es&nbsp; historia, ahora AMLO es&nbsp; visto, por algunos, como&nbsp; una deidad. Es San Andr\u00e9s.<\/p>\n\n\n\n<p>La dupla Valdez-Martell eran unos&nbsp; tipazos: se les extra\u00f1a. Muy controvertidos, irreverentes,&nbsp; echados para adelante. No a todos les ca\u00edan bien. Hab\u00eda quienes les reprochaban que eran tan abiertos que ca\u00edan en el cinismo, como cuando en plena junta de cabildo el panista Ernesto Ferrara pidi\u00f3 mayor energ\u00eda en la promoci\u00f3n de la campa\u00f1a contra la corrupci\u00f3n y &nbsp;arroj\u00f3 a la mesa un&nbsp; billete de 20 d\u00f3lares, que Martell captur\u00f3 en el aire, ya no lo regreso y lo justific\u00f3 con la frase \u201cmatanga, dijo la changa\u201d.<\/p>\n","protected":false},"excerpt":{"rendered":"<p>-Carlos Montiel, coordinador de la campa\u00f1a de Eugenio -En el 2013, AMLO reuni\u00f3 a medio centenar de simpatizantes -Hoy es visto, por algunos, como una&nbsp; deidad -Valdez Reyna y V\u00edctor &hellip; <a href=\"http:\/\/revistalaneta.com.mx\/?p=10496\" class=\"more-link\">Leer m\u00e1s<\/a><\/p>\n","protected":false},"author":1,"featured_media":10495,"comment_status":"open","ping_status":"open","sticky":false,"template":"","format":"standard","meta":{"footnotes":""},"categories":[2],"tags":[],"class_list":["post-10496","post","type-post","status-publish","format-standard","has-post-thumbnail","hentry","category-chismorreo","entry"],"_links":{"self":[{"href":"http:\/\/revistalaneta.com.mx\/index.php?rest_route=\/wp\/v2\/posts\/10496","targetHints":{"allow":["GET"]}}],"collection":[{"href":"http:\/\/revistalaneta.com.mx\/index.php?rest_route=\/wp\/v2\/posts"}],"about":[{"href":"http:\/\/revistalaneta.com.mx\/index.php?rest_route=\/wp\/v2\/types\/post"}],"author":[{"embeddable":true,"href":"http:\/\/revistalaneta.com.mx\/index.php?rest_route=\/wp\/v2\/users\/1"}],"replies":[{"embeddable":true,"href":"http:\/\/revistalaneta.com.mx\/index.php?rest_route=%2Fwp%2Fv2%2Fcomments&post=10496"}],"version-history":[{"count":1,"href":"http:\/\/revistalaneta.com.mx\/index.php?rest_route=\/wp\/v2\/posts\/10496\/revisions"}],"predecessor-version":[{"id":10497,"href":"http:\/\/revistalaneta.com.mx\/index.php?rest_route=\/wp\/v2\/posts\/10496\/revisions\/10497"}],"wp:featuredmedia":[{"embeddable":true,"href":"http:\/\/revistalaneta.com.mx\/index.php?rest_route=\/wp\/v2\/media\/10495"}],"wp:attachment":[{"href":"http:\/\/revistalaneta.com.mx\/index.php?rest_route=%2Fwp%2Fv2%2Fmedia&parent=10496"}],"wp:term":[{"taxonomy":"category","embeddable":true,"href":"http:\/\/revistalaneta.com.mx\/index.php?rest_route=%2Fwp%2Fv2%2Fcategories&post=10496"},{"taxonomy":"post_tag","embeddable":true,"href":"http:\/\/revistalaneta.com.mx\/index.php?rest_route=%2Fwp%2Fv2%2Ftags&post=10496"}],"curies":[{"name":"wp","href":"https:\/\/api.w.org\/{rel}","templated":true}]}}