{"id":1050,"date":"2022-10-03T14:22:44","date_gmt":"2022-10-03T14:22:44","guid":{"rendered":"http:\/\/revistalaneta.com.mx\/?p=1050"},"modified":"2022-10-03T14:24:48","modified_gmt":"2022-10-03T14:24:48","slug":"trabajaremos-fuerte-con-americo-villarreal-rector-de-la-uat","status":"publish","type":"post","link":"http:\/\/revistalaneta.com.mx\/?p=1050","title":{"rendered":"Trabajaremos fuerte con Am\u00e9rico Villarreal: Rector de la UAT"},"content":{"rendered":"\n<p><br>El C.P. Guillermo Mendoza expres\u00f3 su felicitaci\u00f3n y el mejor de los \u00e9xitos al Gobernador de Tamaulipas, quien inicia su periodo constitucional por el per\u00edodo 2022-2028.<\/p>\n\n\n\n<p>Cd. Victoria, Tamps.- La Universidad Aut\u00f3noma de Tamaulipas (UAT) trabajar\u00e1 fuerte y en equipo con el Gobierno del Dr. Am\u00e9rico Villarreal Anaya, expres\u00f3 el Rector Guillermo Mendoza Cavazos.<br>Estamos listos para trabajar con el nuevo gobierno en todos los proyectos, y en todo lo que podamos aportar desde nuestro Plan de Desarrollo Institucional, con muchas ganas de que le vaya bien, porque si le va bien al Gobernador le va bien a nuestro Estado, y nos va bien a nosotros como universidad, indic\u00f3, el C. P. Guillermo Mendoza Cavazos.<br>El Rector de la UAT expres\u00f3 su felicitaci\u00f3n al Dr. Am\u00e9rico Villarreal Anaya por rendir protesta como Gobernador de Tamaulipas para el periodo constitucional 2022-2028, y sostuvo que el nuevo gobierno tendr\u00e1 como aliada a una universidad renovada y que trabaja para responder a las demandas de la sociedad.<br>Luego de asistir a la ceremonia de toma de protesta que se llev\u00f3 a cabo este s\u00e1bado 1 de octubre en el Congreso del Estado de Tamaulipas y posteriormente en el teatro del pueblo en esta capital, el Rector Guillermo Mendoza Cavazos destac\u00f3 la importancia que representa para la UAT vincularse con los distintos \u00f3rdenes de gobierno, en un marco de trabajo e inter\u00e9s com\u00fan.<br>Nuestra comunidad universitaria le desea el mejor de los \u00e9xitos en su encomienda y le reitera el compromiso de aportar, desde la educaci\u00f3n superior, todo el esfuerzo posible que contribuya en la transformaci\u00f3n, el desarrollo y bienestar de la entidad, dijo el Rector.<br>Recalc\u00f3 que la UAT es una instituci\u00f3n que se debe a su estado, y que la estrecha relaci\u00f3n y colaboraci\u00f3n con los programas del gobierno estatal son un ejemplo de la amplia vinculaci\u00f3n que est\u00e1 presente en todos los espacios de la sociedad tamaulipeca, buscando siempre el beneficio de la comunidad en general.<br>Puntualiz\u00f3 que la investigaci\u00f3n que desarrollan los expertos de la UAT en distintas \u00e1reas est\u00e1 al servicio de las comunidades, la cual seguramente ser\u00e1 de inter\u00e9s para el Gobierno Estatal que trabajar\u00e1 para el bienestar del pueblo tamaulipeco.<br>El C. P. Guillermo Mendoza Cavazos, Rector de la Universidad Aut\u00f3noma de Tamaulipas (UAT), expres\u00f3 su felicitaci\u00f3n al Dr. Am\u00e9rico Villarreal Anaya por rendir protesta como Gobernador Constitucional del Estado de Tamaulipas para el periodo 2022-2028.<br>Estamos listos para trabajar con el nuevo gobierno en todos los proyectos, y en todo lo que podamos aportar desde nuestro Plan de Desarrollo Institucional, puntualiz\u00f3 el C. P. Guillermo Mendoza Cavazos.<br>Nuestra comunidad universitaria le desea el mejor de los \u00e9xitos en su encomienda y le reitera el compromiso de aportar, desde la educaci\u00f3n superior, todo el esfuerzo posible que contribuya en la transformaci\u00f3n, el desarrollo y bienestar de la entidad, dijo el Rector.<br>Luego de asistir a la ceremonia de toma de protesta que se llev\u00f3 a cabo este s\u00e1bado 1 de octubre en el teatro del pueblo en esta capital, el Rector Guillermo Mendoza Cavazos destac\u00f3 la importancia que representa para la Universidad vincularse con los distintos \u00f3rdenes de gobierno, en un marco de trabajo e inter\u00e9s com\u00fan para responder a las necesidades de la sociedad.<br>Recalc\u00f3 que la UAT es una instituci\u00f3n que se debe a su estado, y que la estrecha relaci\u00f3n y colaboraci\u00f3n con los programas del gobierno estatal son un ejemplo de la amplia vinculaci\u00f3n que impulsa la casa de estudios para estar presente en todos los espacios de la sociedad tamaulipeca, buscando siempre el beneficio de la comunidad en general.<br>Estamos listos para trabajar con el nuevo gobierno en todos los proyectos, y en todo lo que podamos aportar desde nuestro Plan de Desarrollo Institucional, puntualiz\u00f3 el C. P. Guillermo Mendoza Cavazos.<\/p>\n","protected":false},"excerpt":{"rendered":"<p>El C.P. Guillermo Mendoza expres\u00f3 su felicitaci\u00f3n y el mejor de los \u00e9xitos al Gobernador de Tamaulipas, quien inicia su periodo constitucional por el per\u00edodo 2022-2028. Cd. Victoria, Tamps.- La &hellip; <a href=\"http:\/\/revistalaneta.com.mx\/?p=1050\" class=\"more-link\">Leer m\u00e1s<\/a><\/p>\n","protected":false},"author":1,"featured_media":1049,"comment_status":"open","ping_status":"open","sticky":false,"template":"","format":"standard","meta":{"footnotes":""},"categories":[7,8],"tags":[],"class_list":["post-1050","post","type-post","status-publish","format-standard","has-post-thumbnail","hentry","category-ciudad-victoria","category-tamaulipas-sur","entry"],"_links":{"self":[{"href":"http:\/\/revistalaneta.com.mx\/index.php?rest_route=\/wp\/v2\/posts\/1050","targetHints":{"allow":["GET"]}}],"collection":[{"href":"http:\/\/revistalaneta.com.mx\/index.php?rest_route=\/wp\/v2\/posts"}],"about":[{"href":"http:\/\/revistalaneta.com.mx\/index.php?rest_route=\/wp\/v2\/types\/post"}],"author":[{"embeddable":true,"href":"http:\/\/revistalaneta.com.mx\/index.php?rest_route=\/wp\/v2\/users\/1"}],"replies":[{"embeddable":true,"href":"http:\/\/revistalaneta.com.mx\/index.php?rest_route=%2Fwp%2Fv2%2Fcomments&post=1050"}],"version-history":[{"count":1,"href":"http:\/\/revistalaneta.com.mx\/index.php?rest_route=\/wp\/v2\/posts\/1050\/revisions"}],"predecessor-version":[{"id":1051,"href":"http:\/\/revistalaneta.com.mx\/index.php?rest_route=\/wp\/v2\/posts\/1050\/revisions\/1051"}],"wp:featuredmedia":[{"embeddable":true,"href":"http:\/\/revistalaneta.com.mx\/index.php?rest_route=\/wp\/v2\/media\/1049"}],"wp:attachment":[{"href":"http:\/\/revistalaneta.com.mx\/index.php?rest_route=%2Fwp%2Fv2%2Fmedia&parent=1050"}],"wp:term":[{"taxonomy":"category","embeddable":true,"href":"http:\/\/revistalaneta.com.mx\/index.php?rest_route=%2Fwp%2Fv2%2Fcategories&post=1050"},{"taxonomy":"post_tag","embeddable":true,"href":"http:\/\/revistalaneta.com.mx\/index.php?rest_route=%2Fwp%2Fv2%2Ftags&post=1050"}],"curies":[{"name":"wp","href":"https:\/\/api.w.org\/{rel}","templated":true}]}}