{"id":10520,"date":"2024-02-18T06:33:01","date_gmt":"2024-02-18T06:33:01","guid":{"rendered":"http:\/\/revistalaneta.com.mx\/?p=10520"},"modified":"2024-02-18T06:33:29","modified_gmt":"2024-02-18T06:33:29","slug":"tamaulipas-inaugura-el-primer-foro-regional-normalizacion-y-regulacion-entre-la-comision-reguladora-de-energia-y-entidades-federativas","status":"publish","type":"post","link":"http:\/\/revistalaneta.com.mx\/?p=10520","title":{"rendered":"Tamaulipas inaugura el primer Foro Regional \u201cNormalizaci\u00f3n y Regulaci\u00f3n entre la Comisi\u00f3n Reguladora de Energ\u00eda y Entidades Federativas\u201d"},"content":{"rendered":"\n<p><\/p>\n\n\n\n<p><\/p>\n\n\n\n<p>Tampico, Tamaulipas.- Tamaulipas se convirti\u00f3 en el primer estado a nivel nacional en recibir el Foro Regional \u201cNormalizaci\u00f3n y Regulaci\u00f3n entre la Comisi\u00f3n Reguladora de Energ\u00eda y Entidades Federativas\u201d.<\/p>\n\n\n\n<p>En el acto protocolario de este evento que se realiza en Tampico, estuvo presente el secretario de Desarrollo Energ\u00e9tico, Jos\u00e9 Ram\u00f3n Silva; el titular de la Comisi\u00f3n Reguladora de Energ\u00eda (CRE), Walter Jim\u00e9nez; el responsable de la Agencia de Energ\u00eda de Nuevo Le\u00f3n, Eduardo Daniel S\u00e1nchez; la presidente de la Junta de Gobierno del Congreso de Tamaulipas, \u00darsula Patricia Salazar Mojica y Karina Lizeth Sald\u00edvar, secretaria de SEDUMA.<\/p>\n\n\n\n<p>Jos\u00e9 Ram\u00f3n Silva agradeci\u00f3 al comisionado por designar a Tamaulipas como la primera sede de este foro tan relevante.<\/p>\n\n\n\n<p>\u201cAgradezco la confianza por designar a Tamaulipas para que sea sede de este foro que se lleva a cabo en medio de una importante transformaci\u00f3n del sector energ\u00e9tico de M\u00e9xico; hace unos d\u00edas conmemoramos el D\u00eda Mundial de la Energ\u00eda, por lo cual nos sentimos con la responsabilidad de generar a las y los tamaulipecos las mejores condiciones del sector energ\u00e9tico para un acceso universal y sostenible\u201d.<\/p>\n\n\n\n<p>En el evento acudieron empresarios y la comunidad estudiantil donde conocieron a detalle los diferentes temas impartidos durante este foro.<code> * * *<\/code><\/p>\n","protected":false},"excerpt":{"rendered":"<p>Tampico, Tamaulipas.- Tamaulipas se convirti\u00f3 en el primer estado a nivel nacional en recibir el Foro Regional \u201cNormalizaci\u00f3n y Regulaci\u00f3n entre la Comisi\u00f3n Reguladora de Energ\u00eda y Entidades Federativas\u201d. En &hellip; <a href=\"http:\/\/revistalaneta.com.mx\/?p=10520\" class=\"more-link\">Leer m\u00e1s<\/a><\/p>\n","protected":false},"author":1,"featured_media":10519,"comment_status":"open","ping_status":"open","sticky":false,"template":"","format":"standard","meta":{"footnotes":""},"categories":[7],"tags":[],"class_list":["post-10520","post","type-post","status-publish","format-standard","has-post-thumbnail","hentry","category-ciudad-victoria","entry"],"_links":{"self":[{"href":"http:\/\/revistalaneta.com.mx\/index.php?rest_route=\/wp\/v2\/posts\/10520","targetHints":{"allow":["GET"]}}],"collection":[{"href":"http:\/\/revistalaneta.com.mx\/index.php?rest_route=\/wp\/v2\/posts"}],"about":[{"href":"http:\/\/revistalaneta.com.mx\/index.php?rest_route=\/wp\/v2\/types\/post"}],"author":[{"embeddable":true,"href":"http:\/\/revistalaneta.com.mx\/index.php?rest_route=\/wp\/v2\/users\/1"}],"replies":[{"embeddable":true,"href":"http:\/\/revistalaneta.com.mx\/index.php?rest_route=%2Fwp%2Fv2%2Fcomments&post=10520"}],"version-history":[{"count":1,"href":"http:\/\/revistalaneta.com.mx\/index.php?rest_route=\/wp\/v2\/posts\/10520\/revisions"}],"predecessor-version":[{"id":10521,"href":"http:\/\/revistalaneta.com.mx\/index.php?rest_route=\/wp\/v2\/posts\/10520\/revisions\/10521"}],"wp:featuredmedia":[{"embeddable":true,"href":"http:\/\/revistalaneta.com.mx\/index.php?rest_route=\/wp\/v2\/media\/10519"}],"wp:attachment":[{"href":"http:\/\/revistalaneta.com.mx\/index.php?rest_route=%2Fwp%2Fv2%2Fmedia&parent=10520"}],"wp:term":[{"taxonomy":"category","embeddable":true,"href":"http:\/\/revistalaneta.com.mx\/index.php?rest_route=%2Fwp%2Fv2%2Fcategories&post=10520"},{"taxonomy":"post_tag","embeddable":true,"href":"http:\/\/revistalaneta.com.mx\/index.php?rest_route=%2Fwp%2Fv2%2Ftags&post=10520"}],"curies":[{"name":"wp","href":"https:\/\/api.w.org\/{rel}","templated":true}]}}