{"id":1053,"date":"2022-10-03T14:26:36","date_gmt":"2022-10-03T14:26:36","guid":{"rendered":"http:\/\/revistalaneta.com.mx\/?p=1053"},"modified":"2022-10-03T14:27:19","modified_gmt":"2022-10-03T14:27:19","slug":"la-cuarta-transformacion-inicio-en-tamaulipas","status":"publish","type":"post","link":"http:\/\/revistalaneta.com.mx\/?p=1053","title":{"rendered":"LA CUARTA TRANSFORMACI\u00d3N INICIO EN TAMAULIPAS"},"content":{"rendered":"\n<p><\/p>\n\n\n\n<p>-Am\u00e9rico ya est\u00e1 en funciones<\/p>\n\n\n\n<p>Tiempo de opinar<\/p>\n\n\n\n<p>Ra\u00fal Hern\u00e1ndez Moreno<\/p>\n\n\n\n<p>Am\u00e9rico Villarreal Anaya, de 64 a\u00f1os de edad, m\u00e9dico de profesi\u00f3n, especializado en cardiolog\u00eda, inici\u00f3 su sexenio, cuerpeado por el Secretario de Gobernaci\u00f3n, Ad\u00e1n Augusto L\u00f3pez, una decena de gobernadores y m\u00e1s de cinco mil personas que se dieron cita al recinto ferial.<\/p>\n\n\n\n<p>Previamente rindi\u00f3 la protesta protocolaria en el Congreso, ante la priista Alejandra C\u00e1rdenas.<\/p>\n\n\n\n<p>De ah\u00ed &nbsp;Am\u00e9rico se traslad\u00f3 a la torre bicentenario para otorgar los nombramientos de H\u00e9ctor Villegas como Secretario de Gobierno y del general Sergio Hern\u00e1ndez Ch\u00e1vez Garc\u00eda, como Secretario de Seguridad P\u00fablica.<\/p>\n\n\n\n<p>M\u00e1s tarde, en su primer discurso al pueblo de Tamaulipas,&nbsp; reiter\u00f3 su compromiso de campa\u00f1a de desaparecer los Gopes y la polic\u00eda estatal y crear una&nbsp; guardia estatal.<\/p>\n\n\n\n<p>\u201cEn Tamaulipas nunca m\u00e1s un cuerpo de seguridad ser\u00e1 usado para perseguir a nadie por razones pol\u00edticas, para despojarlo de sus bienes o para reprimir gente inocente\u201d,&nbsp; agreg\u00f3.<\/p>\n\n\n\n<p>En la concentraci\u00f3n popular, el Secretario de Gobernaci\u00f3n declar\u00f3 a los medios de comunicaci\u00f3n que&nbsp; \u201cse respiran aires de libertad, ya se fueron los aspirantes a dictadores\u201d, al referirse al ex gobernador Francisco Garc\u00eda Cabeza de Vaca.<\/p>\n\n\n\n<p>En ese lugar, la presidenta municipal Carmen Lilia Canturosas fue muy asediada por los&nbsp; reporteros, interesados en conocer a la mujer que durante &nbsp;un a\u00f1o padeci\u00f3 la persecuci\u00f3n de Cabeza de Vaca&nbsp; y nunca se rajo.<\/p>\n\n\n\n<p>Sobra decir que el panista no acudi\u00f3 a la ceremonia del cambio de poderes, aterrorizado por el riesgo de ser aprehendido, pues se le acab\u00f3 el&nbsp; fuero y la Fiscal\u00eda General de la Rep\u00fablica ya est\u00e1 en condiciones de activar su detenci\u00f3n<\/p>\n\n\n\n<p>Es la primera vez que \u00a0el gobernador saliente incumple con el acto protocolario de asistir al cambio de administraci\u00f3n.<\/p>\n\n\n\n<p>Con la muerte del cabecismo, se acab\u00f3 el estado criminal, el estado de terror, el estado regido por un g\u00e1nster que hizo uso faccioso de las instituciones para perseguir a sus adversarios.<\/p>\n\n\n\n<p>Por cierto que ma\u00f1ana domingo&nbsp; habr\u00e1 elecciones internas en Tamaulipas para elegir a nuevos dirigentes del PAN en los municipios y es la oportunidad para que los panistas de verdad le den una patada en el trasero a los cabecistas.<\/p>\n\n\n\n<p>Aqu\u00ed en Nuevo Laredo, el PAN seguir\u00e1 dominado por los cabecistas, lo que permitir\u00e1 que el partido no se levante y se siga hundiendo m\u00e1s. A nivel estatal, con Luis Ren\u00e9 Cant\u00fa e Imelda Sanmiguel, el PAN seguir\u00e1 bien empinado.<\/p>\n","protected":false},"excerpt":{"rendered":"<p>-Am\u00e9rico ya est\u00e1 en funciones Tiempo de opinar Ra\u00fal Hern\u00e1ndez Moreno Am\u00e9rico Villarreal Anaya, de 64 a\u00f1os de edad, m\u00e9dico de profesi\u00f3n, especializado en cardiolog\u00eda, inici\u00f3 su sexenio, cuerpeado por &hellip; <a href=\"http:\/\/revistalaneta.com.mx\/?p=1053\" class=\"more-link\">Leer m\u00e1s<\/a><\/p>\n","protected":false},"author":1,"featured_media":1052,"comment_status":"open","ping_status":"open","sticky":false,"template":"","format":"standard","meta":{"footnotes":""},"categories":[2,3],"tags":[],"class_list":["post-1053","post","type-post","status-publish","format-standard","has-post-thumbnail","hentry","category-chismorreo","category-opinion","entry"],"_links":{"self":[{"href":"http:\/\/revistalaneta.com.mx\/index.php?rest_route=\/wp\/v2\/posts\/1053","targetHints":{"allow":["GET"]}}],"collection":[{"href":"http:\/\/revistalaneta.com.mx\/index.php?rest_route=\/wp\/v2\/posts"}],"about":[{"href":"http:\/\/revistalaneta.com.mx\/index.php?rest_route=\/wp\/v2\/types\/post"}],"author":[{"embeddable":true,"href":"http:\/\/revistalaneta.com.mx\/index.php?rest_route=\/wp\/v2\/users\/1"}],"replies":[{"embeddable":true,"href":"http:\/\/revistalaneta.com.mx\/index.php?rest_route=%2Fwp%2Fv2%2Fcomments&post=1053"}],"version-history":[{"count":1,"href":"http:\/\/revistalaneta.com.mx\/index.php?rest_route=\/wp\/v2\/posts\/1053\/revisions"}],"predecessor-version":[{"id":1054,"href":"http:\/\/revistalaneta.com.mx\/index.php?rest_route=\/wp\/v2\/posts\/1053\/revisions\/1054"}],"wp:featuredmedia":[{"embeddable":true,"href":"http:\/\/revistalaneta.com.mx\/index.php?rest_route=\/wp\/v2\/media\/1052"}],"wp:attachment":[{"href":"http:\/\/revistalaneta.com.mx\/index.php?rest_route=%2Fwp%2Fv2%2Fmedia&parent=1053"}],"wp:term":[{"taxonomy":"category","embeddable":true,"href":"http:\/\/revistalaneta.com.mx\/index.php?rest_route=%2Fwp%2Fv2%2Fcategories&post=1053"},{"taxonomy":"post_tag","embeddable":true,"href":"http:\/\/revistalaneta.com.mx\/index.php?rest_route=%2Fwp%2Fv2%2Ftags&post=1053"}],"curies":[{"name":"wp","href":"https:\/\/api.w.org\/{rel}","templated":true}]}}