{"id":10535,"date":"2024-02-19T14:45:00","date_gmt":"2024-02-19T14:45:00","guid":{"rendered":"http:\/\/revistalaneta.com.mx\/?p=10535"},"modified":"2024-02-19T14:45:27","modified_gmt":"2024-02-19T14:45:27","slug":"el-registro-de-ccr","status":"publish","type":"post","link":"http:\/\/revistalaneta.com.mx\/?p=10535","title":{"rendered":"EL REGISTRO DE CCR"},"content":{"rendered":"\n<p><br>Para este mi\u00e9rcoles 21 de febrero a las cinco de la tarde se ha programado el registro oficial de Carlos Canturosas Villarreal como candidato a diputado federal por el Partido Verde Ecologista de M\u00e9xico (PVEM), en coalici\u00f3n con el Movimiento de Regeneraci\u00f3n Nacional (MORENA) y el Partido del Trabajo (PT). Dicho registro ser\u00e1 en las instalaciones del Instituto Nacional Electoral (INE) de Nuevo Laredo, que dirige Manuel Moncada Fuentes, y se espera una gran asistencia de personas que acudir\u00e1n justamente a mostrarle su apoyo a CCR. Lo que sigue siendo un misterio es ver quien ser\u00e1 el suplente de Carlos, pues hasta este domingo todav\u00eda no se daba a conocer. Por cierto que para el jueves 22 de febrero se realizar\u00e1 el registro de los candidatos a senadores del Verde, Eugenio Hern\u00e1ndez Flores y Maki Ortiz Dom\u00ednguez, esto a las tres y media de la tarde en las oficinas del INE de Ciudad Victoria. El punto de reuni\u00f3n ser\u00e1 el Paseo M\u00e9ndez.<\/p>\n\n\n\n<p>OFICIALIZA EL PAN SUS CANDIDATURAS<br \/>La Comisi\u00f3n Permanente del Consejo Estatal del Partido Acci\u00f3n Nacional (PAN) aprob\u00f3 las propuestas de candidaturas para diputaciones locales y presidencias municipales de los Ayuntamientos del estado, para las pr\u00f3ximas elecciones. Y en las mismas se autorizaron la de Yahleel Abdala Carmona, por la alcald\u00eda de Nuevo Laredo, llevando como suplente a Laura Zarate Quezada. Y en la cuesti\u00f3n de la diputaci\u00f3n local del Distrito 2, que ser\u00e1 siglada por el mismo PAN, se confirma que va Iliana Maribel Medina Garc\u00eda, a la vez que se oficializa que su suplente ser\u00e1 la ex regidora priista, Ana Laura Garc\u00eda Rodr\u00edguez. Con esto se echan abajo rumores de posibles cambios de \u00faltima hora por la alcald\u00eda por el blanquiazul.<\/p>\n\n\n\n<p>LA NUEVA POL\u00cdTICA EST\u00c1 LOCA, LOCA, LOCA\u2026<br \/>Ha salido a relucir que Carlos Montiel Saeb ser\u00e1 el coordinador de la campa\u00f1a de Eugenio Hern\u00e1ndez Flores en pos de la senadur\u00eda en primera f\u00f3rmula de Tamaulipas por el Partido Verde. De confirmarse esto, entonces Montiel estar\u00e1 trabajando de manera conjunta con el candidato a diputado federal del mismo Verde, Carlos Canturosas Villarreal, contra quien compiti\u00f3 en el 2013 por la alcald\u00eda, con el consabido resultado de que CCR le gan\u00f3 a CMS. Pero esto no deber\u00e1 extra\u00f1ar, sobre todo si tomamos en cuenta que en el 2015, Yahleel Abdala Carmona y Laura Zarate Quezada se confrontaron por la diputaci\u00f3n federal \u00a1y ahora ambas van en f\u00f3rmula por la alcald\u00eda por la coalici\u00f3n PAN-PRI! Por si fuera poco, quien fue candidato a la alcald\u00eda por el PRI en el 2016, H\u00e9ctor Canales Gonz\u00e1lez \u00a1ahora ir\u00e1 de candidato a diputado local por la coalici\u00f3n PAN-PRI! Por eso hay quienes dicen que la nueva pol\u00edtica est\u00e1 bien loca.<\/p>\n\n\n\n<p>ENGALANA GOBERNADOR CEREMONIA DEL ABRAZO<br \/>Pese al fr\u00edo y la lluvia, la tradicional Ceremonia del Abrazo organizada por las autoridades de la vecina ciudad de Laredo, Texas, se llev\u00f3 a cabo en todo su esplendor, esto el pasado s\u00e1bado por la ma\u00f1ana. Y si el evento luci\u00f3, fue por la presencia del gobernador de Tamaulipas, Am\u00e9rico Villarreal Anaya. Y es que ya ten\u00eda tiempo que un gobernador no ven\u00eda a la Ceremonia del Abrazo, por lo que la presencia de Am\u00e9rico, acompa\u00f1ado de su esposa, la presidenta del Sistema DIF Tamaulipas, Mar\u00eda Santiago de Villarreal, fue relevante. Como tambi\u00e9n fue relevante la presencia del Rector de la Universidad Aut\u00f3noma de Tamaulipas (UAT), D\u00e1maso Anaya Alvarado, y sin faltar de mencionar la presencia de la alcaldesa neolaredense Carmen Lilia Canturosas Villarreal, y su esposo Oscar Mario Hinojosa Ram\u00edrez, en su abrazo con su gran amigo V\u00edctor Trevi\u00f1o, alcalde de Laredo, y el Juez del Condado de Webb, Tano Tijerina, am\u00e9n de los abrazos de otras autoridades c\u00edvicas, militares y representantes de la sociedad civil, sin faltar el siempre emotivo Abrazo de los Ni\u00f1os.<\/p>\n\n\n\n<p>DAN RECONOCIMIENTO AL \u201cGOBER\u201d EN USA<br \/>Y en la noche del s\u00e1bado el gobernador Am\u00e9rico Villarreal Anaya, acompa\u00f1ado de su esposa, recibi\u00f3 el reconocimiento de \u201cL\u00edder Binacional 2024\u201d, de parte de la League of United Latin American Citizens (LULAC), fundada en 1929 y considerada la organizaci\u00f3n hispana de derechos civiles m\u00e1s antigua y respetada de los Estados Unidos de Am\u00e9rica. Este evento se llev\u00f3 a cabo en la vecina ciudad de Laredo, Texas, y en presencia del congresista Henry Cu\u00e9llar, as\u00ed como el legislador de Texas, Richard Raymond, y el alcalde de Laredo, V\u00edctor Trevi\u00f1o, adem\u00e1s de la alcaldesa neolaredense, Carmen Lilia Canturosas Villarreal, y otros distinguidos invitados. En el acto el presidente de LULAC, Ra\u00fal Reyes y el empresario Eduardo Garza Robles, director ejecutivo y fundador de Uni-Trade Group, hicieron notar que Am\u00e9rico Villarreal es una persona que ha dedicado su tiempo y esfuerzos a servir a la comunidad binacional, de ah\u00ed que se le haya hecho el citado reconocimiento.<\/p>\n\n\n\n<p>UNA DIPUTADA MUY \u201cSALUDADORA\u201d<br \/>Por cierto que en la Ceremonia del Abrazo, celebrada en las inmediaciones del puente internacional n\u00famero dos \u201cJu\u00e1rez-Lincoln\u201d, quien por fin se dej\u00f3 ver p\u00fablicamente fue la diputada local Gabriela Regalado Fuentes, de quien sus representados del Distrito 1 se quejan de casi nunca la ven. Y andaba muy \u201csaludadora\u201d con todos, como queriendo hacerle ver al gobernador del estado que es muy popular, cuando en realidad no lo es, y prueba de ello es casi todos la tiraron a le\u00f3n. Y es que Gaby Regalado trae mucha gente encima porque no ha estado cumpliendo todos los compromisos que hizo cuando andaba en campa\u00f1a. Con decirle que hasta sus hermanos de religi\u00f3n ya la abandonaron, porque nunca les pudo ayudar en sus menesteres y ministerios. Y as\u00ed se quiere reelegir.<\/p>\n\n\n\n<p>EXITOSO MARAT\u00d3N BINACIONAL \u201cDOS LAREDOS\u201d<br \/>El keniano Erik Mose fue el ganador del Marat\u00f3n Binacional \u201cDos Laredos\u201d celebrado este domingo, esto en la rama varonil, mientras que en la femenil la ganadora fue Mar\u00eda de la Luz Rodr\u00edguez. La carrera se llev\u00f3 a cabo desde temprana hora, iniciando en la plaza Jarvis de la vecina ciudad de Laredo, Texas, para posteriormente cruzar a Nuevo Laredo, Tamaulipas, donde se cerr\u00f3 en la plaza Hidalgo. En la premiaci\u00f3n de los ganadores estuvo la doctora Liliana Arjona Barocio, en representaci\u00f3n de la alcaldesa Carmen Lilia Canturosas Villarreal, as\u00ed como Victor Trevi\u00f1o Jr., hijo del alcalde de Laredo, Victor Trevi\u00f1o. La doctora Barocio coment\u00f3 que dicho marat\u00f3n ha marcado un precedente a nivel nacional, pues es el primero que se realiza en dos ciudades, de M\u00e9xico y Estados Unidos, respectivamente. Los ganadores obtuvieron 2 mil d\u00f3lares de premio, mientras que los segundos lugares, quienes fueron V\u00edctor Bracamontes y Nora Jim\u00e9nez, se llevaron mil d\u00f3lares, y los terceros lugares, Fidel Torres e Irma Mart\u00ednez Cortez, se ganaron 500 d\u00f3lares.<\/p>\n\n\n\n<p>SE RE\u00daNE RECTOR DE LA UAT CON AUTORIDADES EDUCATIVAS<br \/>En reuni\u00f3n celebrada en la Ciudad de M\u00e9xico, el Rector de la Universidad Aut\u00f3noma de Tamaulipas (UAT), D\u00e1maso Anaya Alvarado, se reuni\u00f3 con el secretario general de la Asociaci\u00f3n Nacional de Universidades e Instituciones de Educaci\u00f3n Superior (ANUIES) Dr. Luis Armando Gonz\u00e1lez Placencia, as\u00ed como con secretario general de la Asociaci\u00f3n Nacional de Universidades del Subsistema Tecnol\u00f3gico (ANUSTEC), el maestro en ciencias Ra\u00fal Mart\u00ednez Hern\u00e1ndez, y el diputado federal Erasmo Gonz\u00e1lez Robledo, presidente de la Comisi\u00f3n de Presupuesto y Cuenta P\u00fablica de la C\u00e1mara de Diputados, con quienes abord\u00f3 temas de inter\u00e9s com\u00fan, destac\u00e1ndose la importancia de la cooperaci\u00f3n, la colaboraci\u00f3n y el trabajo conjunto entre las instituciones de educaci\u00f3n superior. En lo referente el Rector Anaya Alvarado dej\u00f3 en claro que para la UAT es importante trabajar con todos los sectores de la sociedad, pues existen temas sensibles que solo pueden afrontarse mediante una labor de equipo.<\/p>\n\n\n\n<p>LO \u00daLTIMO<br \/>Claudia Sheinbaum Pardo qued\u00f3 registrada oficialmente ante el Instituto Nacional Electoral (INE) como candidata de la coalici\u00f3n \u201cJuntos Seguiremos Haciendo Historia\u201d que conforman MORENA, el PVEM y el PT. La doctora Sheinbaum estuvo arropada por miles de seguidores, entre ellos los gobernadores de la 4T, los que aspiran a gobernar los ocho estados que aun no est\u00e1n en poder de MORENA y sus aliados, as\u00ed como los l\u00edderes de los tres partidos pol\u00edticos y hasta los ex aspirantes, Marcelo Ebrard Casaub\u00f3n, Ad\u00e1n Augusto L\u00f3pez Hern\u00e1ndez, Ricardo Monreal \u00c1vila, y muchos otros invitados. En su mensaje Claudia Sheinbaum se declar\u00f3 lista para iniciar campa\u00f1a a partir del viernes 1 de marzo\u2026 Para el martes se espera el registro X\u00f3chitl G\u00e1lvez Ruiz, de la alianza PAN-PRI-PRD y el jueves de Jorge \u00c1lvarez M\u00e1ynez, del movimiento Ciudadano (MC)\u2026 Pues s\u00ed fueron miles los que participaron en la Marcha por la Democracia, celebrada este domingo en la CDMX. Pero como dicen al final de la pel\u00edcula de \u201cBuscando a Nemo\u201d \u00bfahora qu\u00e9?<\/p>\n","protected":false},"excerpt":{"rendered":"<p>Para este mi\u00e9rcoles 21 de febrero a las cinco de la tarde se ha programado el registro oficial de Carlos Canturosas Villarreal como candidato a diputado federal por el Partido &hellip; <a href=\"http:\/\/revistalaneta.com.mx\/?p=10535\" class=\"more-link\">Leer m\u00e1s<\/a><\/p>\n","protected":false},"author":1,"featured_media":10534,"comment_status":"open","ping_status":"open","sticky":false,"template":"","format":"standard","meta":{"footnotes":""},"categories":[2,3],"tags":[],"class_list":["post-10535","post","type-post","status-publish","format-standard","has-post-thumbnail","hentry","category-chismorreo","category-opinion","entry"],"_links":{"self":[{"href":"http:\/\/revistalaneta.com.mx\/index.php?rest_route=\/wp\/v2\/posts\/10535","targetHints":{"allow":["GET"]}}],"collection":[{"href":"http:\/\/revistalaneta.com.mx\/index.php?rest_route=\/wp\/v2\/posts"}],"about":[{"href":"http:\/\/revistalaneta.com.mx\/index.php?rest_route=\/wp\/v2\/types\/post"}],"author":[{"embeddable":true,"href":"http:\/\/revistalaneta.com.mx\/index.php?rest_route=\/wp\/v2\/users\/1"}],"replies":[{"embeddable":true,"href":"http:\/\/revistalaneta.com.mx\/index.php?rest_route=%2Fwp%2Fv2%2Fcomments&post=10535"}],"version-history":[{"count":1,"href":"http:\/\/revistalaneta.com.mx\/index.php?rest_route=\/wp\/v2\/posts\/10535\/revisions"}],"predecessor-version":[{"id":10536,"href":"http:\/\/revistalaneta.com.mx\/index.php?rest_route=\/wp\/v2\/posts\/10535\/revisions\/10536"}],"wp:featuredmedia":[{"embeddable":true,"href":"http:\/\/revistalaneta.com.mx\/index.php?rest_route=\/wp\/v2\/media\/10534"}],"wp:attachment":[{"href":"http:\/\/revistalaneta.com.mx\/index.php?rest_route=%2Fwp%2Fv2%2Fmedia&parent=10535"}],"wp:term":[{"taxonomy":"category","embeddable":true,"href":"http:\/\/revistalaneta.com.mx\/index.php?rest_route=%2Fwp%2Fv2%2Fcategories&post=10535"},{"taxonomy":"post_tag","embeddable":true,"href":"http:\/\/revistalaneta.com.mx\/index.php?rest_route=%2Fwp%2Fv2%2Ftags&post=10535"}],"curies":[{"name":"wp","href":"https:\/\/api.w.org\/{rel}","templated":true}]}}