{"id":10543,"date":"2024-02-20T13:17:22","date_gmt":"2024-02-20T13:17:22","guid":{"rendered":"http:\/\/revistalaneta.com.mx\/?p=10543"},"modified":"2024-02-20T13:17:25","modified_gmt":"2024-02-20T13:17:25","slug":"resuelve-set-1197-casos-de-pagos-omitidos-desde-2019-2","status":"publish","type":"post","link":"http:\/\/revistalaneta.com.mx\/?p=10543","title":{"rendered":"Resuelve SET 1,197 casos de pagos omitidos desde 2019"},"content":{"rendered":"\n<p><\/p>\n\n\n\n<ul class=\"wp-block-list\">\n<li>\u201cContinuamos dando cumplimiento a los acuerdos asumidos en la mesa SEP-SNTE-SET\u201d: Castillo Pastor<\/li>\n<\/ul>\n\n\n\n<p><\/p>\n\n\n\n<p>Ciudad Victoria, Tamps.- La Secretar\u00eda de Educaci\u00f3n de Tamaulipas en voz de su titular, Luc\u00eda Aim\u00e9 Castillo Pastor inform\u00f3 que gracias al compromiso y voluntad del gobernador de Tamaulipas, Am\u00e9rico Villarreal Anaya, y a las gestiones realizadas ante la Secretar\u00eda de Educaci\u00f3n P\u00fablica, se logr\u00f3 la autorizaci\u00f3n administrativa y la suficiencia presupuestal estatal para que a partir del 16 de febrero del presente a\u00f1o, se generen las n\u00f3minas extraordinarias para el pago de 1,197 casos de adeudos a trabajadores de la educaci\u00f3n, que podr\u00e1n ser consultados en el Sistema Integral de Informaci\u00f3n Educativa (SIIE).<\/p>\n\n\n\n<p>Con esta acci\u00f3n, inform\u00f3 Castillo Pastor, se contin\u00faa avanzando en la atenci\u00f3n al rezago de problem\u00e1ticas heredadas, as\u00ed como en la respuesta mediante el di\u00e1logo a los diversos planteamientos expuestos por la Secci\u00f3n 30 del Sindicato Nacional de Trabajadores de la Educaci\u00f3n.<\/p>\n\n\n\n<p>Inform\u00f3 adem\u00e1s que los pagos omitidos refieren situaciones acumuladas desde el a\u00f1o 2019, por lo que se requiri\u00f3 la autorizaci\u00f3n federal y la suficiencia presupuestal estatal para su cobertura, situaci\u00f3n que se ha logrado gracias a las gestiones, voluntad y buena relaci\u00f3n del gobernador con las autoridades federales.<\/p>\n","protected":false},"excerpt":{"rendered":"<p>Ciudad Victoria, Tamps.- La Secretar\u00eda de Educaci\u00f3n de Tamaulipas en voz de su titular, Luc\u00eda Aim\u00e9 Castillo Pastor inform\u00f3 que gracias al compromiso y voluntad del gobernador de Tamaulipas, Am\u00e9rico &hellip; <a href=\"http:\/\/revistalaneta.com.mx\/?p=10543\" class=\"more-link\">Leer m\u00e1s<\/a><\/p>\n","protected":false},"author":1,"featured_media":10542,"comment_status":"open","ping_status":"open","sticky":false,"template":"","format":"standard","meta":{"footnotes":""},"categories":[7],"tags":[],"class_list":["post-10543","post","type-post","status-publish","format-standard","has-post-thumbnail","hentry","category-ciudad-victoria","entry"],"_links":{"self":[{"href":"http:\/\/revistalaneta.com.mx\/index.php?rest_route=\/wp\/v2\/posts\/10543","targetHints":{"allow":["GET"]}}],"collection":[{"href":"http:\/\/revistalaneta.com.mx\/index.php?rest_route=\/wp\/v2\/posts"}],"about":[{"href":"http:\/\/revistalaneta.com.mx\/index.php?rest_route=\/wp\/v2\/types\/post"}],"author":[{"embeddable":true,"href":"http:\/\/revistalaneta.com.mx\/index.php?rest_route=\/wp\/v2\/users\/1"}],"replies":[{"embeddable":true,"href":"http:\/\/revistalaneta.com.mx\/index.php?rest_route=%2Fwp%2Fv2%2Fcomments&post=10543"}],"version-history":[{"count":1,"href":"http:\/\/revistalaneta.com.mx\/index.php?rest_route=\/wp\/v2\/posts\/10543\/revisions"}],"predecessor-version":[{"id":10544,"href":"http:\/\/revistalaneta.com.mx\/index.php?rest_route=\/wp\/v2\/posts\/10543\/revisions\/10544"}],"wp:featuredmedia":[{"embeddable":true,"href":"http:\/\/revistalaneta.com.mx\/index.php?rest_route=\/wp\/v2\/media\/10542"}],"wp:attachment":[{"href":"http:\/\/revistalaneta.com.mx\/index.php?rest_route=%2Fwp%2Fv2%2Fmedia&parent=10543"}],"wp:term":[{"taxonomy":"category","embeddable":true,"href":"http:\/\/revistalaneta.com.mx\/index.php?rest_route=%2Fwp%2Fv2%2Fcategories&post=10543"},{"taxonomy":"post_tag","embeddable":true,"href":"http:\/\/revistalaneta.com.mx\/index.php?rest_route=%2Fwp%2Fv2%2Ftags&post=10543"}],"curies":[{"name":"wp","href":"https:\/\/api.w.org\/{rel}","templated":true}]}}