{"id":10549,"date":"2024-02-20T13:19:37","date_gmt":"2024-02-20T13:19:37","guid":{"rendered":"http:\/\/revistalaneta.com.mx\/?p=10549"},"modified":"2024-02-20T13:19:52","modified_gmt":"2024-02-20T13:19:52","slug":"realizan-con-exito-segundo-encuentro-apicola-en-tamaulipas","status":"publish","type":"post","link":"http:\/\/revistalaneta.com.mx\/?p=10549","title":{"rendered":"Realizan con \u00e9xito Segundo Encuentro Ap\u00edcola en Tamaulipas"},"content":{"rendered":"\n<p><\/p>\n\n\n\n<p><\/p>\n\n\n\n<p>Ciudad Victoria, Tamps. \u2013 La Secretar\u00eda de Desarrollo Rural, Pesca y Acuacultura en coordinaci\u00f3n con los productores ap\u00edcolas realiz\u00f3 el Segundo Encuentro Ap\u00edcola denominado \u201cOportunidades de Desarrollo en el Campo\u201d, donde el objetivo principal es resaltar la importancia de la biodiversidad y promover la protecci\u00f3n de las abejas, abordar los problemas relacionados con el suministro de alimentos y contribuir a la seguridad alimentaria.<\/p>\n\n\n\n<p>\u201cLa ideolog\u00eda del gobernador, Am\u00e9rico Villarreal Anaya es que las cosas se hagan y que se hagan bien, decirles que seguiremos fomentando este tipo de actividades, el gobierno est\u00e1 buscando el arraigo de los j\u00f3venes en el campo, el campo en Tamaulipas se est\u00e1 quedando un poquito viejo, necesitamos urgentemente ese relevo generacional\u201d, afirm\u00f3 Cuauht\u00e9moc Amaya Garc\u00eda, subsecretario de Desarrollo Pecuario y Forestal, en representaci\u00f3n del secretario de Desarrollo Rural, Antonio Varela Flores.<\/p>\n\n\n\n<p>Expres\u00f3 que por gestiones de gobernador y de la Secretar\u00eda de Desarrollo Rural y con la intenci\u00f3n de apoyar a los apicultores durante este Ejercicio Fiscal 2024: \u201cestaremos operando el programa de Mejoramiento Gen\u00e9tico Ap\u00edcola, en donde vamos a estar entregando abejas reina, adem\u00e1s en los pr\u00f3ximos d\u00edas se estar\u00e1 apoyando a los productores ap\u00edcolas con az\u00facar para alimentaci\u00f3n de las abejas, esto con la intenci\u00f3n de ayudarlos a pasar el invierno\u201d.<\/p>\n\n\n\n<p>\u201cOtro de los programas que estamos impulsando es el de Fomento a la Apicultura, el cual est\u00e1 enfocado hacia los j\u00f3venes, para ellos se estar\u00e1 realizando un diplomado en donde se hablar\u00e1 sobre el todo el proceso de inducci\u00f3n de las abejas, adem\u00e1s estaremos ense\u00f1ando c\u00f3mo producir miel, de igual manera como ampliarnos a los productos y subproductos de la miel\u201d, resalt\u00f3 el subsecretario de Desarrollo Pecuario y Forestal.<\/p>\n\n\n\n<p>El funcionario se\u00f1al\u00f3 que lo m\u00e1s importante de este programa de Fomento a la Apicultura es que las y los j\u00f3venes que acrediten el diplomado, van a ser acreedores a 15 colmenas, adem\u00e1s de un kit de implementos que se requieren para la producci\u00f3n, lo anterior con la finalidad de que los j\u00f3venes inicien en la actividad ap\u00edcola.<\/p>\n\n\n\n<p>\u201cLa intenci\u00f3n es que al final de la administraci\u00f3n contemos con 400 j\u00f3venes trabajando en la apicultura, y sobre todo j\u00f3venes arraigados en el campo produciendo, para lograr estos apoyos los invito a que hagamos sinergia y que trabajemos en equipo para sacar adelante el campo de Tamaulipas\u201d.<\/p>\n\n\n\n<p>Dicho curso se desarroll\u00f3 en el auditorio de la Facultad de Medicina Veterinaria y Zootecnia de la Universidad Aut\u00f3noma de Tamaulipas, en donde se expusieron temas como: \u00bfQu\u00e9 es la apicultura?, Los cinco pilares para una agricultura sustentable, Impacto de la apicultura en el entorno ecol\u00f3gico, Productos y subproductos que se obtienen de las abejas, Polinizaci\u00f3n de cultivos, as\u00ed como La apicultura, una alternativa en la salud humana.<\/p>\n\n\n\n<p>Al encuentro se dieron cita Mar\u00eda de la Luz Vargas Saavedra, jefa de la Direcci\u00f3n de Posgrados; Daniela San Juan Mar Manr\u00edque, coordinadora de Programas Compensatorios; Jos\u00e9 Guadalupe Mart\u00ednez de Le\u00f3n, en representaci\u00f3n del jefe de Departamento de Educaci\u00f3n Extraescolar; Agust\u00edn Medell\u00edn Ledezma, en representaci\u00f3n de los apicultores; Eduardo Maraboto Mart\u00ednez, director de Extensionismo Pecuario, adem\u00e1s de productores.<\/p>\n","protected":false},"excerpt":{"rendered":"<p>Ciudad Victoria, Tamps. \u2013 La Secretar\u00eda de Desarrollo Rural, Pesca y Acuacultura en coordinaci\u00f3n con los productores ap\u00edcolas realiz\u00f3 el Segundo Encuentro Ap\u00edcola denominado \u201cOportunidades de Desarrollo en el Campo\u201d, &hellip; <a href=\"http:\/\/revistalaneta.com.mx\/?p=10549\" class=\"more-link\">Leer m\u00e1s<\/a><\/p>\n","protected":false},"author":1,"featured_media":10548,"comment_status":"open","ping_status":"open","sticky":false,"template":"","format":"standard","meta":{"footnotes":""},"categories":[1],"tags":[],"class_list":["post-10549","post","type-post","status-publish","format-standard","has-post-thumbnail","hentry","category-sin-categoria","entry"],"_links":{"self":[{"href":"http:\/\/revistalaneta.com.mx\/index.php?rest_route=\/wp\/v2\/posts\/10549","targetHints":{"allow":["GET"]}}],"collection":[{"href":"http:\/\/revistalaneta.com.mx\/index.php?rest_route=\/wp\/v2\/posts"}],"about":[{"href":"http:\/\/revistalaneta.com.mx\/index.php?rest_route=\/wp\/v2\/types\/post"}],"author":[{"embeddable":true,"href":"http:\/\/revistalaneta.com.mx\/index.php?rest_route=\/wp\/v2\/users\/1"}],"replies":[{"embeddable":true,"href":"http:\/\/revistalaneta.com.mx\/index.php?rest_route=%2Fwp%2Fv2%2Fcomments&post=10549"}],"version-history":[{"count":1,"href":"http:\/\/revistalaneta.com.mx\/index.php?rest_route=\/wp\/v2\/posts\/10549\/revisions"}],"predecessor-version":[{"id":10550,"href":"http:\/\/revistalaneta.com.mx\/index.php?rest_route=\/wp\/v2\/posts\/10549\/revisions\/10550"}],"wp:featuredmedia":[{"embeddable":true,"href":"http:\/\/revistalaneta.com.mx\/index.php?rest_route=\/wp\/v2\/media\/10548"}],"wp:attachment":[{"href":"http:\/\/revistalaneta.com.mx\/index.php?rest_route=%2Fwp%2Fv2%2Fmedia&parent=10549"}],"wp:term":[{"taxonomy":"category","embeddable":true,"href":"http:\/\/revistalaneta.com.mx\/index.php?rest_route=%2Fwp%2Fv2%2Fcategories&post=10549"},{"taxonomy":"post_tag","embeddable":true,"href":"http:\/\/revistalaneta.com.mx\/index.php?rest_route=%2Fwp%2Fv2%2Ftags&post=10549"}],"curies":[{"name":"wp","href":"https:\/\/api.w.org\/{rel}","templated":true}]}}