{"id":10554,"date":"2024-02-20T13:23:37","date_gmt":"2024-02-20T13:23:37","guid":{"rendered":"http:\/\/revistalaneta.com.mx\/?p=10554"},"modified":"2024-02-20T13:23:52","modified_gmt":"2024-02-20T13:23:52","slug":"capacitar-y-fortalecer-trabajo-de-servidores-publicos-uno-de-los-propositos-de-la-secretaria-del-trabajo","status":"publish","type":"post","link":"http:\/\/revistalaneta.com.mx\/?p=10554","title":{"rendered":"Capacitar y fortalecer trabajo de servidores p\u00fablicos, uno de los prop\u00f3sitos de la Secretar\u00eda del Trabajo"},"content":{"rendered":"\n<p><\/p>\n\n\n\n<ul class=\"wp-block-list\">\n<li>Son certificados con una constancia de habilidades laborales DC3, fortaleciendo su compromiso con el servicio p\u00fablico: Olga Sosa Ru\u00edz<\/li>\n<\/ul>\n\n\n\n<p><\/p>\n\n\n\n<p>Ciudad Victoria, Tamps.- Servidores p\u00fablicos pertenecientes a la Subsecretar\u00eda del Trabajo y Conciliaci\u00f3n dieron inicio al programa de capacitaci\u00f3n 2024 donde recibieron el taller &#8220;Actitudes Positivas&#8221; que les hace acreedores a una constancia de habilidades laborales, con el prop\u00f3sito de brindar un mejor servicio a las y los tamaulipecos como parte de la pol\u00edtica humanista del gobernador Am\u00e9rico Villarreal Anaya.<\/p>\n\n\n\n<p>En representaci\u00f3n de la secretaria Olga Patricia Sosa Ru\u00edz, asisti\u00f3 el subsecretario de Empleo y Previsi\u00f3n Social Abelardo Flores Mendoza, quien por su conducto extern\u00f3 una felicitaci\u00f3n a las personas participantes de este taller, que tiene como prop\u00f3sito resolver las heridas psicoemocionales adquiridas desde la infancia, como parte de un desarrollo humano que transforma el nivel de rendimiento, motivaci\u00f3n y compromiso con la instituci\u00f3n y su vida personal, lo que los hace acreedores a una constancia de habilidades laborales DC3.<\/p>\n\n\n\n<p>&#8220;Reciban un cordial saludo de la secretaria Olga Patricia Sosa Ru\u00edz, as\u00ed como su reconocimiento por la disponibilidad que tienen para recibir este curso y con ello, brindar un mejor servicio a las y los tamaulipecos, que son nuestra raz\u00f3n de estar en esta dependencia, porque de esta manera damos cumplimiento a la transformaci\u00f3n de Tamaulipas con una actitud humanista, que debe quedar plasmada en nuestro trabajo diario&#8221;.<\/p>\n\n\n\n<p>Por su parte, Mario Mireles Salas, subsecretario de Trabajo y Conciliaci\u00f3n, refrend\u00f3 el compromiso de todos los participantes de esa subsecretar\u00eda, que con una actitud positiva y vocaci\u00f3n de servicio, han sacado adelante el rezago de expedientes, pero sobre todo dejando en alto el nombre de Tamaulipas, que vive una etapa de transformaci\u00f3n propositiva.<\/p>\n\n\n\n<p>Este taller de Actitudes Positivas fue impartido por el coach certificado Carlos Picazo y en este evento tambi\u00e9n participaron la presidenta de la Junta Local de Victoria Mar\u00eda de los \u00c1ngeles Borbolla, el presidente de la Junta Especial n\u00famero 2, Jos\u00e9 Israel Blanco Mayorga; as\u00ed como el presidente de la Junta Especial n\u00famero 3, Isidro Garc\u00eda Vald\u00e9s y el personal adscrito a cada una de estas oficinas de gobierno.<\/p>\n","protected":false},"excerpt":{"rendered":"<p>Ciudad Victoria, Tamps.- Servidores p\u00fablicos pertenecientes a la Subsecretar\u00eda del Trabajo y Conciliaci\u00f3n dieron inicio al programa de capacitaci\u00f3n 2024 donde recibieron el taller &#8220;Actitudes Positivas&#8221; que les hace acreedores &hellip; <a href=\"http:\/\/revistalaneta.com.mx\/?p=10554\" class=\"more-link\">Leer m\u00e1s<\/a><\/p>\n","protected":false},"author":1,"featured_media":10553,"comment_status":"open","ping_status":"open","sticky":false,"template":"","format":"standard","meta":{"footnotes":""},"categories":[7],"tags":[],"class_list":["post-10554","post","type-post","status-publish","format-standard","has-post-thumbnail","hentry","category-ciudad-victoria","entry"],"_links":{"self":[{"href":"http:\/\/revistalaneta.com.mx\/index.php?rest_route=\/wp\/v2\/posts\/10554","targetHints":{"allow":["GET"]}}],"collection":[{"href":"http:\/\/revistalaneta.com.mx\/index.php?rest_route=\/wp\/v2\/posts"}],"about":[{"href":"http:\/\/revistalaneta.com.mx\/index.php?rest_route=\/wp\/v2\/types\/post"}],"author":[{"embeddable":true,"href":"http:\/\/revistalaneta.com.mx\/index.php?rest_route=\/wp\/v2\/users\/1"}],"replies":[{"embeddable":true,"href":"http:\/\/revistalaneta.com.mx\/index.php?rest_route=%2Fwp%2Fv2%2Fcomments&post=10554"}],"version-history":[{"count":1,"href":"http:\/\/revistalaneta.com.mx\/index.php?rest_route=\/wp\/v2\/posts\/10554\/revisions"}],"predecessor-version":[{"id":10555,"href":"http:\/\/revistalaneta.com.mx\/index.php?rest_route=\/wp\/v2\/posts\/10554\/revisions\/10555"}],"wp:featuredmedia":[{"embeddable":true,"href":"http:\/\/revistalaneta.com.mx\/index.php?rest_route=\/wp\/v2\/media\/10553"}],"wp:attachment":[{"href":"http:\/\/revistalaneta.com.mx\/index.php?rest_route=%2Fwp%2Fv2%2Fmedia&parent=10554"}],"wp:term":[{"taxonomy":"category","embeddable":true,"href":"http:\/\/revistalaneta.com.mx\/index.php?rest_route=%2Fwp%2Fv2%2Fcategories&post=10554"},{"taxonomy":"post_tag","embeddable":true,"href":"http:\/\/revistalaneta.com.mx\/index.php?rest_route=%2Fwp%2Fv2%2Ftags&post=10554"}],"curies":[{"name":"wp","href":"https:\/\/api.w.org\/{rel}","templated":true}]}}