{"id":10677,"date":"2024-02-24T12:36:03","date_gmt":"2024-02-24T12:36:03","guid":{"rendered":"http:\/\/revistalaneta.com.mx\/?p=10677"},"modified":"2024-02-24T12:36:19","modified_gmt":"2024-02-24T12:36:19","slug":"suman-acciones-para-la-recuperacion-del-estatus-zoosanitario","status":"publish","type":"post","link":"http:\/\/revistalaneta.com.mx\/?p=10677","title":{"rendered":"Suman acciones para la recuperaci\u00f3n del estatus zoosanitario"},"content":{"rendered":"\n<p><\/p>\n\n\n\n<p><\/p>\n\n\n\n<p>Ciudad Victoria, Tamps. \u2013 La Secretar\u00eda de Desarrollo Rural, Pesca y Acuacultura en coordinaci\u00f3n con la Uni\u00f3n Ganadera Regional de Tamaulipas y la Secretar\u00eda de Agricultura en Tamaulipas llev\u00f3 a cabo una reuni\u00f3n de trabajo con m\u00e9dicos veterinarios para poner en marcha acciones que vayan encaminadas a la recuperaci\u00f3n del estatus zoosanitario en el estado.<\/p>\n\n\n\n<p>Cuauht\u00e9moc Amaya Garc\u00eda, subsecretario de Desarrollo Pecuario y Forestal, en representaci\u00f3n del secretario de Desarrollo Rural, Pesca y Acuacultura, Antonio Varela Flores resalt\u00f3, \u201custedes los m\u00e9dicos veterinarios son los ojos de nosotros en el campo, por eso la importancia de que se haga un buen trabajo, de que vayamos atendiendo todas las observaciones, los nuevos requisitos que se van a aplicar, estamos preocupados en poder mantener el estatus zoosanitario\u201d.<\/p>\n\n\n\n<p>Refiri\u00f3 que los temas que se abordaron durante la reuni\u00f3n fueron; Introducci\u00f3n a la tuberculosis bovina, Constataci\u00f3n progresiva de hato, Barrido zona buffer, Captura e impresi\u00f3n de dict\u00e1menes, Orden cronol\u00f3gica de los informes, Homologaci\u00f3n del barrido con el BCI, y Responsables de los corrales de acopio para la exportaci\u00f3n.<\/p>\n\n\n\n<p>\u201cEn cuanto al tema de prueba de barrido donde se examin\u00f3 todo el hato ganadero de Tamaulipas se tiene un avance del 58 por ciento en el estado, en los municipios de Aldama, Gonz\u00e1lez, G\u00fc\u00e9mez, Tampico y Palmillas, el cual se hace en un lapso de cinco a\u00f1os\u201d, destac\u00f3 Amaya Garc\u00eda.<\/p>\n\n\n\n<p>As\u00ed mismo, dijo que derivado de la p\u00e9rdida del estatus sanitario del Estado de Nuevo Le\u00f3n, \u201cel Servicio Nacional de Sanidad, Inocuidad y Calidad Agroalimentaria (SENASICA) nos solicit\u00f3 que hagamos un proyecto una zona de amortiguamiento con el vecino estado, en los 17 municipios que colindan con Nuevo Le\u00f3n, donde son alrededor de 860 kil\u00f3metros de camino lo que se tiene que cubrir para evitar el ingreso de ganado\u201d.<\/p>\n\n\n\n<p>El presidente de la Uni\u00f3n Ganadera Regional de Tamaulipas, Jos\u00e9 Guerrero Gamboa dijo que es importante trabajar de manera coordinada con el gobierno federal, estatal y los productores para poder salir adelante de esta problem\u00e1tica sanitaria que se ha tenido, \u201clo que ha implicado que nos hagan m\u00e1s observaciones, ustedes son la cara inmediata hacia el productor; adem\u00e1s reitero, en la Uni\u00f3n Ganadera estamos en la mejor disposici\u00f3n para cualquier apoyo en beneficio de los productores pecuarios\u201d<\/p>\n\n\n\n<p>Karla Janeth G\u00f3mez en representaci\u00f3n del titular de la Secretar\u00eda de Agricultura en Tamaulipas, Guadalupe Acevedo Gonz\u00e1lez, durante su intervenci\u00f3n reconoci\u00f3 el trabajo que esta administraci\u00f3n ha realizado, \u201cse ha involucrado mucho por tratar de elevar el estatus sanitario en el que estamos, sabemos que las decisiones que toman van encaminadas a solventar las observaciones que tanto la USDA y SENASICA han hecho para que no perdamos el estatus sanitario y no nos encontremos en una situaci\u00f3n como la de Nuevo Le\u00f3n\u201d.<\/p>\n\n\n\n<p>Al encuentro asistieron Iv\u00e1n Alejandro Mendoza Qui\u00f1ones, encargado de la Coordinaci\u00f3n de Campa\u00f1as Zoosanitarias en Tamaulipas; Tirzo Zumaya Turrubiates, director de Fomento Pecuario y Ruby S\u00e1nchez Torres, jefe de Ventanillas, as\u00ed como m\u00e9dicos veterinarios.<code> <\/code><\/p>\n","protected":false},"excerpt":{"rendered":"<p>Ciudad Victoria, Tamps. \u2013 La Secretar\u00eda de Desarrollo Rural, Pesca y Acuacultura en coordinaci\u00f3n con la Uni\u00f3n Ganadera Regional de Tamaulipas y la Secretar\u00eda de Agricultura en Tamaulipas llev\u00f3 a &hellip; <a href=\"http:\/\/revistalaneta.com.mx\/?p=10677\" class=\"more-link\">Leer m\u00e1s<\/a><\/p>\n","protected":false},"author":1,"featured_media":10676,"comment_status":"open","ping_status":"open","sticky":false,"template":"","format":"standard","meta":{"footnotes":""},"categories":[7],"tags":[],"class_list":["post-10677","post","type-post","status-publish","format-standard","has-post-thumbnail","hentry","category-ciudad-victoria","entry"],"_links":{"self":[{"href":"http:\/\/revistalaneta.com.mx\/index.php?rest_route=\/wp\/v2\/posts\/10677","targetHints":{"allow":["GET"]}}],"collection":[{"href":"http:\/\/revistalaneta.com.mx\/index.php?rest_route=\/wp\/v2\/posts"}],"about":[{"href":"http:\/\/revistalaneta.com.mx\/index.php?rest_route=\/wp\/v2\/types\/post"}],"author":[{"embeddable":true,"href":"http:\/\/revistalaneta.com.mx\/index.php?rest_route=\/wp\/v2\/users\/1"}],"replies":[{"embeddable":true,"href":"http:\/\/revistalaneta.com.mx\/index.php?rest_route=%2Fwp%2Fv2%2Fcomments&post=10677"}],"version-history":[{"count":1,"href":"http:\/\/revistalaneta.com.mx\/index.php?rest_route=\/wp\/v2\/posts\/10677\/revisions"}],"predecessor-version":[{"id":10678,"href":"http:\/\/revistalaneta.com.mx\/index.php?rest_route=\/wp\/v2\/posts\/10677\/revisions\/10678"}],"wp:featuredmedia":[{"embeddable":true,"href":"http:\/\/revistalaneta.com.mx\/index.php?rest_route=\/wp\/v2\/media\/10676"}],"wp:attachment":[{"href":"http:\/\/revistalaneta.com.mx\/index.php?rest_route=%2Fwp%2Fv2%2Fmedia&parent=10677"}],"wp:term":[{"taxonomy":"category","embeddable":true,"href":"http:\/\/revistalaneta.com.mx\/index.php?rest_route=%2Fwp%2Fv2%2Fcategories&post=10677"},{"taxonomy":"post_tag","embeddable":true,"href":"http:\/\/revistalaneta.com.mx\/index.php?rest_route=%2Fwp%2Fv2%2Ftags&post=10677"}],"curies":[{"name":"wp","href":"https:\/\/api.w.org\/{rel}","templated":true}]}}