{"id":107,"date":"2022-06-10T16:34:57","date_gmt":"2022-06-10T16:34:57","guid":{"rendered":"http:\/\/revistalaneta.com.mx.previewc75.carrierzone.com\/?p=107"},"modified":"2022-08-10T16:36:41","modified_gmt":"2022-08-10T16:36:41","slug":"se-avecinan-cambios-en-el-pan","status":"publish","type":"post","link":"http:\/\/revistalaneta.com.mx\/?p=107","title":{"rendered":"Se avecinan cambios en el PAN"},"content":{"rendered":"<div id=\"contentsContainer\" class=\"style-scope qowt-page\">\n<div id=\"contents\" class=\"style-scope qowt-page\">\n<p id=\"E54\" class=\"qowt-stl-Sinespaciado x-scope qowt-word-para-0\"><span id=\"E55\" class=\"qowt-font2-TimesNewRoman\">Una explicaci\u00f3n sobre c\u00f3mo va el proceso de la impugnaci\u00f3n por la gubernatura del estado, fue lo que vino a dar el presidente del comit\u00e9 estatal del Partido Acci\u00f3n Nacional (PAN), Luis Ren\u00e9 Cant\u00fa Galv\u00e1n, ante militantes de este partido en Nuevo Laredo. Obviamente el mencionado trat\u00f3 su propia versi\u00f3n, en la que seg\u00fan \u00e9l hay una amplia posibilidad de que s\u00ed se eche atr\u00e1s la elecci\u00f3n, pero es claro que es lo que tiene que decir. <\/span><span id=\"E57\" class=\"qowt-font2-TimesNewRoman\">Asimismo<\/span><span id=\"E59\" class=\"qowt-font2-TimesNewRoman\"> se trat\u00f3 el tema del cambio en la dirigencia estatal, donde por cierto existe la posibilidad de que \u201cEl Cachorro\u201d Cant\u00fa se reelija, m\u00e1s que nada porque no hay quien<\/span><span id=\"E60\" class=\"qowt-font2-TimesNewRoman\"> <\/span><span id=\"E61\" class=\"qowt-font2-TimesNewRoman\">m\u00e1<\/span><span id=\"E62\" class=\"qowt-font2-TimesNewRoman\">s <\/span><span id=\"E63\" class=\"qowt-font2-TimesNewRoman\">alce la mano para dirigir al blanquiazul en Tamaulipas. Fue poca la asistencia de panistas neolaredenses a esta reuni\u00f3n con su dirigente <\/span><span id=\"E64\" class=\"qowt-font2-TimesNewRoman\">estatal<\/span><span id=\"E65\" class=\"qowt-font2-TimesNewRoman\">, y por cierto aprovecharon para exigirle que se reintegre el comit\u00e9 municipal en Nuevo Laredo, en lugar de la delegaci\u00f3n que es actualmente, y as\u00ed pueda haber elecci\u00f3n interna para designar una nueva directiva local.<\/span><\/p>\n<p id=\"E69\" class=\"qowt-stl-Sinespaciado x-scope qowt-word-para-0\"><span id=\"E70\" class=\"qowt-font2-TimesNewRoman\">SE INCREMENTA EXPEDICI\u00d3N DE LICENCIAS DE MANEJO PERMANENTES<\/span><\/p>\n<p id=\"E71\" class=\"qowt-stl-Sinespaciado x-scope qowt-word-para-0\"><span id=\"E72\" class=\"qowt-font2-TimesNewRoman\">Hasta en un 60 por ciento se ha incrementado la expedici\u00f3n de licencias de manejo, desde que dicho documento es permanente. Esto lo reporta el <\/span><span id=\"E74\" class=\"qowt-font2-TimesNewRoman\">Jefe<\/span><span id=\"E76\" class=\"qowt-font2-TimesNewRoman\"> de la Oficina Fiscal del Estado, Arturo Sanmiguel Cant\u00fa, quien indica que mucha gente est\u00e1 solicitando <\/span><span id=\"E77\" class=\"qowt-font2-TimesNewRoman\">la nueva licencia<\/span><span id=\"E78\" class=\"qowt-font2-TimesNewRoman\">, que les garantiza ya no volver a tramitarl<\/span><span id=\"E79\" class=\"qowt-font2-TimesNewRoman\">a<\/span><span id=\"E80\" class=\"qowt-font2-TimesNewRoman\">. Dijo que es tanta la demanda que a partir de la semana entrante se van a empezar a dar boletos a quienes paguen la licencia, para que m\u00e1s adelante, vayan a <\/span><span id=\"E81\" class=\"qowt-font2-TimesNewRoman\">conseguir<\/span><span id=\"E82\" class=\"qowt-font2-TimesNewRoman\"> el documento, pues de momento los tres m\u00f3dulos de expedici\u00f3n de las licencias no se dan abasto para atender la gran demanda existente por los pl\u00e1<\/span><span id=\"E83\" class=\"qowt-font2-TimesNewRoman\">s<\/span><span id=\"E84\" class=\"qowt-font2-TimesNewRoman\">ticos. Cabe apuntar que la licencia de chofer tiene un costo de 1,455 pesos, y la de automovilista y motociclista<\/span><span id=\"E85\" class=\"qowt-font2-TimesNewRoman\"> <\/span><span id=\"E86\" class=\"qowt-font2-TimesNewRoman\">1,115 pesos. Y dijo Sanmiguel que la idea es que m\u00e1s adelante se pueda tramitar el documento v\u00eda Internet, y ya nada m\u00e1s vayan a o<\/span><span id=\"E87\" class=\"qowt-font2-TimesNewRoman\">b<\/span><span id=\"E88\" class=\"qowt-font2-TimesNewRoman\">tenerla a la oficina fiscal. <\/span><\/p>\n<p id=\"E90\" class=\"qowt-stl-Sinespaciado x-scope qowt-word-para-0\"><span id=\"E91\" class=\"qowt-font2-TimesNewRoman\">LICENCIAS DE MANEJO DIGITALES<\/span><\/p>\n<p id=\"E92\" class=\"qowt-stl-Sinespaciado x-scope qowt-word-para-0\"><span id=\"E93\" class=\"qowt-font2-TimesNewRoman\">Por <\/span><span id=\"E95\" class=\"qowt-font2-TimesNewRoman\">cierto<\/span><span id=\"E97\" class=\"qowt-font2-TimesNewRoman\"> que otra cosa que tambi\u00e9n deber\u00eda aplicar el gobierno del estado, es expedir las licencias de manejo digitales, tal y como las que expide el gobierno federal en el caso de las licencias federales. Ya la gran mayor\u00eda de los ch\u00f3feres de camiones traen sus licencias digitales, las cuales pueden mostrar a las autoridades competentes a trav\u00e9s de sus tel\u00e9fonos celulares, por lo que algo similar se puede hacer en el estado, y esto tendr\u00e1 que ser algo que analicen las pr\u00f3ximas autoridades estatales. Digo. <\/span><\/p>\n<p id=\"E99\" class=\"qowt-stl-Sinespaciado x-scope qowt-word-para-0\"><span id=\"E100\" class=\"qowt-font2-TimesNewRoman\">SE FORTALECE EL LIDERAZGO DE LA UTNL<\/span><\/p>\n<p id=\"E101\" class=\"qowt-stl-Sinespaciado x-scope qowt-word-para-0\"><span id=\"E102\" class=\"qowt-font2-TimesNewRoman\">Una vez m\u00e1s la Universidad Tecnol\u00f3gica de Nuevo Laredo (UTNL) dej\u00f3 en claro su liderazgo educativo en esta ciudad fronteriza, al ser sede de la reuni\u00f3n del Comit\u00e9 de Facilitaci\u00f3n Aduanera, el cual junt\u00f3 a autoridades de los Dos Laredos del ramo aduanero, as\u00ed como a agentes aduanales, transportistas, industriales y dem\u00e1s empresarios del \u00e1mbito log\u00edstico internacional. En su mensaje el Rector de la UTNL, Alfonso Salas P\u00e9rez, calific\u00f3 como un honor que dicha instituci\u00f3n forme parte del referido comit\u00e9, pues esto le permite apegarse a los programas educativos, con base a las necesidades de las empresas vinculadas al comercio exterior. En el evento se presentaron diversas propuestas para el mejoramiento del servicio de exportaci\u00f3n e importaci\u00f3n, y se lograron acuerdos en lo referente, que sin duda habr\u00e1n de aplicarse a la brevedad.<\/span><\/p>\n<\/div>\n<\/div>\n<div id=\"contentsContainer\" class=\"style-scope qowt-page\">\n<div id=\"contents\" class=\"style-scope qowt-page\">\n<p id=\"E104\" class=\"qowt-stl-Sinespaciado x-scope qowt-word-para-0\"><span id=\"E105\" class=\"qowt-font2-TimesNewRoman\">EVENTO DE VAMPIROS<\/span><\/p>\n<p id=\"E106\" class=\"qowt-stl-Sinespaciado x-scope qowt-word-para-0\"><span id=\"E107\" class=\"qowt-font2-TimesNewRoman\">Para este s\u00e1bado 6 de agosto <\/span><span id=\"E109\" class=\"qowt-font2-TimesNewRoman\">est\u00e1<\/span><span id=\"E110\" class=\"qowt-font2-TimesNewRoman\"> programado un evento denominado <\/span><span id=\"E111\" class=\"qowt-font2-TimesNewRoman\">\u201c<\/span><span id=\"E112\" class=\"qowt-font2-TimesNewRoman\">100 A\u00f1os de Nosferatu: Una sinfon\u00eda de terror y el universo del vampiro<\/span><span id=\"E113\" class=\"qowt-font2-TimesNewRoman\">\u201d<\/span><span id=\"E114\" class=\"qowt-font2-TimesNewRoman\"> que se llevara a cabo en Estaci\u00f3n Palabra a partir de las 11 de la ma\u00f1ana. Es un evento un tanto diferente, y enfocado a los amantes del vampirismo, donde habr\u00e1 din\u00e1micas para ni\u00f1os, j\u00f3venes y adultos, cuenta cuentos, manualidad, charlas y exhibici\u00f3n de postres y objetos de colecci\u00f3n relacionados con el tema de los vampiros, <\/span><span id=\"E116\" class=\"qowt-font2-TimesNewRoman\">\u00f1aca<\/span><span id=\"E118\" class=\"qowt-font2-TimesNewRoman\">, <\/span><span id=\"E120\" class=\"qowt-font2-TimesNewRoman\">\u00f1aca<\/span><span id=\"E122\" class=\"qowt-font2-TimesNewRoman\">. La entrada es libre, aunque hay cupo limitado<\/span><span id=\"E123\" class=\"qowt-font2-TimesNewRoman\">. <\/span><span id=\"E124\" class=\"qowt-font2-TimesNewRoman\">Quien quiera ir con capa y colmillos, y hasta bolsa de sangre, ser\u00e1 bienvenido. <\/span><\/p>\n<p id=\"E126\" class=\"qowt-stl-Sinespaciado x-scope qowt-word-para-0\"><span id=\"E127\" class=\"qowt-font2-TimesNewRoman\">POR CERRAR INSCRIPCIONES EN EL IHS PARA CARRERA DE ENFERMER\u00cdA<\/span><\/p>\n<p id=\"E128\" class=\"qowt-stl-Sinespaciado x-scope qowt-word-para-0\"><span id=\"E129\" class=\"qowt-font2-TimesNewRoman\">En etapa de cierre de inscripciones para la Licenciatura en Enfermer\u00eda Bicultural se encuentra el Instituto Human\u00edstico de la Salud. En este <\/span><span id=\"E130\" class=\"qowt-font2-TimesNewRoman\">sentido<\/span><span id=\"E131\" class=\"qowt-font2-TimesNewRoman\"> cabe <\/span><span id=\"E132\" class=\"qowt-font2-TimesNewRoman\">apuntar<\/span><span id=\"E133\" class=\"qowt-font2-TimesNewRoman\"> que este plantel educativo ofrece el programa acad\u00e9mico y pr\u00e1ctico m\u00e1s completo en el \u00e1rea de Enfermer\u00eda. Por lo <\/span><span id=\"E135\" class=\"qowt-font2-TimesNewRoman\">tanto<\/span><span id=\"E137\" class=\"qowt-font2-TimesNewRoman\"> <\/span><span id=\"E138\" class=\"qowt-font2-TimesNewRoman\">la Universidad <\/span><span id=\"E139\" class=\"qowt-font2-TimesNewRoman\">IHS <\/span><span id=\"E140\" class=\"qowt-font2-TimesNewRoman\">est\u00e1 lista<\/span><span id=\"E141\" class=\"qowt-font2-TimesNewRoman\"> para el arranque de su Cuarta Generaci\u00f3n (2022-2026) el pr\u00f3ximo lunes 5 de septiembre. Es por ello que a todos los interesados en estudiar en Enfermer\u00eda Bicultural y Biling\u00fce en el IHS se les invita a acudir al campus universitario ubicado en Mina 3108 Sector Centro o llamar al 8677120200 al Departamento de Admisiones, para sus correspondientes registros.<\/span><\/p>\n<p id=\"E143\" class=\"qowt-stl-Sinespaciado x-scope qowt-word-para-0\"><span id=\"E144\" class=\"qowt-font2-TimesNewRoman\">NUEVO CURA EN LA IGLESIA DEL CARMEN<\/span><\/p>\n<p id=\"E145\" class=\"qowt-stl-Sinespaciado x-scope qowt-word-para-0\"><span id=\"E146\" class=\"qowt-font2-TimesNewRoman\">El presb\u00edtero Eduardo Monsiv\u00e1is Escobar ha sido designado por el Obispo de la Di\u00f3cesis de Nuevo Laredo,<\/span><span id=\"E147\" class=\"qowt-font2-TimesNewRoman\"> Enrique S\u00e1nchez Mart\u00ednez, <\/span><span id=\"E148\" class=\"qowt-font2-TimesNewRoman\">como<\/span><span id=\"E149\" class=\"qowt-font2-TimesNewRoman\"> el nuevo p\u00e1rroco de <\/span><span id=\"E150\" class=\"qowt-font2-TimesNewRoman\">la iglesia de<\/span><span id=\"E151\" class=\"qowt-font2-TimesNewRoman\"> Nuestra Se\u00f1ora del Carmen<\/span><span id=\"E152\" class=\"qowt-font2-TimesNewRoman\">, situada en la colonia Viveros. A la vez el padre Monsiv\u00e1is<\/span><span id=\"E153\" class=\"qowt-font2-TimesNewRoman\"> continuar\u00e1 su labor como coordinador de la Pastoral de Comunicaci\u00f3n y Formador del Seminario de Nuevo Laredo. <\/span><span id=\"E154\" class=\"qowt-font2-TimesNewRoman\">\u00a1Enhorabuena!<\/span><\/p>\n<p id=\"E156\" class=\"qowt-stl-Sinespaciado x-scope qowt-word-para-0\"><span id=\"E157\" class=\"qowt-font2-TimesNewRoman\">BUSCAN ALTERNATIVAS EN LA UAT PARA DIAB\u00c9TICOS<\/span><\/p>\n<p id=\"E158\" class=\"qowt-stl-Sinespaciado x-scope qowt-word-para-0\"><span id=\"E159\" class=\"qowt-font2-TimesNewRoman\">A trav\u00e9s de un comunicado<\/span><span id=\"E160\" class=\"qowt-font2-TimesNewRoman\"> la Universidad Aut\u00f3noma de Tamaulipas (UAT)<\/span><span id=\"E161\" class=\"qowt-font2-TimesNewRoman\"> hizo saber que expertos de esta instituci\u00f3n<\/span><span id=\"E162\" class=\"qowt-font2-TimesNewRoman\"> desarrollan estudios en plantas de la regi\u00f3n con el fin de extraer sustancias que puedan ser \u00fatiles en el control de los niveles de glucosa en la sangre pacientes de diabetes, trabajo que ha merecido reconocimientos estatales y nacionales.<\/span><\/p>\n<p id=\"E163\" class=\"qowt-stl-Sinespaciado x-scope qowt-word-para-0\"><span id=\"E164\" class=\"qowt-font2-TimesNewRoman\">En lo referente el doctor<\/span><span id=\"E165\" class=\"qowt-font2-TimesNewRoman\"> Fabi\u00e1n Eliseo Olazar\u00e1n Santib\u00e1\u00f1ez, investigador del Instituto de Ecolog\u00eda Aplicada (IEA) de la UAT, coment\u00f3 que este trabajo fue realizado en colaboraci\u00f3n con el bi\u00f3logo Jos\u00e9 Efra\u00edn Caballero Ch\u00e1vez, egresado del Instituto Tecnol\u00f3gico de Ciudad Victoria.<\/span><span id=\"E166\" class=\"qowt-font2-TimesNewRoman\"> <\/span><span id=\"E167\" class=\"qowt-font2-TimesNewRoman\">Explic\u00f3 <\/span><span id=\"E168\" class=\"qowt-font2-TimesNewRoman\">que <\/span><span id=\"E169\" class=\"qowt-font2-TimesNewRoman\">esta investigaci\u00f3n, a la cual han dedicado m\u00e1s de dieciocho meses, se basa en un modelo animal, en el cual se ha estado trabajando con ratones para analizar alternativas de tratamiento para la diabetes.<\/span><span id=\"E170\" class=\"qowt-font2-TimesNewRoman\"> Cabe apuntar <\/span><span id=\"E171\" class=\"qowt-font2-TimesNewRoman\">que esta enfermedad es una de las principales causas de muerte a nivel mundial y una de sus caracter\u00edsticas es el nivel elevado de glucosa en la sangre<\/span><span id=\"E172\" class=\"qowt-font2-TimesNewRoman\">, y en la UAT se est\u00e1 buscando la manera de contrarrestarla.<\/span><\/p>\n<\/div>\n<\/div>\n","protected":false},"excerpt":{"rendered":"<p>Una explicaci\u00f3n sobre c\u00f3mo va el proceso de la impugnaci\u00f3n por la gubernatura del estado, fue lo que vino a dar el presidente del comit\u00e9 estatal del Partido Acci\u00f3n Nacional &hellip; <a href=\"http:\/\/revistalaneta.com.mx\/?p=107\" class=\"more-link\">Leer m\u00e1s<\/a><\/p>\n","protected":false},"author":1,"featured_media":94,"comment_status":"open","ping_status":"open","sticky":false,"template":"","format":"standard","meta":{"footnotes":""},"categories":[2,3],"tags":[],"class_list":["post-107","post","type-post","status-publish","format-standard","has-post-thumbnail","hentry","category-chismorreo","category-opinion","entry"],"_links":{"self":[{"href":"http:\/\/revistalaneta.com.mx\/index.php?rest_route=\/wp\/v2\/posts\/107","targetHints":{"allow":["GET"]}}],"collection":[{"href":"http:\/\/revistalaneta.com.mx\/index.php?rest_route=\/wp\/v2\/posts"}],"about":[{"href":"http:\/\/revistalaneta.com.mx\/index.php?rest_route=\/wp\/v2\/types\/post"}],"author":[{"embeddable":true,"href":"http:\/\/revistalaneta.com.mx\/index.php?rest_route=\/wp\/v2\/users\/1"}],"replies":[{"embeddable":true,"href":"http:\/\/revistalaneta.com.mx\/index.php?rest_route=%2Fwp%2Fv2%2Fcomments&post=107"}],"version-history":[{"count":3,"href":"http:\/\/revistalaneta.com.mx\/index.php?rest_route=\/wp\/v2\/posts\/107\/revisions"}],"predecessor-version":[{"id":110,"href":"http:\/\/revistalaneta.com.mx\/index.php?rest_route=\/wp\/v2\/posts\/107\/revisions\/110"}],"wp:featuredmedia":[{"embeddable":true,"href":"http:\/\/revistalaneta.com.mx\/index.php?rest_route=\/wp\/v2\/media\/94"}],"wp:attachment":[{"href":"http:\/\/revistalaneta.com.mx\/index.php?rest_route=%2Fwp%2Fv2%2Fmedia&parent=107"}],"wp:term":[{"taxonomy":"category","embeddable":true,"href":"http:\/\/revistalaneta.com.mx\/index.php?rest_route=%2Fwp%2Fv2%2Fcategories&post=107"},{"taxonomy":"post_tag","embeddable":true,"href":"http:\/\/revistalaneta.com.mx\/index.php?rest_route=%2Fwp%2Fv2%2Ftags&post=107"}],"curies":[{"name":"wp","href":"https:\/\/api.w.org\/{rel}","templated":true}]}}