{"id":10722,"date":"2024-02-27T16:17:01","date_gmt":"2024-02-27T16:17:01","guid":{"rendered":"http:\/\/revistalaneta.com.mx\/?p=10722"},"modified":"2024-02-27T16:17:15","modified_gmt":"2024-02-27T16:17:15","slug":"arranca-carmen-lilia-canturosas-tercera-etapa-de-nuevo-laredo-se-prende-instalaran-mas-de-4-mil-luminarias","status":"publish","type":"post","link":"http:\/\/revistalaneta.com.mx\/?p=10722","title":{"rendered":"Arranca Carmen Lilia Canturosas tercera etapa de &#8220;Nuevo Laredo Se Prende&#8221;; instalar\u00e1n m\u00e1s de 4 mil luminarias"},"content":{"rendered":"\n<p><\/p>\n\n\n\n<p>Nuevo Laredo, Tamps.- Para darle continuidad a la modernizaci\u00f3n del alumbrado p\u00fablico de la ciudad, el Gobierno Municipal arranc\u00f3 la tercera etapa del programa \u201cNuevo Laredo Se Prende\u201d, con el que se modernizar\u00e1n 4 mil 300 luminarias con tecnolog\u00eda LED de 100 watts en avenidas principales que conectan el poniente con el oriente de la ciudad.<\/p>\n\n\n\n<p>Las nuevas l\u00e1mparas se instalar\u00e1n en C\u00e9sar L\u00f3pez de Lara, Morelos, 15 de Septiembre, Santos Degollado, Venezuela, entre otras; adem\u00e1s se continuar\u00e1 con el rescate del alumbrado en las plazas, parques, jardines y espacios deportivos, donde se cambiar\u00e1n m\u00e1s de 500 luminarias arbotantes coloniales con tipo led antivand\u00e1licas.<\/p>\n\n\n\n<p>La alcaldesa Carmen Lilia Canturosas Villarreal fue la encargada de dar el banderazo de arranque a esta tercera fase con la que se fortalecer\u00e1 la infraestructura urbana en los sectores m\u00e1s transitados de la ciudad.<\/p>\n\n\n\n<p>\u201cHoy miles de familias transitan por calles seguras, m\u00e1s y mejor iluminadas, gracias a este programa con el que no s\u00f3lo transformamos el alumbrado p\u00fablico de la ciudad, sino que generamos un ahorro en el gasto de energ\u00eda el\u00e9ctrica y algo muy importante, protegemos el medio ambiente de las emisiones de di\u00f3xido de carbono\u201d, destac\u00f3.<\/p>\n\n\n\n<p>Tambi\u00e9n resalt\u00f3 que para fortalecer el programa \u201cNuevo Laredo Se Prende\u201d en su segunda fase, en el Plan de Obra P\u00fablica 2023 se invirtieron m\u00e1s de 21 millones y medio de pesos para llevar a cabo ocho obras de construcci\u00f3n de alumbrado p\u00fablico en las colonias La Fe, Anexo Reforma Urbana, Palmares, Nueva Era, Francisco Villa, Villas de San Miguel y Colinas del Sur.<\/p>\n\n\n\n<p>Adem\u00e1s se realizaron cinco obras de rehabilitaci\u00f3n de alumbrado p\u00fablico en las colonias Centro, Hidalgo, Buenavista y Guerrero; en ambos rubros se iluminaron 96 cuadras de Nuevo Laredo con 361 luminarias de tecnolog\u00eda LED.<\/p>\n\n\n\n<p>Previo al arranque de la tercera etapa, el secretario de Servicios P\u00fablicos Primarios, Even Arredondo Bravo, brind\u00f3 un informe de los resultados de la segunda fase en el que se destac\u00f3 que de las 45 mil luminarias de Vapor de Sodio que existen en la ciudad, ya se modernizaron m\u00e1s de 23 mil a tecnolog\u00eda LED en las etapas anteriores, para brindar a la ciudadan\u00eda un servicio a la altura de lo que exige vivir en la frontera m\u00e1s din\u00e1mica de Tamaulipas.<\/p>\n\n\n\n<p>La presidenta municipal se\u00f1al\u00f3 que como un Gobierno de Resultados, se logr\u00f3 una efectividad del 96.25% de atenci\u00f3n en las llamadas y solicitudes que se recibieron a trav\u00e9s del Centro Integral de Gesti\u00f3n y Atenci\u00f3n (CIGA) para solucionar los reportes relacionados al alumbrado p\u00fablico.<\/p>\n\n\n\n<p>\u201cLa transformaci\u00f3n de Nuevo Laredo se puede palpar en cada espacio y en cada familia que hoy vive mejor, por ello somos ejemplo nacional en atenci\u00f3n a las principales problem\u00e1ticas de infraestructura urbana, tenemos un compromiso inquebrantable con el progreso de nuestra ciudad y lo estamos cumpliendo porque ciudadanos de primera, requieren servicios p\u00fablicos de primera\u201d, asegur\u00f3.<\/p>\n\n\n\n<p>Como parte de la transformaci\u00f3n del alumbrado p\u00fablico, el Gobierno Municipal renov\u00f3 m\u00e1s de 3 mil luminarias en diversos espacios p\u00fablicos como plazas, parques y \u00e1reas deportivas, con la finalidad de que ni\u00f1as, ni\u00f1os y j\u00f3venes cuenten con espacios dignos y seguros.<\/p>\n","protected":false},"excerpt":{"rendered":"<p>Nuevo Laredo, Tamps.- Para darle continuidad a la modernizaci\u00f3n del alumbrado p\u00fablico de la ciudad, el Gobierno Municipal arranc\u00f3 la tercera etapa del programa \u201cNuevo Laredo Se Prende\u201d, con el &hellip; <a href=\"http:\/\/revistalaneta.com.mx\/?p=10722\" class=\"more-link\">Leer m\u00e1s<\/a><\/p>\n","protected":false},"author":1,"featured_media":10721,"comment_status":"open","ping_status":"open","sticky":false,"template":"","format":"standard","meta":{"footnotes":""},"categories":[4],"tags":[],"class_list":["post-10722","post","type-post","status-publish","format-standard","has-post-thumbnail","hentry","category-nuevo-laredo","entry"],"_links":{"self":[{"href":"http:\/\/revistalaneta.com.mx\/index.php?rest_route=\/wp\/v2\/posts\/10722","targetHints":{"allow":["GET"]}}],"collection":[{"href":"http:\/\/revistalaneta.com.mx\/index.php?rest_route=\/wp\/v2\/posts"}],"about":[{"href":"http:\/\/revistalaneta.com.mx\/index.php?rest_route=\/wp\/v2\/types\/post"}],"author":[{"embeddable":true,"href":"http:\/\/revistalaneta.com.mx\/index.php?rest_route=\/wp\/v2\/users\/1"}],"replies":[{"embeddable":true,"href":"http:\/\/revistalaneta.com.mx\/index.php?rest_route=%2Fwp%2Fv2%2Fcomments&post=10722"}],"version-history":[{"count":1,"href":"http:\/\/revistalaneta.com.mx\/index.php?rest_route=\/wp\/v2\/posts\/10722\/revisions"}],"predecessor-version":[{"id":10723,"href":"http:\/\/revistalaneta.com.mx\/index.php?rest_route=\/wp\/v2\/posts\/10722\/revisions\/10723"}],"wp:featuredmedia":[{"embeddable":true,"href":"http:\/\/revistalaneta.com.mx\/index.php?rest_route=\/wp\/v2\/media\/10721"}],"wp:attachment":[{"href":"http:\/\/revistalaneta.com.mx\/index.php?rest_route=%2Fwp%2Fv2%2Fmedia&parent=10722"}],"wp:term":[{"taxonomy":"category","embeddable":true,"href":"http:\/\/revistalaneta.com.mx\/index.php?rest_route=%2Fwp%2Fv2%2Fcategories&post=10722"},{"taxonomy":"post_tag","embeddable":true,"href":"http:\/\/revistalaneta.com.mx\/index.php?rest_route=%2Fwp%2Fv2%2Ftags&post=10722"}],"curies":[{"name":"wp","href":"https:\/\/api.w.org\/{rel}","templated":true}]}}