{"id":10725,"date":"2024-02-27T16:18:49","date_gmt":"2024-02-27T16:18:49","guid":{"rendered":"http:\/\/revistalaneta.com.mx\/?p=10725"},"modified":"2024-02-27T16:19:05","modified_gmt":"2024-02-27T16:19:05","slug":"amplia-inmujer-convocatoria-para-exposicion-fotografica-mujeres-y-oficios","status":"publish","type":"post","link":"http:\/\/revistalaneta.com.mx\/?p=10725","title":{"rendered":"Ampl\u00eda INMUJER convocatoria para exposici\u00f3n fotogr\u00e1fica &#8220;Mujeres y Oficios&#8221;"},"content":{"rendered":"\n<p><\/p>\n\n\n\n<p>Nuevo Laredo, Tamps.- El Instituto Municipal de la Mujer de Nuevo Laredo, invita a las mujeres neolaredenses a participar en la exposici\u00f3n fotogr\u00e1fica \u201cMujeres y Oficios\u201d, un espacio para destacar a las mujeres en el sector productivo.<\/p>\n\n\n\n<p>Esta actividad se realizar\u00e1 con motivo del D\u00eda Internacional de la Mujer que se conmemora el pr\u00f3ximo 8 de marzo, el registro y las bases completas de la convocatoria se pueden consultar en el siguiente enlace: https:\/\/forms.gle\/8pGgREFXq1BZtJui7.<\/p>\n\n\n\n<p>La invitaci\u00f3n a participar es para mujeres mayores de 18 a\u00f1os que vivan en Nuevo Laredo, no importando que no tengan conocimiento de fotograf\u00eda o equipo fotogr\u00e1fico profesional.<\/p>\n\n\n\n<p>De acuerdo a la convocatoria, las interesadas podr\u00e1n enviar 1 fotograf\u00eda, la cual puede tomarse con cualquier tipo de equipo, ya sea celular o c\u00e1mara fotogr\u00e1fica an\u00e1loga y\/o digital.<\/p>\n\n\n\n<p>Dicha foto debe documentar la presencia laboral de las mujeres que desarrollan sus actividades econ\u00f3micas en Nuevo Laredo, evitando estereotipos que vinculan a la mujer s\u00f3lo con trabajos del hogar o de cuidados no remunerados; ya que se trata de un ejercicio para reconocer sus derechos.<\/p>\n\n\n\n<p>Las im\u00e1genes deben ser in\u00e9ditas, \u00fanicas y originales, deben ser propiedad de quien las presente en el concurso, sin retoque digital, producidas en los a\u00f1os 2023 y 2024. Adem\u00e1s, los aspectos t\u00e9cnicos que deben cumplir son: Archivo original, 300 dpi de resoluci\u00f3n, sin candado, formato JPG, hasta 10 MB de peso del archivo.<\/p>\n\n\n\n<p>La convocatoria est\u00e1 abierta hasta el 29 de febrero, una vez completado el registro y recibidas las propuestas, estas ser\u00e1n sujetas a un proceso de evaluaci\u00f3n por parte del Jurado Calificador, quien seleccionar\u00e1 15 fotograf\u00edas para formar parte de la Exposici\u00f3n \u201cMujeres y Oficios\u201d, la cual ser\u00e1 exhibida de manera p\u00fablica en los jardines de presidencia y que ser\u00e1 itinerante durante el resto del a\u00f1o.<\/p>\n","protected":false},"excerpt":{"rendered":"<p>Nuevo Laredo, Tamps.- El Instituto Municipal de la Mujer de Nuevo Laredo, invita a las mujeres neolaredenses a participar en la exposici\u00f3n fotogr\u00e1fica \u201cMujeres y Oficios\u201d, un espacio para destacar &hellip; <a href=\"http:\/\/revistalaneta.com.mx\/?p=10725\" class=\"more-link\">Leer m\u00e1s<\/a><\/p>\n","protected":false},"author":1,"featured_media":10724,"comment_status":"open","ping_status":"open","sticky":false,"template":"","format":"standard","meta":{"footnotes":""},"categories":[4],"tags":[],"class_list":["post-10725","post","type-post","status-publish","format-standard","has-post-thumbnail","hentry","category-nuevo-laredo","entry"],"_links":{"self":[{"href":"http:\/\/revistalaneta.com.mx\/index.php?rest_route=\/wp\/v2\/posts\/10725","targetHints":{"allow":["GET"]}}],"collection":[{"href":"http:\/\/revistalaneta.com.mx\/index.php?rest_route=\/wp\/v2\/posts"}],"about":[{"href":"http:\/\/revistalaneta.com.mx\/index.php?rest_route=\/wp\/v2\/types\/post"}],"author":[{"embeddable":true,"href":"http:\/\/revistalaneta.com.mx\/index.php?rest_route=\/wp\/v2\/users\/1"}],"replies":[{"embeddable":true,"href":"http:\/\/revistalaneta.com.mx\/index.php?rest_route=%2Fwp%2Fv2%2Fcomments&post=10725"}],"version-history":[{"count":1,"href":"http:\/\/revistalaneta.com.mx\/index.php?rest_route=\/wp\/v2\/posts\/10725\/revisions"}],"predecessor-version":[{"id":10726,"href":"http:\/\/revistalaneta.com.mx\/index.php?rest_route=\/wp\/v2\/posts\/10725\/revisions\/10726"}],"wp:featuredmedia":[{"embeddable":true,"href":"http:\/\/revistalaneta.com.mx\/index.php?rest_route=\/wp\/v2\/media\/10724"}],"wp:attachment":[{"href":"http:\/\/revistalaneta.com.mx\/index.php?rest_route=%2Fwp%2Fv2%2Fmedia&parent=10725"}],"wp:term":[{"taxonomy":"category","embeddable":true,"href":"http:\/\/revistalaneta.com.mx\/index.php?rest_route=%2Fwp%2Fv2%2Fcategories&post=10725"},{"taxonomy":"post_tag","embeddable":true,"href":"http:\/\/revistalaneta.com.mx\/index.php?rest_route=%2Fwp%2Fv2%2Ftags&post=10725"}],"curies":[{"name":"wp","href":"https:\/\/api.w.org\/{rel}","templated":true}]}}