{"id":10728,"date":"2024-02-27T16:20:38","date_gmt":"2024-02-27T16:20:38","guid":{"rendered":"http:\/\/revistalaneta.com.mx\/?p=10728"},"modified":"2024-02-27T16:21:04","modified_gmt":"2024-02-27T16:21:04","slug":"todo-listo-para-el-informe-del-gobernador","status":"publish","type":"post","link":"http:\/\/revistalaneta.com.mx\/?p=10728","title":{"rendered":"TODO LISTO PARA EL INFORME DEL GOBERNADOR"},"content":{"rendered":"\n<p><br>Todo est\u00e1 listo para que este domingo 25 de febrero se lleve a cabo, en la capital del estado, el Segundo Informe de Gobierno del Gobernador Constitucional del Estado de Tamaulipas, Am\u00e9rico Villarreal Anaya, en un magno evento a celebrarse en el Polyforum Victoria. Y aunque hasta el momento no se est\u00e1 del todo confirmada la presencia del Presidente de M\u00e9xico, Andr\u00e9s Manuel L\u00f3pez Obrador a dicho evento, como \u00e9l mismo anunci\u00f3 que vendr\u00eda, no est\u00e1 tampoco descartado que de \u00faltimo momento vaya a venir, sobre todo considerando la secrec\u00eda que se guarda en los viajes del mandatario nacional, por cuestiones de seguridad. Pero el evento ya est\u00e1 programado, y en el mismo se espera la asistencia de la crema y nata de la pol\u00edtica tamaulipeca, adem\u00e1s de un informe a detalle del mandatario estatal de lo que se ha hecho, y que vaya que ha sido mucho.<\/p>\n\n\n\n<p>DAN BASE LABORAL A 915 TRABAJADORES DE LA SALUD<br \/>Un total de 915 trabajadores del sector salud de Tamaulipas, que incluye m\u00e9dicos, personal de enfermer\u00eda y param\u00e9dicos, recibieron su base laboral, luego de largo tiempo sin poder conseguir dicho beneficio, y lo cual fue posible gracias a las gestiones del gobernador Am\u00e9rico Villarreal Anaya. La entrega de dichas bases fue celebrada este viernes en la capital del estado, en un evento presidido por el propio mandatario estatal, y quien para tal efecto estuvo acompa\u00f1ado del director general del Instituto Mexicano del Seguro Social (IMSS), Zoe Robledo Aburto, quien reconoci\u00f3 la gesti\u00f3n del gobernador Villarreal Anaya, para lograr en tiempo r\u00e9cord la basificaci\u00f3n de los ahora beneficiados. Cabe apuntar que esto forma parte de las acciones del programa de servicios de salud IMSS-Bienestar, con el que se pretende dar mejores atenciones m\u00e9dicas a los ciudadanos, tal y como es la indicaci\u00f3n que ha dado el presidente Andr\u00e9s Manuel L\u00f3pez Obrador.<\/p>\n\n\n\n<p>PONE EN MARCHA CLCR TERCERA ETAPA DE \u201cNUEVO LAREDO SE PRENDE\u201d Al poner en marcha la tercera etapa del programa \u201cNuevo Laredo Se Prende\u201d, la Presidenta Municipal de Nuevo Laredo, Carmen Lilia Canturosas Villarreal, anunci\u00f3 que se cambiar\u00e1n 4 mil 300 luminarias antiguas por nuevas con tecnolog\u00eda led de 100 watts, en arterias como C\u00e9sar L\u00f3pez de Lara, Morelos, 15 de Septiembre, Degollado, Venezuela, y otras, as\u00ed como 500 m\u00e1s en espacios recreativos de la ciudad. En evento celebrado la tarde-noche de este viernes, la alcaldesa, acompa\u00f1ada por miembros del Cabildo y funcionarios municipales, anunci\u00f3 que se continuar\u00e1 con la campa\u00f1a de mejoramiento del alumbrado, a la vez que inform\u00f3 que en las dos primeras etapas de esta campa\u00f1a se han colocado 23 mil 054 luminarias led de diferentes potencias, supliendo viejos focos que ya ni alumbraban lo suficiente, y se han puesto 3 mil 057 focos led en espacios recreativos. Y s\u00ed, la verdad es que se ve el cambio, pues la ciudad luce m\u00e1s iluminada.<\/p>\n\n\n\n<p>MANUEL CANALES VA POR EL PAN<br \/>Manuel Canales Bermea fue quien qued\u00f3 registrado como candidato a la diputaci\u00f3n federal del Distrito 1 con cabecera en Nuevo Laredo, por la alianza del Partido Acci\u00f3n Nacional (PAN) y el Partido Revolucionario Institucional (PRI). De \u00faltimo momento F\u00e9lix Fernando Garc\u00eda Aguiar, decidi\u00f3 declinar a dicha nominaci\u00f3n, por lo que Manolo Canales entr\u00f3 al quite. De hecho desde el mi\u00e9rcoles se empez\u00f3 a manejar esta versi\u00f3n, y finalmente se confirm\u00f3 el jueves, en que Canales Bermea se registr\u00f3 en la Ciudad de M\u00e9xico, justo en el \u00faltimo d\u00eda que ten\u00eda para ello. De esta manera Manuel Canales vuelve al ruedo pol\u00edtico, luego de haber sido diputado local por el PAN, y pasar un tiempo por MORENA y el MC, para nuevamente regresar a Acci\u00f3n Nacional, y de la mano de su anterior partido, el Revolucionario Institucional. Y sobre \u201cEl Moyo\u201d, muchos se dice que tuvo \u201cmeyo\u201d de enfrentar a Carlos Canturosas Villarreal.<\/p>\n\n\n\n<p>INTENSO CALOR EN PLENO INVIERNO<br \/>Aunque no lo crean este s\u00e1bado arriba el frente fr\u00edo n\u00famero 37, pero ni se va a sentir, pues el pronostico del tiempo es que va a seguir estando caluroso, como lo estuvo el viernes. De hecho el domingo tambi\u00e9n har\u00e1 calor. Por cierto que ya mucho gente se pregunta qu\u00e9 carajos est\u00e1 pasando con este invierno, que ha resultado muy caluroso, y bueno pues evidentemente la respuesta es el cambio clim\u00e1tico. De hecho este invierno tiende a ser el m\u00e1s caluroso de los \u00faltimos, seg\u00fan los expertos meteor\u00f3logos. Incluso se habla que ya no har\u00e1 fr\u00edo, pues de hecho ya hasta los \u00e1rboles de durazno empezaron a florecer, y se dice que cuando eso ocurre, se acaba el invierno. \u00bfSer\u00e1? Nada vale que, si as\u00ed estamos en invierno, con alto calor, \u00bfc\u00f3mo no vamos a estar en verano?<\/p>\n\n\n\n<p>EN MARCHA EN LA UAT EL PROGRAMA AGENDA 8M<br \/>Fue puesto en marcha en la Universidad Aut\u00f3noma de Tamaulipas (UAT) el programa Agenda 8M con el primer foro \u201cMujeres tamaulipecas por los derechos\u201d, que tuvo como panelista a la Dra. Norma Ang\u00e9lica Pedraza Melo, contralora gubernamental y catedr\u00e1tica de la propia instituci\u00f3n. Correspondi\u00f3 al Rector de la UAT, el MVZ D\u00e1maso Anaya Alvarado, dar apertura a los trabajos organizados por la Defensor\u00eda de los Derechos de los Universitarios (DDU), y a la vez destacar el compromiso de apoyar y respetar a las mujeres, a las estudiantes, a las docentes y a las universitarias en general para seguir fortaleciendo sus derechos y de manera responsable la paridad de g\u00e9nero.<\/p>\n\n\n\n<p>LO PEN\u00daLTIMO<br \/>El Instituto Nacional de Geograf\u00eda y Estad\u00edstica (INEGI) invita a los involucrados en todos los sectores productivos a participar en los Censos Econ\u00f3micos 2024, que ya se est\u00e1n llevando a cabo, y se mantendr\u00e1n hasta el mes de agosto, de acuerdo a los diferentes rubros comerciales. Obviamente quienes realizan dichos sondeos son personas debidamente identificadas\u2026 Muy activo anda todo el personal administrativo de la Universidad Tecnol\u00f3gica de Nuevo Laredo (UTNL) organizando todo lo relacionado al Primer Magno Evento de Ciencia, Tecnolog\u00eda e Innovaci\u00f3n que se va a llevar a cabo el martes y mi\u00e9rcoles de la semana venidera en el Polyforum La Fe, y donde se dar\u00e1n a conocer diversos proyectos importantes, y lo mejor es que la entrada es gratis para todos\u2026 Y para concluir, dos chistecillos con car\u00e1cter sabatino.<\/p>\n\n\n\n<p>LA PENSI\u00d3N<br \/>Pues ah\u00ed tienen que un amado Presidente de cierta rep\u00fablica bananera, de cuyo nombre no puedo acordarme muy bien, pero que era muy dado a dar dinero a cambio de votos, hizo un anuncio diciendo que todo aquel que tuviera 4 hijos, se le dar\u00eda una pensi\u00f3n de 4 mil pesos mensuales por hijo, para el sostenimiento del hogar. Por lo tanto un hombre arrastrad\u00edsisimo, de esos que nunca trabajan, que viv\u00eda en Nuevo Laredo pero ven\u00eda de Tabasco, y que ten\u00eda tres hijos con su esposa, escuch\u00f3 la excelente noticia y le dijo a esta: \u201cTengo un hijo regado con mi novia. Voy a traerlo para que podamos agregarlo a nuestros 3 hijos, y as\u00ed podamos cobrar la pensi\u00f3n \u00a1son 16 mil pesos, con eso de plano aseguro no trabajar de por vida!<br \/>As\u00ed que se fue en friega loca por el chamaco abandonado, y cuando regres\u00f3 a su casa, vio que solo quedaba uno de sus 3 hijos, a lo que le pregunt\u00f3 a la mujer: &#8220;\u00bfD\u00f3nde est\u00e1n los otros 2?&#8221;<br \/>A lo que la esposa respondi\u00f3: &#8220;No eres el \u00fanico arrastrado que escuch\u00f3 las noticias. \u00a1SUS PADRES TAMBI\u00c9N VINIERON POR ELLOS!&#8221;<\/p>\n\n\n\n<p>OPORTUNIDAD DE TRABAJO<br \/>Un reci\u00e9n egresado se presenta a la feria del trabajo en Monterrey buscando empleo, y ve un anuncio en un stand que solicita un \u201cAsistente para Ginec\u00f3logo\u201d. Medio interesado se acerca con el que atiende: \u201c\u00bfMe puede dar m\u00e1s detalles acerca de este puesto?\u201d. El empleado registra sus archivos y dice: \u201c\u00a1Ah si, aqu\u00ed est\u00e1\u2026 el empleo requiere que prepare a las damas para su examen con el ginec\u00f3logo\u2026 Debe ayudarles a desnudarse, lavar con delicadeza sus partes privadas, aplicar espuma y rasurarles con cuidado el vello p\u00fabico, y despu\u00e9s untarles con aceites suavizantes la ingle y los pechos para que las revise el doctor. Se ofrece un sueldo mensual de 45 mil pesos, pero debe ir hasta Saltillo. Esta como a 80 km. de aqu\u00ed\u2026\u201d.<br \/>\u201cNo hay problema\u201d, interrumpe el muchacho sin poder ocultar su emoci\u00f3n, \u201ctrabajar en Saltillo es como trabajar en Monterrey\u201d.<br \/>Ante esto el empleado le contesta, \u201cEl trabajo es aqu\u00ed en Monterrey bruto\u2026 \u00a1LA FILA DE SOLICITANTES VA EN SALTILLO!\u201d.<\/p>\n","protected":false},"excerpt":{"rendered":"<p>Todo est\u00e1 listo para que este domingo 25 de febrero se lleve a cabo, en la capital del estado, el Segundo Informe de Gobierno del Gobernador Constitucional del Estado de &hellip; <a href=\"http:\/\/revistalaneta.com.mx\/?p=10728\" class=\"more-link\">Leer m\u00e1s<\/a><\/p>\n","protected":false},"author":1,"featured_media":10727,"comment_status":"open","ping_status":"open","sticky":false,"template":"","format":"standard","meta":{"footnotes":""},"categories":[2],"tags":[],"class_list":["post-10728","post","type-post","status-publish","format-standard","has-post-thumbnail","hentry","category-chismorreo","entry"],"_links":{"self":[{"href":"http:\/\/revistalaneta.com.mx\/index.php?rest_route=\/wp\/v2\/posts\/10728","targetHints":{"allow":["GET"]}}],"collection":[{"href":"http:\/\/revistalaneta.com.mx\/index.php?rest_route=\/wp\/v2\/posts"}],"about":[{"href":"http:\/\/revistalaneta.com.mx\/index.php?rest_route=\/wp\/v2\/types\/post"}],"author":[{"embeddable":true,"href":"http:\/\/revistalaneta.com.mx\/index.php?rest_route=\/wp\/v2\/users\/1"}],"replies":[{"embeddable":true,"href":"http:\/\/revistalaneta.com.mx\/index.php?rest_route=%2Fwp%2Fv2%2Fcomments&post=10728"}],"version-history":[{"count":1,"href":"http:\/\/revistalaneta.com.mx\/index.php?rest_route=\/wp\/v2\/posts\/10728\/revisions"}],"predecessor-version":[{"id":10729,"href":"http:\/\/revistalaneta.com.mx\/index.php?rest_route=\/wp\/v2\/posts\/10728\/revisions\/10729"}],"wp:featuredmedia":[{"embeddable":true,"href":"http:\/\/revistalaneta.com.mx\/index.php?rest_route=\/wp\/v2\/media\/10727"}],"wp:attachment":[{"href":"http:\/\/revistalaneta.com.mx\/index.php?rest_route=%2Fwp%2Fv2%2Fmedia&parent=10728"}],"wp:term":[{"taxonomy":"category","embeddable":true,"href":"http:\/\/revistalaneta.com.mx\/index.php?rest_route=%2Fwp%2Fv2%2Fcategories&post=10728"},{"taxonomy":"post_tag","embeddable":true,"href":"http:\/\/revistalaneta.com.mx\/index.php?rest_route=%2Fwp%2Fv2%2Ftags&post=10728"}],"curies":[{"name":"wp","href":"https:\/\/api.w.org\/{rel}","templated":true}]}}