{"id":10737,"date":"2024-02-28T02:41:33","date_gmt":"2024-02-28T02:41:33","guid":{"rendered":"http:\/\/revistalaneta.com.mx\/?p=10737"},"modified":"2024-02-28T02:41:45","modified_gmt":"2024-02-28T02:41:45","slug":"en-tamaulipas-las-y-los-jovenes-son-parte-de-la-transformacion-olga-sosa-ruiz","status":"publish","type":"post","link":"http:\/\/revistalaneta.com.mx\/?p=10737","title":{"rendered":"En Tamaulipas las y los j\u00f3venes son parte de la transformaci\u00f3n: Olga Sosa Ru\u00edz"},"content":{"rendered":"\n<p><\/p>\n\n\n\n<ul class=\"wp-block-list\">\n<li>Resultados del INJUVE demuestran el compromiso con atender a la juventud por parte del gobierno de Am\u00e9rico Villarreal Anaya<\/li>\n<\/ul>\n\n\n\n<p><\/p>\n\n\n\n<p>Ciudad Victoria.- El Instituto de la Juventud de Tamaulipas, realiz\u00f3 la primera sesi\u00f3n ordinaria de la Junta de Gobierno 2024, d\u00f3nde se aprob\u00f3 por unanimidad el plan operativo anual, correspondiente a este a\u00f1o, as\u00ed como el informe de actividades de la direcci\u00f3n general, donde se cont\u00f3 con la participaci\u00f3n de las y los delegados de este instituto, en el que adem\u00e1s, se revisaron las finanzas y actividades realizadas.<\/p>\n\n\n\n<p>Esta Junta de Gobierno fue presidida por la secretaria del Trabajo y Previsi\u00f3n Social Olga Patricia Sosa Ru\u00edz, quien hizo un reconocimiento a todas y todos los involucrados que han trabajado de manera incondicional a favor de las juventudes, de la mano de la directora general Judith Katalyna M\u00e9ndez Cepeda y dando continuidad a una serie de acciones por parte del gobierno de Tamaulipas, que dirige Am\u00e9rico Villarreal Anaya.<\/p>\n\n\n\n<p>&#8220;En estos meses de trabajo ha sido para m\u00ed un honor encabezar esta Junta de Gobierno, siguiendo el compromiso del humanismo que caracteriza al gobierno de Am\u00e9rico Villarreal Anaya y por eso les pido con el mismo compromiso y dedicaci\u00f3n, que sigamos trabajando por reivindicar los derechos y avanzar juntas y juntos en un estado donde todas y todos ustedes, son parte fundamental&#8221;.<\/p>\n\n\n\n<p>En ese sentido la secretaria del Trabajo se\u00f1al\u00f3 que ahora Tamaulipas cuenta con una nueva ley de las juventudes, un ejercicio participativo de escuchar y atender problemas vitales como el medio ambiente, la salud mental, ciberseguridad y embarazos no deseados.<\/p>\n\n\n\n<p>Tambi\u00e9n se refiri\u00f3 a la integraci\u00f3n de Misi\u00f3n Tamaulipas con presencia en el 80% de la geograf\u00eda tamaulipeca, reafirmando que todo ese trabajo ha permitido que los j\u00f3venes cuenten con derechos, participando activamente en la vida pol\u00edtica del estado.<\/p>\n\n\n\n<p>En esta sesi\u00f3n ordinaria participaron los delegados municipales Rosa Marlet Arredondo, Irving Trevi\u00f1o, Alexis Hern\u00e1ndez, Brandon Camacho , Mauricio Rojas, Lucero Carrizales, Pablo Rodr\u00edguez, David Escamilla, Iv\u00e1n Medina, Yuliana Mata y Mar\u00eda de los \u00c1ngeles Rojas, as\u00ed como representantes de Finanzas, Salud, Educaci\u00f3n, DIF Tamaulipas, ITCA y el INDE.<code> <\/code><\/p>\n","protected":false},"excerpt":{"rendered":"<p>Ciudad Victoria.- El Instituto de la Juventud de Tamaulipas, realiz\u00f3 la primera sesi\u00f3n ordinaria de la Junta de Gobierno 2024, d\u00f3nde se aprob\u00f3 por unanimidad el plan operativo anual, correspondiente &hellip; <a href=\"http:\/\/revistalaneta.com.mx\/?p=10737\" class=\"more-link\">Leer m\u00e1s<\/a><\/p>\n","protected":false},"author":1,"featured_media":10736,"comment_status":"open","ping_status":"open","sticky":false,"template":"","format":"standard","meta":{"footnotes":""},"categories":[7],"tags":[],"class_list":["post-10737","post","type-post","status-publish","format-standard","has-post-thumbnail","hentry","category-ciudad-victoria","entry"],"_links":{"self":[{"href":"http:\/\/revistalaneta.com.mx\/index.php?rest_route=\/wp\/v2\/posts\/10737","targetHints":{"allow":["GET"]}}],"collection":[{"href":"http:\/\/revistalaneta.com.mx\/index.php?rest_route=\/wp\/v2\/posts"}],"about":[{"href":"http:\/\/revistalaneta.com.mx\/index.php?rest_route=\/wp\/v2\/types\/post"}],"author":[{"embeddable":true,"href":"http:\/\/revistalaneta.com.mx\/index.php?rest_route=\/wp\/v2\/users\/1"}],"replies":[{"embeddable":true,"href":"http:\/\/revistalaneta.com.mx\/index.php?rest_route=%2Fwp%2Fv2%2Fcomments&post=10737"}],"version-history":[{"count":1,"href":"http:\/\/revistalaneta.com.mx\/index.php?rest_route=\/wp\/v2\/posts\/10737\/revisions"}],"predecessor-version":[{"id":10738,"href":"http:\/\/revistalaneta.com.mx\/index.php?rest_route=\/wp\/v2\/posts\/10737\/revisions\/10738"}],"wp:featuredmedia":[{"embeddable":true,"href":"http:\/\/revistalaneta.com.mx\/index.php?rest_route=\/wp\/v2\/media\/10736"}],"wp:attachment":[{"href":"http:\/\/revistalaneta.com.mx\/index.php?rest_route=%2Fwp%2Fv2%2Fmedia&parent=10737"}],"wp:term":[{"taxonomy":"category","embeddable":true,"href":"http:\/\/revistalaneta.com.mx\/index.php?rest_route=%2Fwp%2Fv2%2Fcategories&post=10737"},{"taxonomy":"post_tag","embeddable":true,"href":"http:\/\/revistalaneta.com.mx\/index.php?rest_route=%2Fwp%2Fv2%2Ftags&post=10737"}],"curies":[{"name":"wp","href":"https:\/\/api.w.org\/{rel}","templated":true}]}}