{"id":10743,"date":"2024-02-28T02:43:48","date_gmt":"2024-02-28T02:43:48","guid":{"rendered":"http:\/\/revistalaneta.com.mx\/?p=10743"},"modified":"2024-02-28T02:44:01","modified_gmt":"2024-02-28T02:44:01","slug":"encabeza-americo-ceremonia-por-el-dia-de-la-bandera","status":"publish","type":"post","link":"http:\/\/revistalaneta.com.mx\/?p=10743","title":{"rendered":"Encabeza Am\u00e9rico ceremonia por el D\u00eda de la Bandera"},"content":{"rendered":"\n<p><\/p>\n\n\n\n<p><\/p>\n\n\n\n<p>Ciudad Victoria, Tamaulipas.- En el marco de la conmemoraci\u00f3n del D\u00eda de la Bandera, el gobernador Am\u00e9rico Villarreal Anaya llam\u00f3 a lograr lazos de unidad m\u00e1s fuertes en este momento hist\u00f3rico de la Cuarta Transformaci\u00f3n y del a\u00f1o del bicentenario en el que se honra el nacimiento de Tamaulipas como un Estado libre y soberano.<\/p>\n\n\n\n<p>Durante el evento realizado en las instalaciones del 77 Batall\u00f3n de Infanter\u00eda y que se efectu\u00f3 de manera simult\u00e1nea a la ceremonia que encabez\u00f3 el presidente de la Rep\u00fablica, Andr\u00e9s Manuel L\u00f3pez Obrador, desde Mazatl\u00e1n, Sinaloa, se iz\u00f3 la bandera nacional y se tom\u00f3 protesta de bandera a 22 escoltas de escuelas de Tamaulipas.<\/p>\n\n\n\n<p>Ante la presencia del comandante de la Cuarta Regi\u00f3n Militar, Maximiliano Cruz Ramos, y del comandante de la 48\/a Zona Militar, Julio C\u00e9sar Islas S\u00e1nchez, representantes de los Poderes Legislativo y Judicial, as\u00ed como de alumnas y alumnos, el gobernador se\u00f1al\u00f3 la importancia de que el festejo por la bandera nacional tenga un significado m\u00e1s fuerte y duradero, y que sea una invitaci\u00f3n al civismo, a los valores, a la solidaridad, a la participaci\u00f3n social, al amor por M\u00e9xico y por Tamaulipas.<\/p>\n\n\n\n<p>&#8220;Porque la bandera nacional evoca lo m\u00e1s valioso del sentido de pertenencia a esta gran naci\u00f3n mexicana, la bandera con su historia, su belleza y sus significados es la referencia por excelencia a la idea de patria, a la idea de unidad nacional que refleja y da cabida la gran diversidad y grandeza de nuestro M\u00e9xico, porque nos representa a todas y a todos&#8221;.<\/p>\n\n\n\n<p>El mandatario se\u00f1al\u00f3 que en esta administraci\u00f3n, se decidi\u00f3 hacer alusi\u00f3n a esta e identidad de la bandera en la imagen del Gobierno de Tamaulipas.<\/p>\n\n\n\n<p>&#8220;Hacemos una referencia doble, por un lado, a la presencia de este s\u00edmbolo a las grandes transformaciones incluida, por supuesto, la revoluci\u00f3n y por otro lado, en el prop\u00f3sito de lograr desde Tamaulipas lazos de unidad nacional m\u00e1s fuertes y que podamos vivir m\u00e1s plenamente en nuestra vida c\u00edvica, con lazos m\u00e1s firmes alrededor del amor que sentimos por ella y por nuestra bandera&#8221;.<\/p>\n\n\n\n<p>En un momento de gran significado, se tom\u00f3 protesta y se abander\u00f3 a las escoltas de las escuelas primarias &#8220;M\u00e1rtires de la Revoluci\u00f3n&#8221;, Ignacio L\u00f3pez Ray\u00f3n, \u201cNi\u00f1os H\u00e9roes\u201d as\u00ed como del Centro de Estudios de Bachillerato &#8220;Lauro Aguirre&#8221; y del Instituto Tamaulipeco para los Migrantes y posteriormente a las 17 escoltas presentes.<\/p>\n\n\n\n<p>Asistieron al evento \u00darsula Salazar Mojica, presidenta del Congreso del Estado de Tamaulipas; David Cerda Z\u00fa\u00f1iga, presidente del Supremo Tribunal de Justicia y del Consejo de la Judicatura; Nora Hilda de los Reyes V\u00e1zquez, delegada federal de Educaci\u00f3n; Irving Barrios Mojica, fiscal general de Justicia; Luc\u00eda Aim\u00e9 Castillo Pastor, secretaria de Educaci\u00f3n en Tamaulipas; Francisco Alvarado Ter\u00e1n, coordinador estatal de la Guardia Nacional en Tamaulipas; Felipe Garza, titular de la Secretar\u00eda de Gobernaci\u00f3n en Tamaulipas y Eduardo Gatt\u00e1s Ba\u00e9z, presidente municipal de Victoria.<code> <\/code><\/p>\n","protected":false},"excerpt":{"rendered":"<p>Ciudad Victoria, Tamaulipas.- En el marco de la conmemoraci\u00f3n del D\u00eda de la Bandera, el gobernador Am\u00e9rico Villarreal Anaya llam\u00f3 a lograr lazos de unidad m\u00e1s fuertes en este momento &hellip; <a href=\"http:\/\/revistalaneta.com.mx\/?p=10743\" class=\"more-link\">Leer m\u00e1s<\/a><\/p>\n","protected":false},"author":1,"featured_media":10742,"comment_status":"open","ping_status":"open","sticky":false,"template":"","format":"standard","meta":{"footnotes":""},"categories":[7],"tags":[],"class_list":["post-10743","post","type-post","status-publish","format-standard","has-post-thumbnail","hentry","category-ciudad-victoria","entry"],"_links":{"self":[{"href":"http:\/\/revistalaneta.com.mx\/index.php?rest_route=\/wp\/v2\/posts\/10743","targetHints":{"allow":["GET"]}}],"collection":[{"href":"http:\/\/revistalaneta.com.mx\/index.php?rest_route=\/wp\/v2\/posts"}],"about":[{"href":"http:\/\/revistalaneta.com.mx\/index.php?rest_route=\/wp\/v2\/types\/post"}],"author":[{"embeddable":true,"href":"http:\/\/revistalaneta.com.mx\/index.php?rest_route=\/wp\/v2\/users\/1"}],"replies":[{"embeddable":true,"href":"http:\/\/revistalaneta.com.mx\/index.php?rest_route=%2Fwp%2Fv2%2Fcomments&post=10743"}],"version-history":[{"count":1,"href":"http:\/\/revistalaneta.com.mx\/index.php?rest_route=\/wp\/v2\/posts\/10743\/revisions"}],"predecessor-version":[{"id":10744,"href":"http:\/\/revistalaneta.com.mx\/index.php?rest_route=\/wp\/v2\/posts\/10743\/revisions\/10744"}],"wp:featuredmedia":[{"embeddable":true,"href":"http:\/\/revistalaneta.com.mx\/index.php?rest_route=\/wp\/v2\/media\/10742"}],"wp:attachment":[{"href":"http:\/\/revistalaneta.com.mx\/index.php?rest_route=%2Fwp%2Fv2%2Fmedia&parent=10743"}],"wp:term":[{"taxonomy":"category","embeddable":true,"href":"http:\/\/revistalaneta.com.mx\/index.php?rest_route=%2Fwp%2Fv2%2Fcategories&post=10743"},{"taxonomy":"post_tag","embeddable":true,"href":"http:\/\/revistalaneta.com.mx\/index.php?rest_route=%2Fwp%2Fv2%2Ftags&post=10743"}],"curies":[{"name":"wp","href":"https:\/\/api.w.org\/{rel}","templated":true}]}}