{"id":10746,"date":"2024-02-28T02:45:09","date_gmt":"2024-02-28T02:45:09","guid":{"rendered":"http:\/\/revistalaneta.com.mx\/?p=10746"},"modified":"2024-02-28T02:45:26","modified_gmt":"2024-02-28T02:45:26","slug":"afinan-detalles-secretaria-de-turismo-y-salud-previo-al-operativo-semana-santa-2024","status":"publish","type":"post","link":"http:\/\/revistalaneta.com.mx\/?p=10746","title":{"rendered":"Afinan detalles Secretar\u00eda de Turismo y Salud previo al \u201cOperativo Semana Santa 2024\u201d"},"content":{"rendered":"\n<p><\/p>\n\n\n\n<p><\/p>\n\n\n\n<p>Ciudad Madero, Tamaulipas.- Con el compromiso de proporcionar asistencia m\u00e9dica oportuna y gratuita a los vacacionistas y por indicaciones del gobernador Am\u00e9rico Villarreal Anaya, la Secretar\u00eda de Turismo ha iniciado los preparativos para el operativo de seguridad en colaboraci\u00f3n con la Secretar\u00eda de Salud y otras dependencias gubernamentales a nivel municipal, estatal y federal en las zonas tur\u00edsticas del estado, para las pr\u00f3ximas vacaciones de Semana Santa en Tamaulipas.<\/p>\n\n\n\n<p>Como parte de las actividades programadas para el \u201cOperativo de Semana Santa 2024\u201d, el secretario de Turismo, Benjam\u00edn Hern\u00e1ndez Rodr\u00edguez sostuvo una reuni\u00f3n con David Cadena Mata, jefe de la Jurisdicci\u00f3n Sanitaria 2 de Tampico y Margarita P\u00e9rez Trist\u00e1n, de la Coordinaci\u00f3n de Epidemiolog\u00eda.<\/p>\n\n\n\n<p>Al reconocer la importancia de la colaboraci\u00f3n interinstitucional, se acord\u00f3 la instalaci\u00f3n de m\u00f3dulos de atenci\u00f3n m\u00e9dica para salvaguardar la integridad de los visitantes y turistas durante este periodo vacacional.<\/p>\n\n\n\n<p>Durante esta reuni\u00f3n, el secretario de Turismo, Benjam\u00edn Hern\u00e1ndez Rodr\u00edguez, destac\u00f3 el papel fundamental de la Secretar\u00eda de Salud, a trav\u00e9s de la Jurisdicci\u00f3n Sanitaria en Tampico, que proporcionar\u00e1 siete m\u00f3dulos de atenci\u00f3n m\u00e9dica en todo el estado.<\/p>\n\n\n\n<p>Mientras que David Cadena Mata, jefe de la Jurisdicci\u00f3n Sanitaria 2 de Tampico, subray\u00f3 que la presencia del sector salud tiene como objetivo prevenir, coordinar, supervisar, vigilar y atender cualquier riesgo para la salud que pueda afectar tanto a los residentes de Madero como a los turistas, en estrecha colaboraci\u00f3n con dependencias federales, estatales, municipales y grupos voluntarios.<\/p>\n\n\n\n<p>Adem\u00e1s de los espacios asignados a la atenci\u00f3n m\u00e9dica en playa Miramar, se anunci\u00f3 la instalaci\u00f3n de m\u00f3dulos en Matamoros (playa Bagdad), San Fernando (playa Carbonera), Soto La Marina (playa La Pesca), Aldama (playa del Sol), Barra del Tordo, Jaumave (parador tur\u00edstico) y G\u00f3mez Far\u00edas (oficina de Turismo), as\u00ed como la posibilidad de instalar un m\u00f3dulo en el municipio de Nuevo Laredo.<\/p>\n\n\n\n<p>Para atender a vacacionistas nacionales y extranjeros se contar\u00e1 con 15 m\u00e9dicos, 20 enfermeras y 12 promotores de salud para brindar atenci\u00f3n directa a los visitantes y turistas en las playas de Tamaulipas dando a conocer que antes de la instalaci\u00f3n de los m\u00f3dulos se llevar\u00e1 a cabo una fumigaci\u00f3n preventiva y posterior, brindar atenci\u00f3n directa a los visitantes y turistas en las playas de Tamaulipas.<code> <\/code><\/p>\n","protected":false},"excerpt":{"rendered":"<p>Ciudad Madero, Tamaulipas.- Con el compromiso de proporcionar asistencia m\u00e9dica oportuna y gratuita a los vacacionistas y por indicaciones del gobernador Am\u00e9rico Villarreal Anaya, la Secretar\u00eda de Turismo ha iniciado &hellip; <a href=\"http:\/\/revistalaneta.com.mx\/?p=10746\" class=\"more-link\">Leer m\u00e1s<\/a><\/p>\n","protected":false},"author":1,"featured_media":10745,"comment_status":"open","ping_status":"open","sticky":false,"template":"","format":"standard","meta":{"footnotes":""},"categories":[7,8],"tags":[],"class_list":["post-10746","post","type-post","status-publish","format-standard","has-post-thumbnail","hentry","category-ciudad-victoria","category-tamaulipas-sur","entry"],"_links":{"self":[{"href":"http:\/\/revistalaneta.com.mx\/index.php?rest_route=\/wp\/v2\/posts\/10746","targetHints":{"allow":["GET"]}}],"collection":[{"href":"http:\/\/revistalaneta.com.mx\/index.php?rest_route=\/wp\/v2\/posts"}],"about":[{"href":"http:\/\/revistalaneta.com.mx\/index.php?rest_route=\/wp\/v2\/types\/post"}],"author":[{"embeddable":true,"href":"http:\/\/revistalaneta.com.mx\/index.php?rest_route=\/wp\/v2\/users\/1"}],"replies":[{"embeddable":true,"href":"http:\/\/revistalaneta.com.mx\/index.php?rest_route=%2Fwp%2Fv2%2Fcomments&post=10746"}],"version-history":[{"count":1,"href":"http:\/\/revistalaneta.com.mx\/index.php?rest_route=\/wp\/v2\/posts\/10746\/revisions"}],"predecessor-version":[{"id":10747,"href":"http:\/\/revistalaneta.com.mx\/index.php?rest_route=\/wp\/v2\/posts\/10746\/revisions\/10747"}],"wp:featuredmedia":[{"embeddable":true,"href":"http:\/\/revistalaneta.com.mx\/index.php?rest_route=\/wp\/v2\/media\/10745"}],"wp:attachment":[{"href":"http:\/\/revistalaneta.com.mx\/index.php?rest_route=%2Fwp%2Fv2%2Fmedia&parent=10746"}],"wp:term":[{"taxonomy":"category","embeddable":true,"href":"http:\/\/revistalaneta.com.mx\/index.php?rest_route=%2Fwp%2Fv2%2Fcategories&post=10746"},{"taxonomy":"post_tag","embeddable":true,"href":"http:\/\/revistalaneta.com.mx\/index.php?rest_route=%2Fwp%2Fv2%2Ftags&post=10746"}],"curies":[{"name":"wp","href":"https:\/\/api.w.org\/{rel}","templated":true}]}}