{"id":10749,"date":"2024-02-28T02:46:53","date_gmt":"2024-02-28T02:46:53","guid":{"rendered":"http:\/\/revistalaneta.com.mx\/?p=10749"},"modified":"2024-02-28T02:47:08","modified_gmt":"2024-02-28T02:47:08","slug":"empresas-acercan-opciones-laborales-con-empleo-en-tu-colonia","status":"publish","type":"post","link":"http:\/\/revistalaneta.com.mx\/?p=10749","title":{"rendered":"Empresas acercan opciones laborales con &#8220;Empleo en tu Colonia&#8221;"},"content":{"rendered":"\n<p><\/p>\n\n\n\n<p>Nuevo Laredo, Tamps.- Empresas de comercio, maquiladoras, transportistas y agencias aduanales se instalaron en la Explanada Esteban Baca Calder\u00f3n por medio del programa municipal \u201cEmpleo en tu Colonia\u201d para ofertar m\u00e1s de 500 vacantes.<\/p>\n\n\n\n<p>Desde las 9:00 de la ma\u00f1ana a la 1:00 de la tarde las diversas representantes de empresas se instalaron para atender a la poblaci\u00f3n que estuvo en busca de una opci\u00f3n laboral.<\/p>\n\n\n\n<p>Claudia Rinc\u00f3n, auxiliar de reclutamiento de Farmacias del Ahorro destac\u00f3 que gracias al programa \u201cEmpleo en tu Colonia\u201d han podido encontrar a los candidatos indicados para ocupar de cajero vendedor y repartidor.<\/p>\n\n\n\n<p>\u201cAs\u00ed podemos llegar a m\u00e1s personas porque estamos m\u00e1s cerca, como es una avenida muy concurrida nos ayuda a que llegue gente de otras partes, muchas gracias al gobierno por proporcionarnos estos sitios\u201d, mencion\u00f3 Claudia Rinc\u00f3n, auxiliar de reclutamiento de Farmacias del Ahorro,<\/p>\n\n\n\n<p>Jasmany Ortiz Santiago, generalista de la Empresa Trasmonte dio a conocer que han tenido la posibilidad de participar en varias ocasiones pues con este programa es m\u00e1s f\u00e1cil llegar a la ciudadan\u00eda.<\/p>\n\n\n\n<p>\u201cNos ayuda bastante para poder ir canalizando a las personas, ya hemos acudido varias ocasiones y la verdad tenemos buenos resultados, del total de las veces que hemos participado logramos contratar a 20 personas\u201d, expres\u00f3 Ortiz Santiago, generalista.<\/p>\n\n\n\n<p>Ana Mar\u00eda Adame, ejecutiva de Recursos Humanos de 3PL Servicios, agradeci\u00f3 la facilidad que ahora existe para ser part\u00edcipe de programas que impulsen las opciones laborales. Adem\u00e1s que de la \u00faltima Feria del Empleo se logr\u00f3<\/p>\n\n\n\n<p>\u201cSe me hace muy interesante porque ellos mismos nos impulsan a salir a buscar a nuestros vacantes con este programa, porque nos traen m\u00e1s cerca de los candidatos, anteriormente ten\u00edamos que solicitar permisos, pero ahorita ya con este impulso que nos est\u00e1 dando el gobierno es muy padre\u201d, opin\u00f3 Mar\u00eda Adame, Ejecutiva de Recursos Humanos.<\/p>\n\n\n\n<p>Por \u00faltimo los representantes de las empresas aseguraron continuar trabajando de la mano del gobierno municipal para impulsar las vacantes con las que se cuentan dentro de las mismas.<\/p>\n","protected":false},"excerpt":{"rendered":"<p>Nuevo Laredo, Tamps.- Empresas de comercio, maquiladoras, transportistas y agencias aduanales se instalaron en la Explanada Esteban Baca Calder\u00f3n por medio del programa municipal \u201cEmpleo en tu Colonia\u201d para ofertar &hellip; <a href=\"http:\/\/revistalaneta.com.mx\/?p=10749\" class=\"more-link\">Leer m\u00e1s<\/a><\/p>\n","protected":false},"author":1,"featured_media":10748,"comment_status":"open","ping_status":"open","sticky":false,"template":"","format":"standard","meta":{"footnotes":""},"categories":[4],"tags":[],"class_list":["post-10749","post","type-post","status-publish","format-standard","has-post-thumbnail","hentry","category-nuevo-laredo","entry"],"_links":{"self":[{"href":"http:\/\/revistalaneta.com.mx\/index.php?rest_route=\/wp\/v2\/posts\/10749","targetHints":{"allow":["GET"]}}],"collection":[{"href":"http:\/\/revistalaneta.com.mx\/index.php?rest_route=\/wp\/v2\/posts"}],"about":[{"href":"http:\/\/revistalaneta.com.mx\/index.php?rest_route=\/wp\/v2\/types\/post"}],"author":[{"embeddable":true,"href":"http:\/\/revistalaneta.com.mx\/index.php?rest_route=\/wp\/v2\/users\/1"}],"replies":[{"embeddable":true,"href":"http:\/\/revistalaneta.com.mx\/index.php?rest_route=%2Fwp%2Fv2%2Fcomments&post=10749"}],"version-history":[{"count":1,"href":"http:\/\/revistalaneta.com.mx\/index.php?rest_route=\/wp\/v2\/posts\/10749\/revisions"}],"predecessor-version":[{"id":10750,"href":"http:\/\/revistalaneta.com.mx\/index.php?rest_route=\/wp\/v2\/posts\/10749\/revisions\/10750"}],"wp:featuredmedia":[{"embeddable":true,"href":"http:\/\/revistalaneta.com.mx\/index.php?rest_route=\/wp\/v2\/media\/10748"}],"wp:attachment":[{"href":"http:\/\/revistalaneta.com.mx\/index.php?rest_route=%2Fwp%2Fv2%2Fmedia&parent=10749"}],"wp:term":[{"taxonomy":"category","embeddable":true,"href":"http:\/\/revistalaneta.com.mx\/index.php?rest_route=%2Fwp%2Fv2%2Fcategories&post=10749"},{"taxonomy":"post_tag","embeddable":true,"href":"http:\/\/revistalaneta.com.mx\/index.php?rest_route=%2Fwp%2Fv2%2Ftags&post=10749"}],"curies":[{"name":"wp","href":"https:\/\/api.w.org\/{rel}","templated":true}]}}