{"id":10752,"date":"2024-02-28T02:48:10","date_gmt":"2024-02-28T02:48:10","guid":{"rendered":"http:\/\/revistalaneta.com.mx\/?p=10752"},"modified":"2024-02-28T02:48:23","modified_gmt":"2024-02-28T02:48:23","slug":"conmemoran-autoridades-y-escuelas-de-nuevo-laredo-dia-de-la-bandera","status":"publish","type":"post","link":"http:\/\/revistalaneta.com.mx\/?p=10752","title":{"rendered":"Conmemoran autoridades y escuelas de Nuevo Laredo D\u00eda de la Bandera"},"content":{"rendered":"\n<p><\/p>\n\n\n\n<p>Nuevo Laredo, Tamps.- En conmemoraci\u00f3n de uno de los s\u00edmbolos patrios m\u00e1s importantes del pa\u00eds, autoridades de los tres niveles de gobierno, militares, consulares e instituciones educativas, se dieron cita en el parque Morelos para celebrar el D\u00eda de la Bandera.<\/p>\n\n\n\n<p>En esta efem\u00e9ride que se celebra cada 24 de febrero, 18 escoltas de escuelas desde primaria hasta universidad, recibieron el L\u00e1baro Patrio durante una emotiva ceremonia c\u00edvica de abanderamiento.<\/p>\n\n\n\n<p>En representaci\u00f3n de la alcaldesa Carmen Lilia Canturosas Villarreal, acudi\u00f3 el secretario del Ayuntamiento, Rolando Mart\u00edn Guevara Gonz\u00e1lez, quien expres\u00f3 que la Bandera, como s\u00edmbolo patrio, es un emblema de unidad, libertad y de justicia social de los mexicanos, as\u00ed como el glorioso origen de M\u00e9xico como naci\u00f3n.<\/p>\n\n\n\n<p>&#8220;Como mexicanos sentimos un profundo orgullo por nuestra Bandera y lo que representa, es nuestra identidad y un estandarte que siempre ha estado en los momentos que han definido nuestra historia como la Independencia, Reforma, Revoluci\u00f3n y ahora es nuestro s\u00edmbolo de la transformaci\u00f3n; por eso hoy ratificamos estos rasgos, recordamos nuestras ra\u00edces y admiramos todo lo que se la logrado como pa\u00eds&#8221;, expres\u00f3 el funcionario.<\/p>\n\n\n\n<p>Apunt\u00f3 que la Bandera debe ser la gu\u00eda permanente hacia un mejor futuro para todos, y en ese tenor, reiter\u00f3 el compromiso de la presidenta municipal de seguir con el trabajo por el bienestar de las familias y consolidar la transformaci\u00f3n de Nuevo Laredo.<\/p>\n\n\n\n<p>Durante la ceremonia, alumnos de la preparatoria municipal &#8220;Jos\u00e9 Vasconcelos&#8221; fueron los encargados de hacer el toque militar Tres de diana, por otro lado, la Centenaria Banda Municipal interpret\u00f3 el Himno Nacional.<\/p>\n\n\n\n<p>En el evento estuvieron presentes el General Brigadier Diplomado de Estado Mayor, Jos\u00e9 Antonio Hern\u00e1ndez Mac\u00edas, comandante de la guarnici\u00f3n militar de Nuevo Laredo; coronel de caballer\u00eda Diplomado de Estado Mayor, Isaac Edmundo Alvarado Ferretti, comandante del 16 regimiento de caballer\u00eda motorizado; subdelegado regional de Nuevo Laredo de la Guardia Estatal, L\u00e1zaro Mart\u00ednez Gonz\u00e1lez; el coordinador municipal de la Guardia Estatal de Nuevo Laredo, Ricardo Mart\u00ednez Ruiz; c\u00f3nsul general interino de Estados Unidos, Robert Dahlke; jefe del centro regional de desarrollo educativo, C\u00e9sar Bola\u00f1os Hern\u00e1ndez; delegado de migraci\u00f3n, Victor Hugo Hern\u00e1ndez Hinojosa; integrantes del Cabildo y autoridades municipales.<\/p>\n","protected":false},"excerpt":{"rendered":"<p>Nuevo Laredo, Tamps.- En conmemoraci\u00f3n de uno de los s\u00edmbolos patrios m\u00e1s importantes del pa\u00eds, autoridades de los tres niveles de gobierno, militares, consulares e instituciones educativas, se dieron cita &hellip; <a href=\"http:\/\/revistalaneta.com.mx\/?p=10752\" class=\"more-link\">Leer m\u00e1s<\/a><\/p>\n","protected":false},"author":1,"featured_media":10751,"comment_status":"open","ping_status":"open","sticky":false,"template":"","format":"standard","meta":{"footnotes":""},"categories":[4],"tags":[],"class_list":["post-10752","post","type-post","status-publish","format-standard","has-post-thumbnail","hentry","category-nuevo-laredo","entry"],"_links":{"self":[{"href":"http:\/\/revistalaneta.com.mx\/index.php?rest_route=\/wp\/v2\/posts\/10752","targetHints":{"allow":["GET"]}}],"collection":[{"href":"http:\/\/revistalaneta.com.mx\/index.php?rest_route=\/wp\/v2\/posts"}],"about":[{"href":"http:\/\/revistalaneta.com.mx\/index.php?rest_route=\/wp\/v2\/types\/post"}],"author":[{"embeddable":true,"href":"http:\/\/revistalaneta.com.mx\/index.php?rest_route=\/wp\/v2\/users\/1"}],"replies":[{"embeddable":true,"href":"http:\/\/revistalaneta.com.mx\/index.php?rest_route=%2Fwp%2Fv2%2Fcomments&post=10752"}],"version-history":[{"count":1,"href":"http:\/\/revistalaneta.com.mx\/index.php?rest_route=\/wp\/v2\/posts\/10752\/revisions"}],"predecessor-version":[{"id":10753,"href":"http:\/\/revistalaneta.com.mx\/index.php?rest_route=\/wp\/v2\/posts\/10752\/revisions\/10753"}],"wp:featuredmedia":[{"embeddable":true,"href":"http:\/\/revistalaneta.com.mx\/index.php?rest_route=\/wp\/v2\/media\/10751"}],"wp:attachment":[{"href":"http:\/\/revistalaneta.com.mx\/index.php?rest_route=%2Fwp%2Fv2%2Fmedia&parent=10752"}],"wp:term":[{"taxonomy":"category","embeddable":true,"href":"http:\/\/revistalaneta.com.mx\/index.php?rest_route=%2Fwp%2Fv2%2Fcategories&post=10752"},{"taxonomy":"post_tag","embeddable":true,"href":"http:\/\/revistalaneta.com.mx\/index.php?rest_route=%2Fwp%2Fv2%2Ftags&post=10752"}],"curies":[{"name":"wp","href":"https:\/\/api.w.org\/{rel}","templated":true}]}}