{"id":1077,"date":"2022-10-04T13:29:47","date_gmt":"2022-10-04T13:29:47","guid":{"rendered":"http:\/\/revistalaneta.com.mx\/?p=1077"},"modified":"2022-10-04T13:30:09","modified_gmt":"2022-10-04T13:30:09","slug":"estado-esta-con-nuevo-laredo","status":"publish","type":"post","link":"http:\/\/revistalaneta.com.mx\/?p=1077","title":{"rendered":"ESTADO EST\u00c1 CON NUEVO LAREDO"},"content":{"rendered":"\n<p><\/p>\n\n\n\n<p>-Ahora si hay coordinaci\u00f3n<\/p>\n\n\n\n<p>-Apoyo universal para discapacitados<\/p>\n\n\n\n<p>Tiempo de opinar<\/p>\n\n\n\n<p>Ra\u00fal Hern\u00e1ndez Moreno<\/p>\n\n\n\n<p>La alcaldesa Carmen Lilia Canturosas tiene razones de sobra para estar contenta con el arribo de la 4T a Tamaulipas. Para empezar, se acab\u00f3 la persecuci\u00f3n pol\u00edtica y&nbsp; judicial, pero adem\u00e1s, sabe que Nuevo Laredo cuenta con el&nbsp; respaldo de Am\u00e9rico Villarreal,<\/p>\n\n\n\n<p>Ahora si habr\u00e1 apoyo para impulsar programas y obras con la ayuda del&nbsp; gobierno estatal.<\/p>\n\n\n\n<p>Carmen Lilia y&nbsp; Nuevo Laredo fueron &nbsp;un apoyo importante para Am\u00e9rico en la elecci\u00f3n del 5 de junio y le aportaron &nbsp;&nbsp;73&nbsp; mil 911 votos, 15 mil m\u00e1s que los conseguidos por el PAN.<\/p>\n\n\n\n<p>Am\u00e9rico reconoce esta aportaci\u00f3n y valora el apoyo de los neolaredenses que no se doblaron ante las presiones de los azules.<\/p>\n\n\n\n<p>Por otra parte, el gobernador Am\u00e9rico Villarreal anunci\u00f3 que el apoyo econ\u00f3mico para los discapacitados ser\u00e1 universal, sin importar la edad. Actualmente el tope es a los 29 a\u00f1os, como si despu\u00e9s de esa edad, ya no necesitaran ayuda.<\/p>\n\n\n\n<p>Adem\u00e1s, revel\u00f3 que Tamaulipas se adherir\u00e1 al INSABIN y que se rescatar\u00e1 la infraestructura hospitalaria, que la anterior administraci\u00f3n&nbsp; dej\u00f3 en ruinas.<\/p>\n\n\n\n<p>Con Am\u00e9rico regreso la esperanza a Tamaulipas y se respiran &nbsp;aires de libertad, lo que ya es una ventaja.&nbsp; No solo se comprometi\u00f3 a que el aparato de justicia no se utilizara para amedrentar a nadie, tambi\u00e9n advirti\u00f3 que se acaban los moches, el uso de factureras y los precios inflados.<\/p>\n\n\n\n<p>Am\u00e9rico tiene todo un reto para enfrentar el monstruo de la corrupci\u00f3n que con Cabeza de Vaca creci\u00f3 exponencialmente. Tiene que actuar con mano dura contra quienes saquearon el erario,&nbsp; No debe haber impunidad, Duro contras vacas.<\/p>\n\n\n\n<p>Los tamaulipecos&nbsp; reclaman un gobierno abierto a la sociedad, que gobierne para todos, sin distingos ni colores partidistas. Se acab\u00f3 la cerraz\u00f3n azul, el gobierno de unos pocos.<\/p>\n\n\n\n<p>No sabemos si en esta semana, o m\u00e1s adelante, pero se espera que el gobierno estatal de a conocer los nombramientos de los funcionarios que &nbsp;estar\u00e1n al frente de las oficinas estatales, como lo son la Oficina Fiscal, Bienestar Social, UT,&nbsp; CREDE, Conalep. Cbtis, Cobat,&nbsp; el ITEA, ITAVU, las cuatro oficial\u00edas del Registro Civil, Coepris,&nbsp; el Instituto Catastral, el Fideicomiso del Puente III.<\/p>\n\n\n\n<p>Para \u00e9ste \u00faltimo se menciona que la titularidad recaer\u00e1 en Sergio Ojeda Castillo, lo que de ser cierto, tendr\u00eda que pedir licencia para separarse de la regidur\u00eda que ocupa actualmente.<\/p>\n\n\n\n<p>Obviamente, la principal dependencia es la Oficina Fiscal del Estado, la que suele ser ocupada por alguien cercano al gobernador.<\/p>\n\n\n\n<p>Con la llegada de Am\u00e9rico, la Oficina Fiscal dej\u00f3 de ser un muro de contenci\u00f3n para el gobierno municipal y ahora van a trabajar juntos, lo que permitir\u00e1 acelerar la nacionalizaci\u00f3n de los autos chocolates.<\/p>\n\n\n\n<p>Con la Fiscal de Cabeza se nacionalizaban 32 veh\u00edculos diarios y ahora ser\u00e1n 600, con el apoyo del gobierno municipal que destin\u00f3 recursos humanos y materiales para acelerar los tr\u00e1mites.<\/p>\n\n\n\n<p>Nos gustar\u00eda ver a aquel que en &nbsp;su soberbia dijo que ten\u00eda para todos, en una&nbsp; gira de medios nacionales a ver &nbsp;si le abren micr\u00f3fonos Ciro G\u00f3mez Leyva y Carlos Loret y le concede espacios H\u00e9ctor de Maul\u00e9on.<\/p>\n\n\n\n<p>Se le acab\u00f3 la caja de las galletas y ahora que quiera una entrevista le va a costar varios cientos de miles de pesos que tendr\u00e1n que salir de su bolsillo y a\u00fan para los bandidos es duro gastar de su propia lana. Hacerlo con el dinero del erario, siempre es m\u00e1s emocionante.<\/p>\n\n\n\n<p>Hasta los diputados Moyo Garc\u00eda e Imelda Sanmiguel le bajaron tres rayitas. Saben que la Fiscal\u00eda y los Gopes no los van a auxiliar. Muerto el rey, viva el rey.<\/p>\n","protected":false},"excerpt":{"rendered":"<p>-Ahora si hay coordinaci\u00f3n -Apoyo universal para discapacitados Tiempo de opinar Ra\u00fal Hern\u00e1ndez Moreno La alcaldesa Carmen Lilia Canturosas tiene razones de sobra para estar contenta con el arribo de &hellip; <a href=\"http:\/\/revistalaneta.com.mx\/?p=1077\" class=\"more-link\">Leer m\u00e1s<\/a><\/p>\n","protected":false},"author":1,"featured_media":1076,"comment_status":"open","ping_status":"open","sticky":false,"template":"","format":"standard","meta":{"footnotes":""},"categories":[2,3],"tags":[],"class_list":["post-1077","post","type-post","status-publish","format-standard","has-post-thumbnail","hentry","category-chismorreo","category-opinion","entry"],"_links":{"self":[{"href":"http:\/\/revistalaneta.com.mx\/index.php?rest_route=\/wp\/v2\/posts\/1077","targetHints":{"allow":["GET"]}}],"collection":[{"href":"http:\/\/revistalaneta.com.mx\/index.php?rest_route=\/wp\/v2\/posts"}],"about":[{"href":"http:\/\/revistalaneta.com.mx\/index.php?rest_route=\/wp\/v2\/types\/post"}],"author":[{"embeddable":true,"href":"http:\/\/revistalaneta.com.mx\/index.php?rest_route=\/wp\/v2\/users\/1"}],"replies":[{"embeddable":true,"href":"http:\/\/revistalaneta.com.mx\/index.php?rest_route=%2Fwp%2Fv2%2Fcomments&post=1077"}],"version-history":[{"count":1,"href":"http:\/\/revistalaneta.com.mx\/index.php?rest_route=\/wp\/v2\/posts\/1077\/revisions"}],"predecessor-version":[{"id":1078,"href":"http:\/\/revistalaneta.com.mx\/index.php?rest_route=\/wp\/v2\/posts\/1077\/revisions\/1078"}],"wp:featuredmedia":[{"embeddable":true,"href":"http:\/\/revistalaneta.com.mx\/index.php?rest_route=\/wp\/v2\/media\/1076"}],"wp:attachment":[{"href":"http:\/\/revistalaneta.com.mx\/index.php?rest_route=%2Fwp%2Fv2%2Fmedia&parent=1077"}],"wp:term":[{"taxonomy":"category","embeddable":true,"href":"http:\/\/revistalaneta.com.mx\/index.php?rest_route=%2Fwp%2Fv2%2Fcategories&post=1077"},{"taxonomy":"post_tag","embeddable":true,"href":"http:\/\/revistalaneta.com.mx\/index.php?rest_route=%2Fwp%2Fv2%2Ftags&post=1077"}],"curies":[{"name":"wp","href":"https:\/\/api.w.org\/{rel}","templated":true}]}}