{"id":1104,"date":"2022-10-05T03:19:48","date_gmt":"2022-10-05T03:19:48","guid":{"rendered":"http:\/\/revistalaneta.com.mx\/?p=1104"},"modified":"2022-10-05T03:20:25","modified_gmt":"2022-10-05T03:20:25","slug":"reciben-al-gobernador-americo-entre-aplausos","status":"publish","type":"post","link":"http:\/\/revistalaneta.com.mx\/?p=1104","title":{"rendered":"Reciben al gobernador Am\u00e9rico entre aplausos."},"content":{"rendered":"\n<p><\/p>\n\n\n\n<p>Ciudad Victoria, Tamps.- Cuando la puerta de palacio se abri\u00f3, el grito surgi\u00f3 espont\u00e1neo, &#8220;S\u00ed se pudo!, S\u00ed se pudo!, yo vot\u00e9 por Am\u00e9rico Villarreal&#8221;.<\/p>\n\n\n\n<p>Y no falt\u00f3 quien emocionado exclamaba: &#8220;\u00a1Se hizo justicia!, \u00a1Ya lleg\u00f3, ya lleg\u00f3!&#8221;.<\/p>\n\n\n\n<p>El gobernador Am\u00e9rico Villarreal Anaya avanz\u00f3 hasta la fuente, a mitad del patio central y respondi\u00f3 a la ovaci\u00f3n: &#8220;\u00a1Vamos a hacer cosas buenas por Tamaulipas!&#8221;.<\/p>\n\n\n\n<p>As\u00ed, de pie, aplaudiendo y asom\u00e1ndose por los balcones de los tres pisos, los bur\u00f3cratas recibieron a quien desde el s\u00e1bado encabeza la transformaci\u00f3n en Tamaulipas.<\/p>\n\n\n\n<p>Am\u00e9rico Villarreal alz\u00f3 su mano y despu\u00e9s la coloc\u00f3 en su pecho, en se\u00f1al de reciprocidad y agradecimiento al genuino cari\u00f1o.<\/p>\n\n\n\n<p>Los bur\u00f3cratas de m\u00e1s a\u00f1os de antig\u00fcedad evocaron la figura de su padre, el gobernador Am\u00e9rico Villarreal Guerra y contaron an\u00e9cdotas con afecto, al momento de verlo llegar este lunes a Palacio de Gobierno.<\/p>\n\n\n\n<p>&#8220;S\u00ed se pudo!, Dios hizo justicia&#8221; exclam\u00f3 un trabajador, que lo esperaba desde temprana hora en esa explanada central en la cual muchas veces lo vieron caminar junto a su padre.<\/p>\n\n\n\n<p>Tras una entrevista con los representantes de los medios de comunicaci\u00f3n, Villarreal Anaya agradeci\u00f3 el c\u00e1lido recibimiento de los bur\u00f3cratas tamaulipecos, quienes prolongaron el aplauso, mientras algunos tomaban fotograf\u00edas.<\/p>\n\n\n\n<p>Luego, se enfil\u00f3 hacia el lado derecho del Palacio, donde otra ciudadana acompa\u00f1ada de su hijo, lo salud\u00f3 emocionada.<\/p>\n\n\n\n<p>&#8220;Que sea un gobernador cercano a la gente, que la gente se acerque a usted, por eso luchamos por un gobernador como nosotros&#8221; le pidi\u00f3 aquella humilde mujer mientras lo tomaba de las manos.<\/p>\n\n\n\n<p>Al continuar su recorrido en el pasillo, afectuosamente le pidieron la primera selfie, la del recuerdo, a la cual accedi\u00f3 sonriente.<\/p>\n\n\n\n<p>El mismo cari\u00f1o recibi\u00f3 cuando a primera hora junto a su esposa Mar\u00eda Santiago de Villarreal, acudi\u00f3 a saludar a los trabajadores de la Secretar\u00eda de Educaci\u00f3n de Tamaulipas y hasta a un prima hermana se encontr\u00f3 en su recorrido y la abraz\u00f3 efusivamente.<\/p>\n\n\n\n<p>&#8220;\u00a1S\u00ed se puedo!\u201c con igual j\u00fabilo, le dijo una de las servidoras p\u00fablicas.<\/p>\n\n\n\n<p>Con el apoyo de la clase trabajadora el gobernador Am\u00e9rico Villarreal empez\u00f3 las acciones para transformar a Tamaulipas.<\/p>\n\n\n\n<p>La expectativa lleg\u00f3 hasta los comercios instalados en las zonas aleda\u00f1as como en la calle Ju\u00e1rez.<\/p>\n\n\n\n<p>Patty, empleada desde hace 33 a\u00f1os en un tradicional negocio de gorditas expres\u00f3 su alegr\u00eda.<\/p>\n\n\n\n<p>&#8220;Yo vot\u00e9 por Am\u00e9rico, no s\u00e9 mucho de pol\u00edtica, pero se ve que trae buenos proyectos&#8221;, dijo.<\/p>\n","protected":false},"excerpt":{"rendered":"<p>Ciudad Victoria, Tamps.- Cuando la puerta de palacio se abri\u00f3, el grito surgi\u00f3 espont\u00e1neo, &#8220;S\u00ed se pudo!, S\u00ed se pudo!, yo vot\u00e9 por Am\u00e9rico Villarreal&#8221;. Y no falt\u00f3 quien emocionado &hellip; <a href=\"http:\/\/revistalaneta.com.mx\/?p=1104\" class=\"more-link\">Leer m\u00e1s<\/a><\/p>\n","protected":false},"author":1,"featured_media":1103,"comment_status":"open","ping_status":"open","sticky":false,"template":"","format":"standard","meta":{"footnotes":""},"categories":[7,8],"tags":[],"class_list":["post-1104","post","type-post","status-publish","format-standard","has-post-thumbnail","hentry","category-ciudad-victoria","category-tamaulipas-sur","entry"],"_links":{"self":[{"href":"http:\/\/revistalaneta.com.mx\/index.php?rest_route=\/wp\/v2\/posts\/1104","targetHints":{"allow":["GET"]}}],"collection":[{"href":"http:\/\/revistalaneta.com.mx\/index.php?rest_route=\/wp\/v2\/posts"}],"about":[{"href":"http:\/\/revistalaneta.com.mx\/index.php?rest_route=\/wp\/v2\/types\/post"}],"author":[{"embeddable":true,"href":"http:\/\/revistalaneta.com.mx\/index.php?rest_route=\/wp\/v2\/users\/1"}],"replies":[{"embeddable":true,"href":"http:\/\/revistalaneta.com.mx\/index.php?rest_route=%2Fwp%2Fv2%2Fcomments&post=1104"}],"version-history":[{"count":1,"href":"http:\/\/revistalaneta.com.mx\/index.php?rest_route=\/wp\/v2\/posts\/1104\/revisions"}],"predecessor-version":[{"id":1105,"href":"http:\/\/revistalaneta.com.mx\/index.php?rest_route=\/wp\/v2\/posts\/1104\/revisions\/1105"}],"wp:featuredmedia":[{"embeddable":true,"href":"http:\/\/revistalaneta.com.mx\/index.php?rest_route=\/wp\/v2\/media\/1103"}],"wp:attachment":[{"href":"http:\/\/revistalaneta.com.mx\/index.php?rest_route=%2Fwp%2Fv2%2Fmedia&parent=1104"}],"wp:term":[{"taxonomy":"category","embeddable":true,"href":"http:\/\/revistalaneta.com.mx\/index.php?rest_route=%2Fwp%2Fv2%2Fcategories&post=1104"},{"taxonomy":"post_tag","embeddable":true,"href":"http:\/\/revistalaneta.com.mx\/index.php?rest_route=%2Fwp%2Fv2%2Ftags&post=1104"}],"curies":[{"name":"wp","href":"https:\/\/api.w.org\/{rel}","templated":true}]}}