{"id":11073,"date":"2024-03-23T05:10:13","date_gmt":"2024-03-23T05:10:13","guid":{"rendered":"http:\/\/revistalaneta.com.mx\/?p=11073"},"modified":"2024-03-23T05:10:35","modified_gmt":"2024-03-23T05:10:35","slug":"escurrimientos-partidistas","status":"publish","type":"post","link":"http:\/\/revistalaneta.com.mx\/?p=11073","title":{"rendered":"ESCURRIMIENTOS PARTIDISTAS"},"content":{"rendered":"\n<p><\/p>\n\n\n\n<p>-Nombres de la planilla de Morena<\/p>\n\n\n\n<p>-Dios gobierna Nuevo Laredo, se suma a Yahleel<\/p>\n\n\n\n<p>-Discriminan a neolaredenses de las pluris<\/p>\n\n\n\n<p>&nbsp;<\/p>\n\n\n\n<p>Tiempo&nbsp; de opinar<\/p>\n\n\n\n<p>Ra\u00fal Hern\u00e1ndez Moreno<\/p>\n\n\n\n<p>En per\u00edodo de&nbsp; elecciones es normal que&nbsp; haya escurrimientos de militantes de un partido a otro y en el actual no es la excepci\u00f3n.<\/p>\n\n\n\n<p>As\u00ed vimos que el 29 de marzo, a trav\u00e9s de sus redes sociales, Cristabell Zamora Cabrera anunci\u00f3 su renuncia a 29 a\u00f1os de militancia priista. Luego se supo que va en la planilla de s\u00edndicos y regidores&nbsp; de la alianza Morena-PT-Verde.<\/p>\n\n\n\n<p>M\u00e1s all\u00e1 de que haya cambiado de siglas,&nbsp; creemos que la presencia de Cristabell en el pr\u00f3ximo cabildo ayudar\u00eda a elevar la calidad del debate, que no lo&nbsp; ha habido en los dos \u00faltimos dos a\u00f1os&nbsp; y medio.<\/p>\n\n\n\n<p>Nuevo Laredo necesita un cabildo&nbsp; de calidad, que gobierne al lado del presidente municipal en turno. Ya estamos cansados de regidores que son damas y damos de&nbsp; compa\u00f1\u00eda y que se limitan a acompa\u00f1ar al alcalde en turno para&nbsp; salir en la&nbsp; foto de alguna inauguraci\u00f3n.<\/p>\n\n\n\n<p>El cabildo debe respaldar al alcalde para supervisar el trabajo de los&nbsp; secretarios, directores y jefes de las oficinas, para&nbsp; que hagan las cosas bien y a la primera.<\/p>\n\n\n\n<p>La planilla del PAN-PRI&nbsp; incluye a personajes como Cosme Mante, Mario Estrada, Delia Cort\u00e9s,&nbsp; Leticia Barrera, &nbsp;Edgardo Pedraza, Adriana Contreras, que &nbsp;de bote pronto &nbsp;garantizan desempe\u00f1ar su trabajo con eficiencia, m\u00e1s all\u00e1 de colores partidistas. Primero va a estar la ciudad y despu\u00e9s las siglas partidistas.<\/p>\n\n\n\n<p>Y lo mismo debe esperarse de la planilla de Morena, que mantiene una secrec\u00eda&nbsp; frente a la cual el Proyecto Manhattan se queda corto.<\/p>\n\n\n\n<p>Ya hay varios nombres de los posibles integrantes: Leticia Meneses, Erick Villafa\u00f1a, Adolfo Mondrag\u00f3n, Cristabell Zamora, Juan \u00c1ngel Mart\u00ednez, Carlos Montiel, Santos Francisco, Macarena Coraz\u00f3n Gonz\u00e1lez N\u00fa\u00f1ez, Pepe Zapata, Enrique Figueroa, Gabriel Sol\u00f3rzano, &nbsp;pero todo es extraoficial.<\/p>\n\n\n\n<p>La falta de informaci\u00f3n oficial&nbsp; genera especulaci\u00f3n.<\/p>\n\n\n\n<p>Por otra parte, la agrupaci\u00f3n Dios gobierna Nuevo Laredo, que preside Juan Carlos Medina Rayas, se sum\u00f3 al proyecto de la&nbsp; candidata de la alianza PAN-PRI, Yahleel Abdala Carmona.<\/p>\n\n\n\n<p>De filiaci\u00f3n priista, Medina&nbsp; coment\u00f3 que la coalici\u00f3n PAN-PRI es la mejor opci\u00f3n para construir un gobierno cercano a la&nbsp; gente, que enarbole la justicia social.<\/p>\n\n\n\n<p>Leal al PRI, en el 2021, Medina apoyo a Cristabell Zamora; hoy el PRI es aliado del PAN y Medina est\u00e1 con Yahleel.<\/p>\n\n\n\n<p>Por otra parte, ni la alianza Morena-PT-Verde ni la del PAN-PRI,&nbsp; incluy\u00f3 a un solo neolaredense en la lista de 14 candidatos a diputados plurinominales.<\/p>\n\n\n\n<p>Las c\u00fapulas de ambas coaliciones menospreciaron a Nuevo Laredo y su gente. \u00a1Qu\u00e9 gachos!<\/p>\n\n\n\n<p>&nbsp;Curiosamente, ambas coaliciones escogieron a reynosenses para encabezar las listas. Morena&nbsp; se decidi\u00f3 por Armando Zertuche Zuani que va por la reelecci\u00f3n y el PAN-PRI escogi\u00f3 a Sof\u00eda Garc\u00eda G\u00f3mez,&nbsp;&nbsp; hija del pr\u00f3fugo de la&nbsp; justicia, el ex gobernador Francisco Garc\u00eda Cabeza de Vaca.<\/p>\n","protected":false},"excerpt":{"rendered":"<p>-Nombres de la planilla de Morena -Dios gobierna Nuevo Laredo, se suma a Yahleel -Discriminan a neolaredenses de las pluris &nbsp; Tiempo&nbsp; de opinar Ra\u00fal Hern\u00e1ndez Moreno En per\u00edodo de&nbsp; &hellip; <a href=\"http:\/\/revistalaneta.com.mx\/?p=11073\" class=\"more-link\">Leer m\u00e1s<\/a><\/p>\n","protected":false},"author":1,"featured_media":11072,"comment_status":"open","ping_status":"open","sticky":false,"template":"","format":"standard","meta":{"footnotes":""},"categories":[2],"tags":[],"class_list":["post-11073","post","type-post","status-publish","format-standard","has-post-thumbnail","hentry","category-chismorreo","entry"],"_links":{"self":[{"href":"http:\/\/revistalaneta.com.mx\/index.php?rest_route=\/wp\/v2\/posts\/11073","targetHints":{"allow":["GET"]}}],"collection":[{"href":"http:\/\/revistalaneta.com.mx\/index.php?rest_route=\/wp\/v2\/posts"}],"about":[{"href":"http:\/\/revistalaneta.com.mx\/index.php?rest_route=\/wp\/v2\/types\/post"}],"author":[{"embeddable":true,"href":"http:\/\/revistalaneta.com.mx\/index.php?rest_route=\/wp\/v2\/users\/1"}],"replies":[{"embeddable":true,"href":"http:\/\/revistalaneta.com.mx\/index.php?rest_route=%2Fwp%2Fv2%2Fcomments&post=11073"}],"version-history":[{"count":1,"href":"http:\/\/revistalaneta.com.mx\/index.php?rest_route=\/wp\/v2\/posts\/11073\/revisions"}],"predecessor-version":[{"id":11074,"href":"http:\/\/revistalaneta.com.mx\/index.php?rest_route=\/wp\/v2\/posts\/11073\/revisions\/11074"}],"wp:featuredmedia":[{"embeddable":true,"href":"http:\/\/revistalaneta.com.mx\/index.php?rest_route=\/wp\/v2\/media\/11072"}],"wp:attachment":[{"href":"http:\/\/revistalaneta.com.mx\/index.php?rest_route=%2Fwp%2Fv2%2Fmedia&parent=11073"}],"wp:term":[{"taxonomy":"category","embeddable":true,"href":"http:\/\/revistalaneta.com.mx\/index.php?rest_route=%2Fwp%2Fv2%2Fcategories&post=11073"},{"taxonomy":"post_tag","embeddable":true,"href":"http:\/\/revistalaneta.com.mx\/index.php?rest_route=%2Fwp%2Fv2%2Ftags&post=11073"}],"curies":[{"name":"wp","href":"https:\/\/api.w.org\/{rel}","templated":true}]}}