{"id":11079,"date":"2024-03-23T17:59:00","date_gmt":"2024-03-23T17:59:00","guid":{"rendered":"http:\/\/revistalaneta.com.mx\/?p=11079"},"modified":"2024-03-23T17:59:18","modified_gmt":"2024-03-23T17:59:18","slug":"complace-a-la-ciudadania-las-candidaturas-de-la-alianza-pan-pri","status":"publish","type":"post","link":"http:\/\/revistalaneta.com.mx\/?p=11079","title":{"rendered":"Complace a la ciudadan\u00eda las candidaturas de la Alianza PAN-PRI"},"content":{"rendered":"\n<p><\/p>\n\n\n\n<p>Nuevo Laredo, Tamps.- En este segundo y decisivo esfuerzo por llevar a Yahleel Abdala al triunfo en las elecciones del 2 de junio, la alianza del PAN y el PRI ha generado un significativo impacto en la sociedad fronteriza.<\/p>\n\n\n\n<p>La reciente muestra de apoyo hacia los candidatos de la coalici\u00f3n \u201cFuerza y Coraz\u00f3n por M\u00e9xico\u201d refleja una disposici\u00f3n inequ\u00edvoca por parte de la militancia y simpatizantes de ambos institutos de respaldar su propuesta pol\u00edtica que promete unidad y representaci\u00f3n efectiva.<\/p>\n\n\n\n<p>Aunado a lo anterior, grandes liderazgos pol\u00edticos, sociales, empresariales, juveniles, sindicales, religiosos, luchadores comunitarios, comerciantes, industriales, transportistas y aduanales les han manifestado personalmente estar dispuestos a acompa\u00f1arlos en su camino hacia las pr\u00f3ximas elecciones, conscientes de la deplorable situaci\u00f3n en que se encuentra este bendito pueblo.<\/p>\n\n\n\n<p>La respuesta entusiasta de la comunidad refleja un claro inter\u00e9s por parte de los ciudadanos en participar activamente en el proceso democr\u00e1tico y en respaldar una opci\u00f3n pol\u00edtica que promueva realmente y con certeza el desarrollo y el bienestar de la ciudad. Los neolaredenses lo quieren y lo merecen.<\/p>\n","protected":false},"excerpt":{"rendered":"<p>Nuevo Laredo, Tamps.- En este segundo y decisivo esfuerzo por llevar a Yahleel Abdala al triunfo en las elecciones del 2 de junio, la alianza del PAN y el PRI &hellip; <a href=\"http:\/\/revistalaneta.com.mx\/?p=11079\" class=\"more-link\">Leer m\u00e1s<\/a><\/p>\n","protected":false},"author":1,"featured_media":11078,"comment_status":"open","ping_status":"open","sticky":false,"template":"","format":"standard","meta":{"footnotes":""},"categories":[4],"tags":[],"class_list":["post-11079","post","type-post","status-publish","format-standard","has-post-thumbnail","hentry","category-nuevo-laredo","entry"],"_links":{"self":[{"href":"http:\/\/revistalaneta.com.mx\/index.php?rest_route=\/wp\/v2\/posts\/11079","targetHints":{"allow":["GET"]}}],"collection":[{"href":"http:\/\/revistalaneta.com.mx\/index.php?rest_route=\/wp\/v2\/posts"}],"about":[{"href":"http:\/\/revistalaneta.com.mx\/index.php?rest_route=\/wp\/v2\/types\/post"}],"author":[{"embeddable":true,"href":"http:\/\/revistalaneta.com.mx\/index.php?rest_route=\/wp\/v2\/users\/1"}],"replies":[{"embeddable":true,"href":"http:\/\/revistalaneta.com.mx\/index.php?rest_route=%2Fwp%2Fv2%2Fcomments&post=11079"}],"version-history":[{"count":1,"href":"http:\/\/revistalaneta.com.mx\/index.php?rest_route=\/wp\/v2\/posts\/11079\/revisions"}],"predecessor-version":[{"id":11080,"href":"http:\/\/revistalaneta.com.mx\/index.php?rest_route=\/wp\/v2\/posts\/11079\/revisions\/11080"}],"wp:featuredmedia":[{"embeddable":true,"href":"http:\/\/revistalaneta.com.mx\/index.php?rest_route=\/wp\/v2\/media\/11078"}],"wp:attachment":[{"href":"http:\/\/revistalaneta.com.mx\/index.php?rest_route=%2Fwp%2Fv2%2Fmedia&parent=11079"}],"wp:term":[{"taxonomy":"category","embeddable":true,"href":"http:\/\/revistalaneta.com.mx\/index.php?rest_route=%2Fwp%2Fv2%2Fcategories&post=11079"},{"taxonomy":"post_tag","embeddable":true,"href":"http:\/\/revistalaneta.com.mx\/index.php?rest_route=%2Fwp%2Fv2%2Ftags&post=11079"}],"curies":[{"name":"wp","href":"https:\/\/api.w.org\/{rel}","templated":true}]}}