{"id":11093,"date":"2024-03-25T01:10:30","date_gmt":"2024-03-25T01:10:30","guid":{"rendered":"http:\/\/revistalaneta.com.mx\/?p=11093"},"modified":"2024-03-25T01:10:53","modified_gmt":"2024-03-25T01:10:53","slug":"inicia-la-uat-este-lunes-periodo-vacacional-de-primavera-2024","status":"publish","type":"post","link":"http:\/\/revistalaneta.com.mx\/?p=11093","title":{"rendered":"Inicia la UAT este lunes periodo vacacional de primavera 2024"},"content":{"rendered":"\n<p><\/p>\n\n\n\n<p>Ciudad Victoria, Tamaulipas.- La Universidad Aut\u00f3noma de Tamaulipas (UAT) comienza este lunes el periodo vacacional de primavera, conforme al calendario escolar-administrativo 2024.<br>Este periodo, que se extiende desde el 25 de marzo hasta el 5 de abril de este a\u00f1o, marca un receso en la actividad de las dependencias de la UAT para todo el personal sindicalizado y de confianza, personal directivo, docentes y estudiantes de la m\u00e1xima casa de estudios.<br>Por acuerdo del MVZ D\u00e1maso Leonardo Anaya Alvarado, rector de la UAT, y en cumplimiento del Contrato Colectivo de Trabajo y el calendario oficial de la Universidad, se establece que todas las dependencias universitarias, ubicadas en las zonas centro, norte y sur del estado, reanudar\u00e1n sus actividades el lunes 8 de abril de 2024.<br>La difusi\u00f3n de esta circular relacionada con el periodo vacacional de primavera se ha realizado a trav\u00e9s de un comunicado oficial emitido por la Direcci\u00f3n de Recursos Humanos, dependiente de la Secretar\u00eda de Administraci\u00f3n de la UAT, con el objetivo primordial de mantener informada a toda la comunidad universitaria.<br>Por otro lado, el calendario acad\u00e9mico establece el pr\u00f3ximo 17 de mayo como la fecha de conclusi\u00f3n del periodo de clases de primavera, con evaluaciones finales ordinarias y extraordinarias programadas del 13 al 24 de mayo, y la entrega de actas de evaluaci\u00f3n el d\u00eda 27 de mayo.<br>Sigue abierto el proceso de admisi\u00f3n para el periodo de oto\u00f1o 2024<br>En la Universidad Aut\u00f3noma de Tamaulipas se encuentra en curso, desde el 26 de febrero, el proceso de admisi\u00f3n para el ciclo Oto\u00f1o 2024.<br>La oferta educativa comprende una amplia gama compuesta por m\u00e1s de ochenta programas en diferentes sedes universitarias, los cuales pueden ser consultados en la secci\u00f3n &#8220;Oferta Acad\u00e9mica&#8221; del portal oficial de la universidad (www.uat.edu.mx).<br>La UAT invita a los aspirantes interesados a comunicarse con la facultad o unidad acad\u00e9mica de su preferencia para conocer m\u00e1s detalles y procedimientos de nuevo ingreso, o bien consultar informes a trav\u00e9s de las redes sociales y sitios web oficiales.<\/p>\n","protected":false},"excerpt":{"rendered":"<p>Ciudad Victoria, Tamaulipas.- La Universidad Aut\u00f3noma de Tamaulipas (UAT) comienza este lunes el periodo vacacional de primavera, conforme al calendario escolar-administrativo 2024.Este periodo, que se extiende desde el 25 de &hellip; <a href=\"http:\/\/revistalaneta.com.mx\/?p=11093\" class=\"more-link\">Leer m\u00e1s<\/a><\/p>\n","protected":false},"author":1,"featured_media":11092,"comment_status":"open","ping_status":"open","sticky":false,"template":"","format":"standard","meta":{"footnotes":""},"categories":[7],"tags":[],"class_list":["post-11093","post","type-post","status-publish","format-standard","has-post-thumbnail","hentry","category-ciudad-victoria","entry"],"_links":{"self":[{"href":"http:\/\/revistalaneta.com.mx\/index.php?rest_route=\/wp\/v2\/posts\/11093","targetHints":{"allow":["GET"]}}],"collection":[{"href":"http:\/\/revistalaneta.com.mx\/index.php?rest_route=\/wp\/v2\/posts"}],"about":[{"href":"http:\/\/revistalaneta.com.mx\/index.php?rest_route=\/wp\/v2\/types\/post"}],"author":[{"embeddable":true,"href":"http:\/\/revistalaneta.com.mx\/index.php?rest_route=\/wp\/v2\/users\/1"}],"replies":[{"embeddable":true,"href":"http:\/\/revistalaneta.com.mx\/index.php?rest_route=%2Fwp%2Fv2%2Fcomments&post=11093"}],"version-history":[{"count":1,"href":"http:\/\/revistalaneta.com.mx\/index.php?rest_route=\/wp\/v2\/posts\/11093\/revisions"}],"predecessor-version":[{"id":11094,"href":"http:\/\/revistalaneta.com.mx\/index.php?rest_route=\/wp\/v2\/posts\/11093\/revisions\/11094"}],"wp:featuredmedia":[{"embeddable":true,"href":"http:\/\/revistalaneta.com.mx\/index.php?rest_route=\/wp\/v2\/media\/11092"}],"wp:attachment":[{"href":"http:\/\/revistalaneta.com.mx\/index.php?rest_route=%2Fwp%2Fv2%2Fmedia&parent=11093"}],"wp:term":[{"taxonomy":"category","embeddable":true,"href":"http:\/\/revistalaneta.com.mx\/index.php?rest_route=%2Fwp%2Fv2%2Fcategories&post=11093"},{"taxonomy":"post_tag","embeddable":true,"href":"http:\/\/revistalaneta.com.mx\/index.php?rest_route=%2Fwp%2Fv2%2Ftags&post=11093"}],"curies":[{"name":"wp","href":"https:\/\/api.w.org\/{rel}","templated":true}]}}