{"id":111,"date":"2022-07-10T16:36:49","date_gmt":"2022-07-10T16:36:49","guid":{"rendered":"http:\/\/revistalaneta.com.mx.previewc75.carrierzone.com\/?p=111"},"modified":"2022-08-10T16:39:00","modified_gmt":"2022-08-10T16:39:00","slug":"sufre-reves-el-pan-en-impugnaciones","status":"publish","type":"post","link":"http:\/\/revistalaneta.com.mx\/?p=111","title":{"rendered":"Sufre rev\u00e9s el PAN en impugnaciones"},"content":{"rendered":"<p><span style=\"font-weight: 400;\">Contundentes reveses se dieron en el Tribunal Electoral de Tamaulipas a diversas impugnaciones presentadas por el Partido Acci\u00f3n Nacional (PAN) en torno a la elecci\u00f3n por la gubernatura del estado, esto durante la sesi\u00f3n virtual que dicho organismo celebr\u00f3 el pasado s\u00e1bado por la tarde, y donde los magistrados electorales resolvieron 40 asuntos, siendo estos 18 recursos de apelaci\u00f3n, 21 recursos de inconformidad y un recurso de defensa de derechos pol\u00edticos. Entre lo m\u00e1s sobresaliente destaca que se desech\u00f3 el reclamo del Partido Acci\u00f3n Nacional (PAN) para cancelar los resultados de la elecci\u00f3n en el Distrito 13 con sede en San Fernando, y donde se alegaba la participaci\u00f3n de grupos armados en el municipio de Hidalgo. Igualmente el PAN recibi\u00f3 el rechazo del TRIELTAM a inconformidades presentadas en los distritos 2, 4, 5, 7, 8, 11, 12 y 14, al considerar los magistrados que no se presentaron pruebas suficientes para validar sus reclamos.<\/span><\/p>\n<p><span style=\"font-weight: 400;\">A\u00daN FALTA LA IMPUGNACI\u00d3N PRINCIPAL<\/span><\/p>\n<p><span style=\"font-weight: 400;\">Cabe apuntar que estas son las primeras impugnaciones de la elecci\u00f3n de gobernador que resuelve el TRIELTAM, pero a\u00fan falta muchas por atender, pero llama la atenci\u00f3n que en estas el Partido Acci\u00f3n Nacional no consigui\u00f3 salir airoso, y muy probablemente tampoco lo salga en las que faltan, y sobre todo la principal, que es la de la impugnaci\u00f3n general a la elecci\u00f3n, la cual es la RIN -32-2022, que muy probablemente sea analizada en la siguiente sesi\u00f3n del TRIELTAM, que dicho sea de paso, tiene hasta el 25 de agosto para resolver las quejas presentadas con relaci\u00f3n a la elecci\u00f3n. Pero bueno tambi\u00e9n depender\u00e1, que tan bien la hayan fundamentado los panistas, y la decisi\u00f3n que tomen los magistrados al respecto. Pero de que el blanquiazul va perdiendo la partida, la va perdiendo.<\/span><\/p>\n<p><span style=\"font-weight: 400;\">SE PERFILA ABELARDO IBARRA COMO DIRIGENTE DEL SNTE<\/span><\/p>\n<p><span style=\"font-weight: 400;\">Al interior del Sindicato Nacional de Trabajadores de la Educaci\u00f3n (SNTE) Secci\u00f3n 30 de Tamaulipas cada vez hay m\u00e1s voces en sentido de que el \u00fanico que puede garantizar la unidad al interior de dicho gremio sindical es Abelardo Ibarra Villanueva, y por ende aumentan las posibilidades del mencionado de ser el pr\u00f3ximo secretario general de este organismo, en las pr\u00f3ximas elecciones internas que se avecinan, y donde si bien es cierto son varios los aspirantes, poco a poco Ibarra Villanueva va perfil\u00e1ndose como el mejor prospecto, tanto por el factor de unidad, como la disciplina y trabajo realizado hasta el momento al interior de la Secci\u00f3n 30 magisterial.<\/span><\/p>\n<p><span style=\"font-weight: 400;\">CONCRETA ACUERDOS CLCR CON EMPRESARIOS DE JALISCO<\/span><\/p>\n<p><span style=\"font-weight: 400;\">En su m\u00e1s reciente visita al estado de Jalisco, la Presidenta Municipal de Nuevo Laredo, Carmen Lilia Canturosas Villarreal, no solo logr\u00f3 concretar acuerdos con las autoridades estatales de dicho gobierno, sino tambi\u00e9n con la iniciativa privada de la referida entidad, que hoy por hoy es un referente de la econom\u00eda nacional. As\u00ed pues Carmen Lilia pudo reunirse con miembros del Consejo de C\u00e1maras Industriales de Jalisco, que est\u00e1 conformada por 22 c\u00e1maras y asociaciones que incluyen Bebida y Tabaco, Industrias Agroalimentaria, del Papel, Manufactureras, de Construcci\u00f3n, Transporte, Correos y Almacenamiento, Muebles, Pl\u00e1stico, Servicios de Alojamiento Temporal y Alimentos y Bebidas entre otras, ante quienes se comprometi\u00f3 a hacer un puente de colaboraci\u00f3n para promover e impulsar la grandez de los productos y servicios hechos por los neolaredenses y los tapat\u00edos. De esta manera la alcaldesa neolaredense sigue trabajando para posicionar a Nuevo Laredo en el \u00e1mbito econ\u00f3mico nacional.<\/span><\/p>\n<p><span style=\"font-weight: 400;\">AMPL\u00cdAN LA PROLONGACI\u00d3N MONTERREY<\/span><\/p>\n<p><span style=\"font-weight: 400;\">Con una inversi\u00f3n de 5.5 millones de pesos el Gobierno Municipal de Nuevo Laredo, que encabeza Carmen Lilia Canturosas Villarreal, lleva a cabo trabajos de ampliaci\u00f3n de la avenida Prolongaci\u00f3n Monterrey entre Cerro de la Bufa y Boulevard Revoluci\u00f3n, en la colonia Colinas del Sur, todo a fin de generar una mejor circulaci\u00f3n en el \u00e1rea, y terminar as\u00ed con los \u201ccuellos de botella\u201d al salir de dicha colonia, hacia el lado de la Carretera Aeropuerto. La obra consta de un segundo cuerpo de la Prolongaci\u00f3n Monterrey que abarca 2 mil 015 metros cuadrados, y la cual se espera est\u00e9 terminada a inicios del mes de septiembre. De esta manera se ampliar\u00e1 la arteria de dos a cuatro carriles y con esto se agilizar\u00e1 el tr\u00e1fico en la misma.<\/span><\/p>\n<p><span style=\"font-weight: 400;\">IMELDA SANMIGUEL SE PERFILA PARA DIRIGENCIA DEL PAN<\/span><\/p>\n<p><span style=\"font-weight: 400;\">La diputada local neolaredense, Imelda Sanmiguel S\u00e1nchez, se perfila a ocupar un cargo importante en la dirigencia estatal del Partido Acci\u00f3n Nacional (PAN) de Tamaulipas, dentro de los pr\u00f3ximos cambios que se realizar\u00e1n en este organismo pol\u00edtico. Y es que se habla que Imelda ser\u00e1 la pr\u00f3xima secretaria general del comit\u00e9 estatal del blanquiazul, esto si es que Luis Ren\u00e9 Cant\u00fa Galv\u00e1n, logra reelegirse en el cargo. Pero en caso de que a \u201cEl Cachorro\u201d Cant\u00fa no se le haga ser el dirigente estatal, Imelda podr\u00eda entrar en su lugar. De hecho extra\u00f1a que el PAN vaya a querer mantener a un var\u00f3n en la dirigencia estatal, a sabiendas que el Movimiento de Regeneraci\u00f3n Nacional (MORENA), ser\u00e1 dirigido por una dama, por lo que lo m\u00e1s \u00f3ptimo es que Acci\u00f3n Nacional tambi\u00e9n opte por una mujer. Pero bueno, ya veremos que se decide al respecto.<\/span><\/p>\n<p><span style=\"font-weight: 400;\">REINICIAN ACTIVIDADES ADMINISTRATIVAS EN LA UAT<\/span><\/p>\n<p><span style=\"font-weight: 400;\">Este 8 de agosto regresa la actividad administrativa en todas las dependencias de la Universidad Aut\u00f3noma de Tamaulipas (UAT), cuyo personal preparar\u00e1 todo lo relativo al regreso a clases en la m\u00e1xima casa de estudios, lo cual est\u00e1 programado para el 22 de agosto. Y dentro de las prontas acciones que se llevar\u00e1n a efecto en la UAT est\u00e1 el que el viernes 12 de agosto se publicar\u00e1n los resultados de los aspirantes que aplicaron el examen Ceneval durante el mes de julio, para as\u00ed saber si fueron aceptados, o no. Los resultados del <\/span><span style=\"font-weight: 400;\">proceso de admisi\u00f3n se podr\u00e1n consultar mediante el sitio www.academico.uat.edu.mx con acceso tambi\u00e9n desde el portal web oficial de la UAT: <\/span><a href=\"http:\/\/www.uat.edu.mx\"><span style=\"font-weight: 400;\">www.uat.edu.mx<\/span><\/a><span style=\"font-weight: 400;\"> de ah\u00ed que se exhorte a los interesados a estar pendientes de tales resultados. Cabe apuntar que del 15 al 19 de agosto se realizar\u00e1 el proceso de inscripci\u00f3n y reinscripci\u00f3n. <\/span><span style=\"font-weight: 400;\">El calendario tambi\u00e9n marca como per<\/span><span style=\"font-weight: 400;\">\u00ed<\/span><span style=\"font-weight: 400;\">odo de altas y bajas la semana comprendida del 22 al 26 de agosto y como fecha l\u00edmite de pago de inscripciones el 23 de agosto, por lo que la <\/span><span style=\"font-weight: 400;\">UAT<\/span><span style=\"font-weight: 400;\"> tiene tambi\u00e9n a disposici\u00f3n el m\u00f3dulo www.academico.uat.edu.mx del sistema de inscripciones en l\u00ednea.<\/span><\/p>\n<p><span style=\"font-weight: 400;\">LO \u00daLTIMO<\/span><\/p>\n<p><span style=\"font-weight: 400;\">Todo un \u00e9xito result\u00f3 el inicio del segundo concurso de karaoke celebrado en el mercado \u201cMaclovio Herrera\u201d, y que tuvo la participaci\u00f3n de 15 cantantes de diversos g\u00e9neros, y donde el ganador fue Gudberto Fuentes Arellano, residente de Laredo, Texas, y quien vino expresamente a participar en este evento, y con ello se demostr\u00f3 que este concurso est\u00e1 traspasando las fronteras, y con ello se habla bien de Nuevo Laredo\u2026El amigo Sa\u00fal Alcocer Bocanegra tom\u00f3 una fotograf\u00eda del r\u00edo Salado, ubicado a unos cuantos kil\u00f3metros de Nuevo Laredo, y el cual se muestra totalmente sec\u00f3, y esto es otra evidencia m\u00e1s del grave problema de la crisis del agua que estamos viviendo al noreste del pa\u00eds, y debe ser a la vez un llamado de alerta para cuidar el agua, y sobre todo buscar nuevas alternativas para abastecernos del vital l\u00edquido\u2026 Por cierto que hay quienes dicen que para solucionar el problema del agua en Nuevo Le\u00f3n, se requieren tres huracanes. Algo dr\u00e1stico, sin duda alguna, pero lamentablemente real.<\/span><\/p>\n","protected":false},"excerpt":{"rendered":"<p>Contundentes reveses se dieron en el Tribunal Electoral de Tamaulipas a diversas impugnaciones presentadas por el Partido Acci\u00f3n Nacional (PAN) en torno a la elecci\u00f3n por la gubernatura del estado, &hellip; <a href=\"http:\/\/revistalaneta.com.mx\/?p=111\" class=\"more-link\">Leer m\u00e1s<\/a><\/p>\n","protected":false},"author":1,"featured_media":94,"comment_status":"open","ping_status":"open","sticky":false,"template":"","format":"standard","meta":{"footnotes":""},"categories":[2,3],"tags":[],"class_list":["post-111","post","type-post","status-publish","format-standard","has-post-thumbnail","hentry","category-chismorreo","category-opinion","entry"],"_links":{"self":[{"href":"http:\/\/revistalaneta.com.mx\/index.php?rest_route=\/wp\/v2\/posts\/111","targetHints":{"allow":["GET"]}}],"collection":[{"href":"http:\/\/revistalaneta.com.mx\/index.php?rest_route=\/wp\/v2\/posts"}],"about":[{"href":"http:\/\/revistalaneta.com.mx\/index.php?rest_route=\/wp\/v2\/types\/post"}],"author":[{"embeddable":true,"href":"http:\/\/revistalaneta.com.mx\/index.php?rest_route=\/wp\/v2\/users\/1"}],"replies":[{"embeddable":true,"href":"http:\/\/revistalaneta.com.mx\/index.php?rest_route=%2Fwp%2Fv2%2Fcomments&post=111"}],"version-history":[{"count":2,"href":"http:\/\/revistalaneta.com.mx\/index.php?rest_route=\/wp\/v2\/posts\/111\/revisions"}],"predecessor-version":[{"id":113,"href":"http:\/\/revistalaneta.com.mx\/index.php?rest_route=\/wp\/v2\/posts\/111\/revisions\/113"}],"wp:featuredmedia":[{"embeddable":true,"href":"http:\/\/revistalaneta.com.mx\/index.php?rest_route=\/wp\/v2\/media\/94"}],"wp:attachment":[{"href":"http:\/\/revistalaneta.com.mx\/index.php?rest_route=%2Fwp%2Fv2%2Fmedia&parent=111"}],"wp:term":[{"taxonomy":"category","embeddable":true,"href":"http:\/\/revistalaneta.com.mx\/index.php?rest_route=%2Fwp%2Fv2%2Fcategories&post=111"},{"taxonomy":"post_tag","embeddable":true,"href":"http:\/\/revistalaneta.com.mx\/index.php?rest_route=%2Fwp%2Fv2%2Ftags&post=111"}],"curies":[{"name":"wp","href":"https:\/\/api.w.org\/{rel}","templated":true}]}}