{"id":1113,"date":"2022-10-05T13:36:34","date_gmt":"2022-10-05T13:36:34","guid":{"rendered":"http:\/\/revistalaneta.com.mx\/?p=1113"},"modified":"2022-10-05T13:37:25","modified_gmt":"2022-10-05T13:37:25","slug":"gobernador-no-ratifica-a-ortiz-renan","status":"publish","type":"post","link":"http:\/\/revistalaneta.com.mx\/?p=1113","title":{"rendered":"GOBERNADOR NO RATIFICA A ORTIZ REN\u00c1N"},"content":{"rendered":"\n<p><\/p>\n\n\n\n<p>-Es gente de Cabeza y tiene mala reputaci\u00f3n<\/p>\n\n\n\n<p>-Inicia desmantelamiento de trabas del cabecismo<\/p>\n\n\n\n<p>Tiempo de opinar<\/p>\n\n\n\n<p>Ra\u00fal Hern\u00e1ndez Moreno<\/p>\n\n\n\n<p>El gobernador Am\u00e9rico&nbsp; Villarreal decidi\u00f3 no ratificar en su cargo&nbsp; al magistrado Horacio Ortiz Ren\u00e1n, iniciando as\u00ed el desmantelamiento del andamiaje legaloide con el cual Francisco Garc\u00eda Cabeza de Vaca le puso trabas para acotar su desempe\u00f1o.<\/p>\n\n\n\n<p>Ortiz Ren\u00e1n fue Secretario del Ayuntamiento de Reynosa en el trienio 2005-2007 que presidi\u00f3 Cabeza de Vaca. En el 2016, \u00e9ste lo design\u00f3 presidente del Supremo Tribunal de Justicia donde durar\u00eda 6 a\u00f1os, pero el 16 de septiembre del 2022, renunci\u00f3 y en su lugar se impuso a David Cerda Z\u00fa\u00f1iga. Los magistrados duran 6 a\u00f1os y pueden ser reelectos para un segundo periodo.<\/p>\n\n\n\n<p>Al imponer a Cerda el cabecismo busca impedir que Am\u00e9rico nombre al titular del Poder Judicial y que el cabecismo lo controle.<\/p>\n\n\n\n<p>Am\u00e9rico anunci\u00f3 &nbsp;que no ratifica como magistrado a Ortiz Ren\u00e1n por no tener honorabilidad y mala reputaci\u00f3n.<\/p>\n\n\n\n<p>Y es que Ortiz Ren\u00e1n no conoce m\u00e1s jefe que a Cabeza de Vaca y se prest\u00f3 a lo que este le ordenaba.<\/p>\n\n\n\n<p>Am\u00e9rico Villarreal busca echar abajo el andamiaje legaloide que Cabeza de Vaca construy\u00f3 con la ayuda de Ortiz Ren\u00e1n en el Poder Judicial y F\u00e9lix Garc\u00eda en el Congreso.<\/p>\n\n\n\n<p>Actualmente la Suprema Corte de Justicia analiza la petici\u00f3n de los diputados locales &nbsp;de Morena para recuperar la Junta de Coordinaci\u00f3n Pol\u00edtica del Congreso que por ley la encabeza el partido que obtuvo mayor\u00eda en la \u00faltima elecci\u00f3n de diputados locales.<\/p>\n\n\n\n<p>Esa mayor\u00eda la obtuvo Morena, pero el PAN, con la intervenci\u00f3n del gobernador, compro &nbsp;diputados de Morena, &nbsp;se hizo de la mayor\u00eda y modific\u00f3 la ley para que el partido que tuviera m\u00e1s diputados en el Congreso obtuviera la Junta de Coordinaci\u00f3n Pol\u00edtica.<\/p>\n\n\n\n<p>Morena recientemente recuper\u00f3 dos diputados, ya tiene 17, tiene el apoyo de un legislador del MC y es altamente probable que los dos del PRI hagan alianza, con lo cual tendr\u00edan 20 votos para quitarle la Junta de Coordinaci\u00f3n al PAN.<\/p>\n\n\n\n<p>Tambi\u00e9n est\u00e1 pendiente un recurso para dejar sin efecto los acuerdos legales del 1 de julio cuando el PAN aprob\u00f3 las reformas a la llamada S\u00faper Fiscal\u00eda, cuentas de ayuntamientos y otros acuerdos.<\/p>\n\n\n\n<p>Se da por un hecho,&nbsp; tambi\u00e9n, que Irving Barrios Mojica renunciara en las siguientes semanas a la Fiscal\u00eda General de Tamaulipas, no obstante que su cargo termina en el 2027.<\/p>\n\n\n\n<p>Barrios sabe que Am\u00e9rico no le tiene confianza y le conviene tener un mal arreglo que un buen pleito con el&nbsp; gobierno federal. Amor y paz.<\/p>\n\n\n\n<p>El flamante gobernador anunci\u00f3 en su toma de posesi\u00f3n que la Polic\u00eda Estatal y los Gopes van a desaparecer para dar lugar a la Guardia Estatal, con elementos que tendr\u00e1n entrenamiento militar.<\/p>\n\n\n\n<p>El Congreso panista aprob\u00f3 que los Gopes dependan de la Fiscal\u00eda, al igual que la Unidad de Inteligencia Financiera y la Fiscal\u00eda Anticorrupci\u00f3n y como la Fiscal\u00eda&nbsp; est\u00e1 a cargo de Irving Barrios, de esta manera acotar\u00edan a Am\u00e9rico.<\/p>\n\n\n\n<p>Pero toda esa red perversa y criminal, est\u00e1 siendo combatida con la ley en la mano, para que quede sin efecto y en esta tarea Am\u00e9rico cuenta con el respaldo del&nbsp; gobierno federal.<\/p>\n\n\n\n<p>El tirano ya se fue, y el mismo destino le espera a sus medidas legales para maniatar a Am\u00e9rico, medidas aprobadas de manera c\u00ednica por un Congreso dominado por panistas sin escr\u00fapulos, interesados en su enriquecimiento y no en atender las necesidades de los tamaulipecos.<\/p>\n","protected":false},"excerpt":{"rendered":"<p>-Es gente de Cabeza y tiene mala reputaci\u00f3n -Inicia desmantelamiento de trabas del cabecismo Tiempo de opinar Ra\u00fal Hern\u00e1ndez Moreno El gobernador Am\u00e9rico&nbsp; Villarreal decidi\u00f3 no ratificar en su cargo&nbsp; &hellip; <a href=\"http:\/\/revistalaneta.com.mx\/?p=1113\" class=\"more-link\">Leer m\u00e1s<\/a><\/p>\n","protected":false},"author":1,"featured_media":1112,"comment_status":"open","ping_status":"open","sticky":false,"template":"","format":"standard","meta":{"footnotes":""},"categories":[2,3],"tags":[],"class_list":["post-1113","post","type-post","status-publish","format-standard","has-post-thumbnail","hentry","category-chismorreo","category-opinion","entry"],"_links":{"self":[{"href":"http:\/\/revistalaneta.com.mx\/index.php?rest_route=\/wp\/v2\/posts\/1113","targetHints":{"allow":["GET"]}}],"collection":[{"href":"http:\/\/revistalaneta.com.mx\/index.php?rest_route=\/wp\/v2\/posts"}],"about":[{"href":"http:\/\/revistalaneta.com.mx\/index.php?rest_route=\/wp\/v2\/types\/post"}],"author":[{"embeddable":true,"href":"http:\/\/revistalaneta.com.mx\/index.php?rest_route=\/wp\/v2\/users\/1"}],"replies":[{"embeddable":true,"href":"http:\/\/revistalaneta.com.mx\/index.php?rest_route=%2Fwp%2Fv2%2Fcomments&post=1113"}],"version-history":[{"count":1,"href":"http:\/\/revistalaneta.com.mx\/index.php?rest_route=\/wp\/v2\/posts\/1113\/revisions"}],"predecessor-version":[{"id":1114,"href":"http:\/\/revistalaneta.com.mx\/index.php?rest_route=\/wp\/v2\/posts\/1113\/revisions\/1114"}],"wp:featuredmedia":[{"embeddable":true,"href":"http:\/\/revistalaneta.com.mx\/index.php?rest_route=\/wp\/v2\/media\/1112"}],"wp:attachment":[{"href":"http:\/\/revistalaneta.com.mx\/index.php?rest_route=%2Fwp%2Fv2%2Fmedia&parent=1113"}],"wp:term":[{"taxonomy":"category","embeddable":true,"href":"http:\/\/revistalaneta.com.mx\/index.php?rest_route=%2Fwp%2Fv2%2Fcategories&post=1113"},{"taxonomy":"post_tag","embeddable":true,"href":"http:\/\/revistalaneta.com.mx\/index.php?rest_route=%2Fwp%2Fv2%2Ftags&post=1113"}],"curies":[{"name":"wp","href":"https:\/\/api.w.org\/{rel}","templated":true}]}}