{"id":11196,"date":"2024-04-03T01:17:54","date_gmt":"2024-04-03T01:17:54","guid":{"rendered":"http:\/\/revistalaneta.com.mx\/?p=11196"},"modified":"2024-04-03T01:18:09","modified_gmt":"2024-04-03T01:18:09","slug":"claudia-sheinbaum-destaca-pulso-al-puerto-de-manzanillo-seguridad-y-una-nueva-ruta-del-tren-de-pasajeros-como-clave-de-la-4t-en-colima","status":"publish","type":"post","link":"http:\/\/revistalaneta.com.mx\/?p=11196","title":{"rendered":"Claudia Sheinbaum destaca pulso al puerto de Manzanillo, seguridad y una&nbsp; nueva ruta del tren de pasajeros como clave de la 4T en Colima"},"content":{"rendered":"\n<p>\u2018\u2019\ud835\ude1d\ud835\ude22\ud835\ude2e\ud835\ude30\ud835\ude34 \ud835\ude22 \ud835\ude22\ud835\ude31\ud835\ude30\ud835\ude3a\ud835\ude22\ud835\ude33 \ud835\ude22 \ud835\ude0a\ud835\ude30\ud835\ude2d\ud835\ude2a\ud835\ude2e\ud835\ude22 \ud835\ude35\ud835\ude22\ud835\ude2e\ud835\ude23\ud835\ude2a\u00e9\ud835\ude2f \ud835\ude26\ud835\ude2f \ud835\ude2d\ud835\ude22 \ud835\ude34\ud835\ude26\ud835\ude28\ud835\ude36\ud835\ude33\ud835\ude2a\ud835\ude25\ud835\ude22\ud835\ude25 (\u2026) \ud835\ude15\ud835\ude30 \ud835\ude26\ud835\ude34 \ud835\ude36\ud835\ude2f \ud835\ude22\ud835\ude34\ud835\ude36\ud835\ude2f\ud835\ude35\ud835\ude30 \ud835\ude25\ud835\ude26 \ud835\ude2e\ud835\ude22\ud835\ude2f\ud835\ude30 \ud835\ude25\ud835\ude36\ud835\ude33\ud835\ude22, \ud835\ude31\ud835\ude30\ud835\ude33\ud835\ude32\ud835\ude36\ud835\ude26 \ud835\ude26\ud835\ude2d \ud835\ude22\ud835\ude36\ud835\ude35\ud835\ude30\ud835\ude33\ud835\ude2a\ud835\ude35\ud835\ude22\ud835\ude33\ud835\ude2a\ud835\ude34\ud835\ude2e\ud835\ude30 \ud835\ude2f\ud835\ude30 \ud835\ude2d\ud835\ude26 \ud835\ude24\ud835\ude30\ud835\ude2f\ud835\ude37\ud835\ude2a\ud835\ude26\ud835\ude2f\ud835\ude26 \ud835\ude22 \ud835\ude2f\ud835\ude22\ud835\ude25\ud835\ude2a\ud835\ude26, \ud835\ude26\ud835\ude34\ud835\ude30 \ud835\ude26\ud835\ude34 \ud835\ude27\ud835\ude22\ud835\ude34\ud835\ude24\ud835\ude2a\ud835\ude34\ud835\ude2e\ud835\ude30\u2019\u2019, \ud835\ude25\ud835\ude26\ud835\ude34\ud835\ude35\ud835\ude22\ud835\ude24\u00f3 \ud835\ude24\ud835\ude30\ud835\ude2e\ud835\ude30 \ud835\ude30\ud835\ude35\ud835\ude33\ud835\ude30 \ud835\ude25\ud835\ude26 \ud835\ude2d\ud835\ude30\ud835\ude34 \ud835\ude24\ud835\ude30\ud835\ude2e\ud835\ude31\ud835\ude33\ud835\ude30\ud835\ude2e\ud835\ude2a\ud835\ude34\ud835\ude30\ud835\ude34 \ud835\ude31\ud835\ude22\ud835\ude33\ud835\ude22 \ud835\ude2d\ud835\ude22 \ud835\ude26\ud835\ude2f\ud835\ude35\ud835\ude2a\ud835\ude25\ud835\ude22\ud835\ude25 \ud835\ude26\ud835\ude2f \ud835\ude2d\ud835\ude22 \ud835\ude24\ud835\ude30\ud835\ude2f\ud835\ude35\ud835\ude2a\ud835\ude2f\ud835\ude36\ud835\ude2a\ud835\ude25\ud835\ude22\ud835\ude25 \ud835\ude25\ud835\ude26 \ud835\ude2d\ud835\ude22 4\ud835\ude1b<\/p>\n\n\n\n<p><\/p>\n\n\n\n<p>\ud835\ude0a\ud835\ude2d\ud835\ude22\ud835\ude36\ud835\ude25\ud835\ude2a\ud835\ude22 \ud835\ude1a\ud835\ude29\ud835\ude26\ud835\ude2a\ud835\ude2f\ud835\ude23\ud835\ude22\ud835\ude36\ud835\ude2e \ud835\ude22\ud835\ude34\ud835\ude26\ud835\ude28\ud835\ude36\ud835\ude33\u00f3 \ud835\ude32\ud835\ude36\ud835\ude26 \ud835\ude0a\ud835\ude30\ud835\ude2d\ud835\ude2a\ud835\ude2e\ud835\ude22 \ud835\ude26\ud835\ude34 \ud835\ude25\ud835\ude26 \ud835\ude2d\ud835\ude30\ud835\ude34 \ud835\ude31\ud835\ude36\ud835\ude26\ud835\ude23\ud835\ude2d\ud835\ude30\ud835\ude34 \ud835\ude2e\u00e1\ud835\ude34 \ud835\ude2a\ud835\ude2e\ud835\ude31\ud835\ude30\ud835\ude33\ud835\ude35\ud835\ude22\ud835\ude2f\ud835\ude35\ud835\ude26\ud835\ude34 \ud835\ude26\ud835\ude2f \ud835\ude35\ud835\ude30\ud835\ude25\ud835\ude30 \ud835\ude14\u00e9\ud835\ude39\ud835\ude2a\ud835\ude24\ud835\ude30, \ud835\ude31\ud835\ude30\ud835\ude33 \ud835\ude2d\ud835\ude30 \ud835\ude32\ud835\ude36\ud835\ude26 \ud835\ude2d\ud835\ude30\ud835\ude34 \ud835\ude24\ud835\ude30\ud835\ude2d\ud835\ude2a\ud835\ude2e\ud835\ude26\ud835\ude2f\ud835\ude34\ud835\ude26\ud835\ude34 \ud835\ude34\ud835\ude26\ud835\ude33\u00e1\ud835\ude2f \ud835\ude31\ud835\ude33\ud835\ude2a\ud835\ude30\ud835\ude33\ud835\ude2a\ud835\ude25\ud835\ude22\ud835\ude25 \ud835\ude31\ud835\ude22\ud835\ude33\ud835\ude22 \ud835\ude34\ud835\ude36 \ud835\ude28\ud835\ude30\ud835\ude23\ud835\ude2a\ud835\ude26\ud835\ude33\ud835\ude2f\ud835\ude30<\/p>\n\n\n\n<ul class=\"wp-block-list\"><\/ul>\n\n\n\n<p>Tecom\u00e1n, Colima.- Construir la ruta Manzanillo &#8211; Colima &#8211; Guadalajara &#8211; Irapuato del tren de pasajeros y apoyar en la infraestructura del puerto de Manzanillo son parte de los compromisos del segundo piso de la 4T, as\u00ed lo destac\u00f3 Claudia Sheinbaum Pardo, candidata a la Presidencia de M\u00e9xico por la Coalici\u00f3n \u201cSigamos Haciendo Historia\u201d (Morena-PT-PVEM) ante el pueblo de Tecom\u00e1n.<br>\u2019\u2019Vamos a apoyar a todo Colima, pero en particular, toda la infraestructura que requiere Manzanillo para poder garantizar que sea un puerto de primera\u2019\u2019, asegur\u00f3 como una clave para reducir las desigualdades que se instauraron durante el neoliberalismo en esta regi\u00f3n.<br>Adem\u00e1s, Sheinbaum Pardo asegur\u00f3 que trabajar a favor de la seguridad en la entidad tambi\u00e9n forma parte de los compromisos del segundo piso de la Transformaci\u00f3n en el estado, para lo cual se implementar\u00e1 una estrategia de atenci\u00f3n a las causas y erradicaci\u00f3n de la impunidad, las cuales fueron el eje principal de su administraci\u00f3n como Jefa de Gobierno de la Ciudad de M\u00e9xico, donde logr\u00f3 una reducci\u00f3n hist\u00f3rica en los delitos de alto impacto y en la incidencia de homicidios.<br>\u2019\u2019Vamos a apoyar a Colima tambi\u00e9n en la seguridad. \u00bfQu\u00e9 se requiere? Uno, seguir apoyando a las y los j\u00f3venes, porque mientras no se apoye lo suficiente a los j\u00f3venes van a seguir atra\u00eddos por las bandas delictivas y lo segundo seguir bajando la impunidad (\u2026) No es un asunto de mano dura, porque el autoritarismo no le conviene a nadie, eso es fascismo\u2019\u2019, manifest\u00f3.<br>Por lo anterior, Claudia Sheinbaum hizo un llamado a fortalecer las fuerzas de la 4T en Colima y votar este 2 de junio por el Plan C, ya que para poder lograr la seguridad que requiere el estado tambi\u00e9n es necesario reformar al Poder Judicial, lo cual podr\u00e1 hacerse obteniendo la mayor\u00eda califica en la C\u00e1mara de Diputados y la C\u00e1mara de Senadores.<br>\u2019\u2019Si seguimos con jueces que liberan delincuentes, si seguimos con jueces que no dan \u00f3rdenes de aprehensi\u00f3n, si seguimos con ministros que no orientan a los jueces y que no son sancionados cuando hay actos de corrupci\u00f3n, entonces no se va a poder atender integralmente la seguridad\u2019\u2019, puntualiz\u00f3.<br>En su mensaje, Claudia Sheinbaum asegur\u00f3 que en su gobierno se consolidar\u00e1n los programas sociales y obras estrat\u00e9gicas que comenzaron con la llegada de la Cuarta Transformaci\u00f3n al Gobierno de M\u00e9xico, caso contrario a lo que suceder\u00e1 con la oposici\u00f3n, cuyo regreso significa detener el desarrollo que ha tenido M\u00e9xico en los \u00faltimos a\u00f1os.<\/p>\n","protected":false},"excerpt":{"rendered":"<p>\u2018\u2019\ud835\ude1d\ud835\ude22\ud835\ude2e\ud835\ude30\ud835\ude34 \ud835\ude22 \ud835\ude22\ud835\ude31\ud835\ude30\ud835\ude3a\ud835\ude22\ud835\ude33 \ud835\ude22 \ud835\ude0a\ud835\ude30\ud835\ude2d\ud835\ude2a\ud835\ude2e\ud835\ude22 \ud835\ude35\ud835\ude22\ud835\ude2e\ud835\ude23\ud835\ude2a\u00e9\ud835\ude2f \ud835\ude26\ud835\ude2f \ud835\ude2d\ud835\ude22 \ud835\ude34\ud835\ude26\ud835\ude28\ud835\ude36\ud835\ude33\ud835\ude2a\ud835\ude25\ud835\ude22\ud835\ude25 (\u2026) \ud835\ude15\ud835\ude30 \ud835\ude26\ud835\ude34 \ud835\ude36\ud835\ude2f \ud835\ude22\ud835\ude34\ud835\ude36\ud835\ude2f\ud835\ude35\ud835\ude30 \ud835\ude25\ud835\ude26 \ud835\ude2e\ud835\ude22\ud835\ude2f\ud835\ude30 \ud835\ude25\ud835\ude36\ud835\ude33\ud835\ude22, \ud835\ude31\ud835\ude30\ud835\ude33\ud835\ude32\ud835\ude36\ud835\ude26 \ud835\ude26\ud835\ude2d \ud835\ude22\ud835\ude36\ud835\ude35\ud835\ude30\ud835\ude33\ud835\ude2a\ud835\ude35\ud835\ude22\ud835\ude33\ud835\ude2a\ud835\ude34\ud835\ude2e\ud835\ude30 \ud835\ude2f\ud835\ude30 \ud835\ude2d\ud835\ude26 \ud835\ude24\ud835\ude30\ud835\ude2f\ud835\ude37\ud835\ude2a\ud835\ude26\ud835\ude2f\ud835\ude26 \ud835\ude22 \ud835\ude2f\ud835\ude22\ud835\ude25\ud835\ude2a\ud835\ude26, \ud835\ude26\ud835\ude34\ud835\ude30 \ud835\ude26\ud835\ude34 \ud835\ude27\ud835\ude22\ud835\ude34\ud835\ude24\ud835\ude2a\ud835\ude34\ud835\ude2e\ud835\ude30\u2019\u2019, \ud835\ude25\ud835\ude26\ud835\ude34\ud835\ude35\ud835\ude22\ud835\ude24\u00f3 \ud835\ude24\ud835\ude30\ud835\ude2e\ud835\ude30 &hellip; <a href=\"http:\/\/revistalaneta.com.mx\/?p=11196\" class=\"more-link\">Leer m\u00e1s<\/a><\/p>\n","protected":false},"author":1,"featured_media":11195,"comment_status":"open","ping_status":"open","sticky":false,"template":"","format":"standard","meta":{"footnotes":""},"categories":[7],"tags":[],"class_list":["post-11196","post","type-post","status-publish","format-standard","has-post-thumbnail","hentry","category-ciudad-victoria","entry"],"_links":{"self":[{"href":"http:\/\/revistalaneta.com.mx\/index.php?rest_route=\/wp\/v2\/posts\/11196","targetHints":{"allow":["GET"]}}],"collection":[{"href":"http:\/\/revistalaneta.com.mx\/index.php?rest_route=\/wp\/v2\/posts"}],"about":[{"href":"http:\/\/revistalaneta.com.mx\/index.php?rest_route=\/wp\/v2\/types\/post"}],"author":[{"embeddable":true,"href":"http:\/\/revistalaneta.com.mx\/index.php?rest_route=\/wp\/v2\/users\/1"}],"replies":[{"embeddable":true,"href":"http:\/\/revistalaneta.com.mx\/index.php?rest_route=%2Fwp%2Fv2%2Fcomments&post=11196"}],"version-history":[{"count":1,"href":"http:\/\/revistalaneta.com.mx\/index.php?rest_route=\/wp\/v2\/posts\/11196\/revisions"}],"predecessor-version":[{"id":11197,"href":"http:\/\/revistalaneta.com.mx\/index.php?rest_route=\/wp\/v2\/posts\/11196\/revisions\/11197"}],"wp:featuredmedia":[{"embeddable":true,"href":"http:\/\/revistalaneta.com.mx\/index.php?rest_route=\/wp\/v2\/media\/11195"}],"wp:attachment":[{"href":"http:\/\/revistalaneta.com.mx\/index.php?rest_route=%2Fwp%2Fv2%2Fmedia&parent=11196"}],"wp:term":[{"taxonomy":"category","embeddable":true,"href":"http:\/\/revistalaneta.com.mx\/index.php?rest_route=%2Fwp%2Fv2%2Fcategories&post=11196"},{"taxonomy":"post_tag","embeddable":true,"href":"http:\/\/revistalaneta.com.mx\/index.php?rest_route=%2Fwp%2Fv2%2Ftags&post=11196"}],"curies":[{"name":"wp","href":"https:\/\/api.w.org\/{rel}","templated":true}]}}