{"id":11199,"date":"2024-04-03T15:04:54","date_gmt":"2024-04-03T15:04:54","guid":{"rendered":"http:\/\/revistalaneta.com.mx\/?p=11199"},"modified":"2024-04-03T15:05:35","modified_gmt":"2024-04-03T15:05:35","slug":"cuarenta-y-seis-de-cada-cien-jovenes-no-votan","status":"publish","type":"post","link":"http:\/\/revistalaneta.com.mx\/?p=11199","title":{"rendered":"CUARENTA Y SEIS DE CADA CIEN J\u00d3VENES NO VOTAN"},"content":{"rendered":"\n<p><\/p>\n\n\n\n<p>-Rub\u00e9n Sierra muestra su simpat\u00eda a CCR<\/p>\n\n\n\n<p>-\u00a1Aguas, con el&nbsp; voto cruzado!<\/p>\n\n\n\n<p>-Tamaulipas, primer lugar en regularizaci\u00f3n de veh\u00edculos<\/p>\n\n\n\n<p>Tiempo de opinar<\/p>\n\n\n\n<p>Ra\u00fal Hern\u00e1ndez Moreno<\/p>\n\n\n\n<p>La agencia de&nbsp; investigaci\u00f3n Dinamic realiz\u00f3 un estudio y&nbsp; determin\u00f3 que el 46.13 por ciento de los j\u00f3venes de entre 18 y 35 a\u00f1os no votan, por todo tipo de razones. Entre m\u00e1s&nbsp; j\u00f3venes, menos inter\u00e9s tienen en participar.<\/p>\n\n\n\n<p>En cambio, el 72 por ciento de los adultos entre 60 y 75 a\u00f1os s\u00ed acuden a las urnas&nbsp; a votar, con el a\u00f1adido de que en este sexenio se universaliz\u00f3 el apoyo econ\u00f3mico a los mayores de 65 y estos adultos est\u00e1n agradecidos con un gobierno que&nbsp; volte\u00f3 a verlos, lo que no ocurr\u00eda antes; y recursos&nbsp; hab\u00eda, pero eran canalizados a cuentas personales.<\/p>\n\n\n\n<p>\u00bfC\u00f3mo convencer a los j\u00f3venes de que&nbsp;&nbsp; acudan a votar en est\u00e1 y todas las futuras elecciones? Se necesitan&nbsp; hechos, m\u00e1s que propuestas. En la medida que las propuestas se materialicen los j\u00f3venes, y los ciudadanos en general, se van a interesar en&nbsp; ir a votar.<\/p>\n\n\n\n<p>Lo principal es que los pol\u00edticos&nbsp; deben abrir espacios en sus agendas para atender y escuchar a los&nbsp; j\u00f3venes. Hay que&nbsp; preguntarles qu\u00e9 es lo que quieren, qu\u00e9 es lo que buscan y&nbsp; ofrecerles alternativas.<\/p>\n\n\n\n<p>En otro tema, a 13 d\u00edas de que arranquen las campa\u00f1as el ex alcalde Ram\u00f3n Garza Barrios anunci\u00f3, a trav\u00e9s de sus redes sociales, que va a participar de manera activa y que en los siguientes d\u00edas explicar\u00e1 c\u00f3mo va&nbsp; a ser esta participaci\u00f3n.<\/p>\n\n\n\n<p>Hay muchas preguntas: \u00bfVa a apoyar a Morena o se&nbsp; ir\u00e1 con la alianza PAN-PRI? \u00bfSu participaci\u00f3n estar\u00e1 dirigida a promover el&nbsp; voto y que los ciudadanos&nbsp; decidan a qu\u00e9 candidato se lo dan?<\/p>\n\n\n\n<p>Las respuestas las tiene Ram\u00f3n. No hay que comer ansias, ya falta menos para el inicio de las campa\u00f1as de presidenta municipal.<\/p>\n\n\n\n<p>En cambio, Carlos Canturosas y Manuel Canales siguen en lo suyo, recorriendo&nbsp; las colonias,&nbsp; reuni\u00e9ndose con grupos de la sociedad&nbsp; y ofreciendo ser intermediarios entre los ciudadanos&nbsp; y las autoridades.<\/p>\n\n\n\n<p>En sus &nbsp;recorridos de Manuel Canales&nbsp; se ha encontrado con un rechazo al trabajo que realizo la diputada&nbsp; federal Ana Laura Huerta. No tuvo acercamiento con la sociedad y la queja es abierta. Lo bueno es que ya dej\u00f3 la posici\u00f3n.<\/p>\n\n\n\n<p>Por cierto que el panista, y ex regidor, Rub\u00e9n Sierra, en su perfil de facebook coloc\u00f3 desde&nbsp; hace&nbsp; varias semanas una&nbsp; fotograf\u00eda al lado de su amigo Carlos Canturosas, sin importar las consecuencias que esto le pueda acarrear.<\/p>\n\n\n\n<p>\u00bfCu\u00e1ntos ciudadanos, al igual que Sierra, ir\u00e1n a votar por el candidato y no por el partido? Imposible saberlo, lo cierto es que el voto&nbsp; cruzado existe y en otras elecciones ha generado resultados inesperados, en el sentido de que no hay el voto masivo a favor de un solo partido.<\/p>\n\n\n\n<p>En el 2021 vimos&nbsp; como&nbsp; Carmen Lilia Canturosas&nbsp; gan\u00f3 la alcald\u00eda, como resultado de una s\u00faper campa\u00f1a, &nbsp;en tanto que Ana Laura Huerta y Gabriela Regalado, sin&nbsp; hacer campa\u00f1a, ganaron la diputaci\u00f3n&nbsp; federal y la local. En cambio, Morena perdi\u00f3 los distritos 2 y 3.<\/p>\n\n\n\n<p>Ana Laura y Regalado enfrentar\u00e1n a mejores candidatos que ellas y van a tener&nbsp; que esforzarse si quiere ganar.Por otra parte, con 386 mil 683 unidades legalizadas, Tamaulipas contin\u00faa en primer lugar de regularizaci\u00f3n de veh\u00edculos de procedencia extranjera inform\u00f3 la secretaria de Seguridad y Protecci\u00f3n Ciudadana, Rosa Icela Rodr\u00edguez.<br \/>Durante la conferencia ma\u00f1anera del presidente Andr\u00e9s Manuel L\u00f3pez Obrador, la funcionaria federal dio a conocer el reporte general de la regularizaci\u00f3n de estas unidades, servicio que se da en 17 entidades del pa\u00eds a veh\u00edculos extranjeros anteriores al a\u00f1o 2018.<br \/>Tamaulipas tiene en funcionamiento 15 m\u00f3dulos y aproximadamente se han obtenido 966 millones 707 mil pesos por este concepto, recursos que se destinan a la reparaci\u00f3n de vialidades.<br \/><\/p>\n","protected":false},"excerpt":{"rendered":"<p>-Rub\u00e9n Sierra muestra su simpat\u00eda a CCR -\u00a1Aguas, con el&nbsp; voto cruzado! -Tamaulipas, primer lugar en regularizaci\u00f3n de veh\u00edculos Tiempo de opinar Ra\u00fal Hern\u00e1ndez Moreno La agencia de&nbsp; investigaci\u00f3n Dinamic &hellip; <a href=\"http:\/\/revistalaneta.com.mx\/?p=11199\" class=\"more-link\">Leer m\u00e1s<\/a><\/p>\n","protected":false},"author":1,"featured_media":11198,"comment_status":"open","ping_status":"open","sticky":false,"template":"","format":"standard","meta":{"footnotes":""},"categories":[2],"tags":[],"class_list":["post-11199","post","type-post","status-publish","format-standard","has-post-thumbnail","hentry","category-chismorreo","entry"],"_links":{"self":[{"href":"http:\/\/revistalaneta.com.mx\/index.php?rest_route=\/wp\/v2\/posts\/11199","targetHints":{"allow":["GET"]}}],"collection":[{"href":"http:\/\/revistalaneta.com.mx\/index.php?rest_route=\/wp\/v2\/posts"}],"about":[{"href":"http:\/\/revistalaneta.com.mx\/index.php?rest_route=\/wp\/v2\/types\/post"}],"author":[{"embeddable":true,"href":"http:\/\/revistalaneta.com.mx\/index.php?rest_route=\/wp\/v2\/users\/1"}],"replies":[{"embeddable":true,"href":"http:\/\/revistalaneta.com.mx\/index.php?rest_route=%2Fwp%2Fv2%2Fcomments&post=11199"}],"version-history":[{"count":1,"href":"http:\/\/revistalaneta.com.mx\/index.php?rest_route=\/wp\/v2\/posts\/11199\/revisions"}],"predecessor-version":[{"id":11200,"href":"http:\/\/revistalaneta.com.mx\/index.php?rest_route=\/wp\/v2\/posts\/11199\/revisions\/11200"}],"wp:featuredmedia":[{"embeddable":true,"href":"http:\/\/revistalaneta.com.mx\/index.php?rest_route=\/wp\/v2\/media\/11198"}],"wp:attachment":[{"href":"http:\/\/revistalaneta.com.mx\/index.php?rest_route=%2Fwp%2Fv2%2Fmedia&parent=11199"}],"wp:term":[{"taxonomy":"category","embeddable":true,"href":"http:\/\/revistalaneta.com.mx\/index.php?rest_route=%2Fwp%2Fv2%2Fcategories&post=11199"},{"taxonomy":"post_tag","embeddable":true,"href":"http:\/\/revistalaneta.com.mx\/index.php?rest_route=%2Fwp%2Fv2%2Ftags&post=11199"}],"curies":[{"name":"wp","href":"https:\/\/api.w.org\/{rel}","templated":true}]}}