{"id":11202,"date":"2024-04-03T15:06:29","date_gmt":"2024-04-03T15:06:29","guid":{"rendered":"http:\/\/revistalaneta.com.mx\/?p=11202"},"modified":"2024-04-03T15:06:55","modified_gmt":"2024-04-03T15:06:55","slug":"ya-van-386-mil-vehiculos-legalizados-en-tamaulipas","status":"publish","type":"post","link":"http:\/\/revistalaneta.com.mx\/?p=11202","title":{"rendered":"YA VAN 386 MIL VEH\u00cdCULOS LEGALIZADOS EN TAMAULIPAS"},"content":{"rendered":"\n<p><br>Tamaulipas sigue en el primer lugar en cuanto a regularizaci\u00f3n de unidades motrices de procedencia extranjera, report\u00f3 la secretaria de Seguridad y Protecci\u00f3n Ciudadana, Rosa Icela Rodr\u00edguez. La funcionaria federal inform\u00f3 al respecto durante la conferencia \u201cma\u00f1anera\u201d de este martes, indicando que al \u00faltimo corte realizado Tamaulipas registra 386 mil 683 veh\u00edculos legalizados, del total de las 17 entidades federativas donde se llevan a efecto dichos tr\u00e1mites. Asimismo se inform\u00f3 que Tamaulipas ha obtenido 966 millones 707 mil pesos por concepto de recaudaci\u00f3n por la legalizaci\u00f3n, y cuyo recurso se est\u00e1 destinando a la restauraci\u00f3n de vialidades en los municipios donde se cuenta con los 15 m\u00f3dulos para los tr\u00e1mites correspondientes. Cabe se\u00f1alar que el decreto de regularizaci\u00f3n de veh\u00edculos americanos se ha extendido hasta el 30 de septiembre del a\u00f1o en curso.<\/p>\n\n\n\n<p>REFORZAR\u00c1 LA SST CAMPA\u00d1A DE VACUNACI\u00d3N<br \/>Una campa\u00f1a de reforzamiento en la aplicaci\u00f3n de vacunas contra sarampi\u00f3n, rubeola y poliomielitis llevar\u00e1 a cabo la Secretar\u00eda de Salud de Tamaulipas durante los meses de abril y mayo en toda la entidad, esto a fin de evitar brotes de dichas enfermedades. De acuerdo con Rembrandt Reyes N\u00e1jera, encargado de la subsecretar\u00eda de Salud P\u00fablica, se har\u00e1n recorridos casa por casa para aplicar las inmunizaciones, donde incluso se revisar\u00e1 que personas de hasta 39 a\u00f1os de edad cuenten con el esquema de vacunaci\u00f3n de sarampi\u00f3n, y de no ser as\u00ed aplic\u00e1rselo. A la vez las autoridades sanitarias han anunciado que dichas vacunas se encuentran disponibles en todas las unidades de salud de la entidad, por si la gente quiere ir por su propia cuenta a aplic\u00e1rselas, a la vez que tambi\u00e9n se dijo se seguir\u00e1 inmunizando contra el rotavirus en ni\u00f1os de 2 a 7 meses de edad, el COVID 19, y hasta el Virus del Papiloma Humano en alumnos de quinto de primaria a primero de secundaria.<\/p>\n\n\n\n<p>NO HAY NADA DE SUSPENSI\u00d3N DE CLASES POR EL ECLIPSE<br \/>Hasta este martes no hab\u00eda nada oficial en torno a la suspensi\u00f3n de clases en Nuevo Laredo para el lunes 8 de abril, con motivo del eclipse solar total que se llevar\u00e1 a cabo dicho d\u00eda. El profesor C\u00e9sar Bola\u00f1os Hern\u00e1ndez, Jefe del Centro Regional de Desarrollo Educativo (CREDE) dijo que no le hab\u00edan oficializado nada en torno a dicho asunto. No obstante las autoridades de la Secretar\u00eda de Educaci\u00f3n de Tamaulipas (SET) que no hab\u00eda motivo para la suspensi\u00f3n de clases en la entidad para dicho d\u00eda, sobre todo tomando en cuenta que Nuevo Laredo ser\u00e1 el \u00fanico municipio donde se ver\u00e1 en su mayor magnitud. Pero a pesar de ello no se dijo nada en torno a la suspensi\u00f3n de clases en Nuevo Laredo, por lo que el regreso a clases, tras las vacaciones de Semana Santa, ser\u00e1 normal el pr\u00f3ximo lunes 8 de abril, d\u00eda del fen\u00f3meno. Ahora ya si los padres no quieren llevar a sus chamacos, a fin de evitar que estos vean directamente el eclipse, ya es su problema.<\/p>\n\n\n\n<p>CONSULADO AMERICANO OTORGA \u201cCITA AZUL\u201d<br \/>En el marco del D\u00eda Mundial del Autismo, el Consulado General de Estados Unidos en Nuevo Laredo, anunci\u00f3 que a partir de este 2 de abril, sus oficinas contar\u00e1n con el servicio de \u201cCita Azul\u201d, que permitir\u00e1 a personas neurodiversas contar con espacios con ambientes adaptados para entrevistas en sus tr\u00e1mites, de tal forma que no se vea afectada su sensibilidad a la luz y el sonido. Dicho servicio es tanto para los propios ciudadanos americanos que acuden a realizar tr\u00e1mites a dicha oficina consular, como para los mexicanos o de otras nacionalidades que acuden a solicitar una visa, y que para solicitar dicha \u201cCita Azul\u201d, solo deben cumplir con los requisitos marcados en la misma p\u00e1gina del consulado. Con esto en dicha oficina se aplican y fomentan los ambientes inclusivos.<\/p>\n\n\n\n<p>CONMEMORAN D\u00cdA MUNDIAL DEL AUTISMO<br \/>Y este martes tambi\u00e9n, y dentro de la misma conmemoraci\u00f3n del D\u00eda Mundial del Autismo, se llev\u00f3 a cabo en Nuevo Laredo un desfile de personas con espectro autista y sus familiares, esto a trav\u00e9s de la avenida Guerrero, culminando en el monumento a Benito Ju\u00e1rez. La caravana estuvo integrada por un trenecito donde iban los peque\u00f1os, as\u00ed como una gran cantidad de autos con personas, todos con playeras de color azul, cuyo objetivo principal es hacer conciencia sobre los Trastornos del Espectro Autista (TEA), de tal forma que se pueda apoyar a quienes lo padezcan, pues son seres humanos como todos, solo que con diferente forma de actuar y de pensar, pero no por eso dejan de ser unas personas formidables.<\/p>\n\n\n\n<p>DOLLAR TREE SUBIR\u00c1 PRECIOS<br \/>A todos los que les gusta ir a las tiendas Dollar Tree de Texas, se les anuncie que en breve en dicho negocio volver\u00e1n a subir los precios, por lo que muchos de los productos que se ofrecen en 5 d\u00f3lares ahora costar\u00e1n 7 d\u00f3lares, y no se descarta que la gran mayor\u00eda de los art\u00edculos, que actualmente se venden a 1.25 pesos, tambi\u00e9n sufran un aumento, esto como parte de una reestructuraci\u00f3n econ\u00f3mica que est\u00e1n haciendo en dicha firma, donde alegan estar perdiendo mucho con los actuales precios. Y es que Dollar Tree mantuvo por mucho tiempo sus productos a 1 d\u00f3lar, pero ante la inflaci\u00f3n les subieron 25 centavos a los art\u00edculos, y otros los ofrecen en 3 y 5 d\u00f3lares, que como quiera resultan atractivos, sobre todo para los consumidores mexicanos, m\u00e1xime que la paridad del peso ante el d\u00f3lar se ubica actualmente en un promedio de 17 pesos por uno.<\/p>\n\n\n\n<p>PROMUEVE UAT MOVILIDAD ACAD\u00c9MICA DE SUS ALUMNOS<br \/>Cumpliendo con el compromiso de impulsar la excelencia educativa mediante el establecimiento de v\u00ednculos globales a trav\u00e9s de la educaci\u00f3n, la Universidad Aut\u00f3noma de Tamaulipas (UAT) contin\u00faa promoviendo la participaci\u00f3n de sus estudiantes en los programas de movilidad acad\u00e9mica con proyecci\u00f3n internacional. As\u00ed pues, dentro de las pol\u00edticas institucionales que impulsa el rector D\u00e1maso Anaya Alvarado, la Facultad de Comercio y Administraci\u00f3n Victoria (FCAV) est\u00e1 reforzando sus programas de internacionalizaci\u00f3n y apoya a 13 estudiantes que realizan movilidad acad\u00e9mica, tanto a nivel de posgrado como de licenciatura. De esta forma la UAT contin\u00faa siendo un referente de excelencia educativa en la regi\u00f3n, abriendo puertas hacia un futuro lleno de posibilidades tanto para sus alumnos como para la sociedad en su conjunto.<\/p>\n\n\n\n<p>LO \u00daLTIMO<br \/>Lamentable sin duda el crimen de la candidata a la alcald\u00eda de Celaya por MORENA, Bertha Gisela Gayt\u00e1n, y con lo que ya suman 15 aspirantes a puestos de elecci\u00f3n popular asesinados en todo el pa\u00eds\u2026 Aunque pudiese ser una declaraci\u00f3n un tanto alarmista, lo cierto es que es una realidad, y esto es la declaraci\u00f3n hecha por el diputado local, Edgar Melhem Salinas, dijo que necesitamos un hurac\u00e1n en Tamaulipas en este 2024, para poder evitar entrar en una cat\u00e1strofe por la falta de agua. Duras palabras, pero realistas.<\/p>\n\n\n\n<p>A partir de este mi\u00e9rcoles 3 de abril la calle Jes\u00fas Carranza ser\u00e1 cerrada en su tramo de Lincoln a Venezuela, esto debido a trabajos de reparaci\u00f3n de un hundimiento en el \u00e1rea de introducci\u00f3n de tuber\u00eda de drenaje. Se pide comprensi\u00f3n ante dichas obras\u2026 Para este pr\u00f3ximo domingo 7 de abril el Gobierno Municipal de Nuevo Laredo realizar\u00e1 una Feria de Adopci\u00f3n Canina y Felina en la plaza Zaragoza, frente a la Catedral del Esp\u00edritu Santo, en horario de 10 de la ma\u00f1ana a 5 de la tarde. Los animales ya estar\u00e1n vacunados, esterilizados y desparasitados.<\/p>\n","protected":false},"excerpt":{"rendered":"<p>Tamaulipas sigue en el primer lugar en cuanto a regularizaci\u00f3n de unidades motrices de procedencia extranjera, report\u00f3 la secretaria de Seguridad y Protecci\u00f3n Ciudadana, Rosa Icela Rodr\u00edguez. La funcionaria federal &hellip; <a href=\"http:\/\/revistalaneta.com.mx\/?p=11202\" class=\"more-link\">Leer m\u00e1s<\/a><\/p>\n","protected":false},"author":1,"featured_media":11201,"comment_status":"open","ping_status":"open","sticky":false,"template":"","format":"standard","meta":{"footnotes":""},"categories":[2,3],"tags":[],"class_list":["post-11202","post","type-post","status-publish","format-standard","has-post-thumbnail","hentry","category-chismorreo","category-opinion","entry"],"_links":{"self":[{"href":"http:\/\/revistalaneta.com.mx\/index.php?rest_route=\/wp\/v2\/posts\/11202","targetHints":{"allow":["GET"]}}],"collection":[{"href":"http:\/\/revistalaneta.com.mx\/index.php?rest_route=\/wp\/v2\/posts"}],"about":[{"href":"http:\/\/revistalaneta.com.mx\/index.php?rest_route=\/wp\/v2\/types\/post"}],"author":[{"embeddable":true,"href":"http:\/\/revistalaneta.com.mx\/index.php?rest_route=\/wp\/v2\/users\/1"}],"replies":[{"embeddable":true,"href":"http:\/\/revistalaneta.com.mx\/index.php?rest_route=%2Fwp%2Fv2%2Fcomments&post=11202"}],"version-history":[{"count":1,"href":"http:\/\/revistalaneta.com.mx\/index.php?rest_route=\/wp\/v2\/posts\/11202\/revisions"}],"predecessor-version":[{"id":11203,"href":"http:\/\/revistalaneta.com.mx\/index.php?rest_route=\/wp\/v2\/posts\/11202\/revisions\/11203"}],"wp:featuredmedia":[{"embeddable":true,"href":"http:\/\/revistalaneta.com.mx\/index.php?rest_route=\/wp\/v2\/media\/11201"}],"wp:attachment":[{"href":"http:\/\/revistalaneta.com.mx\/index.php?rest_route=%2Fwp%2Fv2%2Fmedia&parent=11202"}],"wp:term":[{"taxonomy":"category","embeddable":true,"href":"http:\/\/revistalaneta.com.mx\/index.php?rest_route=%2Fwp%2Fv2%2Fcategories&post=11202"},{"taxonomy":"post_tag","embeddable":true,"href":"http:\/\/revistalaneta.com.mx\/index.php?rest_route=%2Fwp%2Fv2%2Ftags&post=11202"}],"curies":[{"name":"wp","href":"https:\/\/api.w.org\/{rel}","templated":true}]}}