{"id":1132,"date":"2022-10-05T23:56:08","date_gmt":"2022-10-05T23:56:08","guid":{"rendered":"http:\/\/revistalaneta.com.mx\/?p=1132"},"modified":"2022-10-05T23:56:25","modified_gmt":"2022-10-05T23:56:25","slug":"agradecen-ciudadanos-campana-permanente-de-lentes-graduados","status":"publish","type":"post","link":"http:\/\/revistalaneta.com.mx\/?p=1132","title":{"rendered":"Agradecen ciudadanos campa\u00f1a permanente de lentes graduados"},"content":{"rendered":"\n<p><\/p>\n\n\n\n<p>Nuevo Laredo, Tamps.- El gobierno municipal comprometido con impulsar acciones que mejoren la salud y condiciones de vida de los neolaredenses, entreg\u00f3 221 lentes a trav\u00e9s de la \u201cCampa\u00f1a Permanente de Anteojos Graduados\u201d.<\/p>\n\n\n\n<p>En representaci\u00f3n de la alcaldesa Carmen Lilia Canturosas Villarreal, estuvo la segunda s\u00edndica Imelda Mang\u00edn Torre quien invit\u00f3 a la poblaci\u00f3n a aprovechar este apoyo municipal gratuito .<\/p>\n\n\n\n<p>\u201cHoy estamos haciendo posible este programa de lentes que es permanente para mejorar su calidad de vida, acerc\u00e1ndonos a quienes m\u00e1s lo necesitan. Pasen la voz a sus vecinos, amigos y familiares que este programa es permanente y es para todos\u201d, dijo Mang\u00edn Torre.<\/p>\n\n\n\n<p>Uno de los compromisos de la administraci\u00f3n municipal es apoyar en la econom\u00eda de la poblaci\u00f3n es por ello que la entrega de lentes es completamente gratuita con lo que se ahorraron m\u00e1s de mil pesos por familia.<\/p>\n\n\n\n<p>\u201cPara las personas de bajos recursos es un gran apoyo, porque la verdad si est\u00e1n muy caros los lentes, se agradece este apoyo, gracias a las presidenta por darnos este apoyo cuando m\u00e1s lo necesitamos\u201d, mencion\u00f3 Itali Ram\u00edrez, vecina de la colonia Santiago M. Beld\u00e9n.<\/p>\n\n\n\n<p>Mientras que la se\u00f1ora Virginia Enr\u00edquez, vecina de la colonia Voluntad II, manifest\u00f3 su alegr\u00eda por esta oportunidad de mejorar su vista, \u201cMe da mucho gusto, estoy muy contenta porque ya no miraba bien, me hac\u00edan falta los lentes porque estaban car\u00edsimos casi mil pesos. Muchas gracias porque vemos que si nos est\u00e1n ayudando\u201d.<\/p>\n\n\n\n<p>Con este servicio se ha logrado detectar a tiempo problemas visuales de los solicitantes y darles atenci\u00f3n integral inmediata con especialistas optometristas certificados.<\/p>\n\n\n\n<p>Durante la entrega de lentes estuvieron presentes el s\u00edndico Jes\u00fas Jasso; los regidores Nubia Almaguer, Julia Elida Ortega, Viviano V\u00e1zquez y el se\u00f1or C\u00e9sar Galv\u00e1n, en representaci\u00f3n de los ciudadanos beneficiados.<\/p>\n","protected":false},"excerpt":{"rendered":"<p>Nuevo Laredo, Tamps.- El gobierno municipal comprometido con impulsar acciones que mejoren la salud y condiciones de vida de los neolaredenses, entreg\u00f3 221 lentes a trav\u00e9s de la \u201cCampa\u00f1a Permanente &hellip; <a href=\"http:\/\/revistalaneta.com.mx\/?p=1132\" class=\"more-link\">Leer m\u00e1s<\/a><\/p>\n","protected":false},"author":1,"featured_media":1131,"comment_status":"open","ping_status":"open","sticky":false,"template":"","format":"standard","meta":{"footnotes":""},"categories":[4],"tags":[],"class_list":["post-1132","post","type-post","status-publish","format-standard","has-post-thumbnail","hentry","category-nuevo-laredo","entry"],"_links":{"self":[{"href":"http:\/\/revistalaneta.com.mx\/index.php?rest_route=\/wp\/v2\/posts\/1132","targetHints":{"allow":["GET"]}}],"collection":[{"href":"http:\/\/revistalaneta.com.mx\/index.php?rest_route=\/wp\/v2\/posts"}],"about":[{"href":"http:\/\/revistalaneta.com.mx\/index.php?rest_route=\/wp\/v2\/types\/post"}],"author":[{"embeddable":true,"href":"http:\/\/revistalaneta.com.mx\/index.php?rest_route=\/wp\/v2\/users\/1"}],"replies":[{"embeddable":true,"href":"http:\/\/revistalaneta.com.mx\/index.php?rest_route=%2Fwp%2Fv2%2Fcomments&post=1132"}],"version-history":[{"count":1,"href":"http:\/\/revistalaneta.com.mx\/index.php?rest_route=\/wp\/v2\/posts\/1132\/revisions"}],"predecessor-version":[{"id":1133,"href":"http:\/\/revistalaneta.com.mx\/index.php?rest_route=\/wp\/v2\/posts\/1132\/revisions\/1133"}],"wp:featuredmedia":[{"embeddable":true,"href":"http:\/\/revistalaneta.com.mx\/index.php?rest_route=\/wp\/v2\/media\/1131"}],"wp:attachment":[{"href":"http:\/\/revistalaneta.com.mx\/index.php?rest_route=%2Fwp%2Fv2%2Fmedia&parent=1132"}],"wp:term":[{"taxonomy":"category","embeddable":true,"href":"http:\/\/revistalaneta.com.mx\/index.php?rest_route=%2Fwp%2Fv2%2Fcategories&post=1132"},{"taxonomy":"post_tag","embeddable":true,"href":"http:\/\/revistalaneta.com.mx\/index.php?rest_route=%2Fwp%2Fv2%2Ftags&post=1132"}],"curies":[{"name":"wp","href":"https:\/\/api.w.org\/{rel}","templated":true}]}}