{"id":11375,"date":"2024-04-16T16:13:05","date_gmt":"2024-04-16T16:13:05","guid":{"rendered":"http:\/\/revistalaneta.com.mx\/?p=11375"},"modified":"2024-04-16T16:13:28","modified_gmt":"2024-04-16T16:13:28","slug":"develada-la-planilla-de-morena","status":"publish","type":"post","link":"http:\/\/revistalaneta.com.mx\/?p=11375","title":{"rendered":"DEVELADA LA PLANILLA DE MORENA"},"content":{"rendered":"\n<p><br>Y bueno finalmente fue develada la planilla de la coalici\u00f3n MORENA, PT, PVEM, en pos de la alcald\u00eda de Nuevo Laredo, que encabeza Carmen Lilia Canturosas Villarreal. En la misma se confirma lo que ya hab\u00edamos adelantado, que Roberto Maldonado Siller y Mirna Rend\u00f3n Santos van apuntados como candidatos a las sindicaturas uno y dos, respectivamente. A su vez en la primera regidur\u00eda va el agente aduanal Sergio Fernando P\u00e9rez Villarreal, mientras que en la segunda Samantha Rodr\u00edguez Cant\u00fa, quien fuera candidata a diputada local por MORENA-PT en el 2021. Juan Juanes Carrizales, dirigente local del Partido Verde va en la tercera posici\u00f3n, mientras que Mayra Iveth Inocencio Gonz\u00e1lez en la cuarta, en la posici\u00f3n que corresponde al Partido del Trabajo. Jos\u00e9 Guadalupe Zapata Mu\u00f1iz va por su reelecci\u00f3n, pero ahora en la quinta posici\u00f3n, mientras que en la sexta va Cristabell Zamora Cabrera, quien hace tres a\u00f1os fuera candidata del PRI a la alcald\u00eda.<\/p>\n\n\n\n<p>OCHO REGIDORES VAN DE NUEVO EN LA PLANILLA<br \/>En la s\u00e9ptima posici\u00f3n va Enrique Figuera Rocha, quien tambi\u00e9n va por su reelecci\u00f3n, en tanto que en la octava va la maestra Melissa Riestra Mart\u00ednez, como representante del magisterio, y en la novena Santos Francisco Hern\u00e1ndez Aguilar, otro que est\u00e1 siendo considerado para la reelecci\u00f3n, al igual que Macarena Gonz\u00e1lez N\u00fa\u00f1ez, quien va en la regidur\u00eda 10. El pastor Herm\u00edn Pascacio Rodr\u00edguez va en la 11; la ex presidenta del Colegio de Ingenieros Civiles, Alma Margarita S\u00e1nchez Lerma en la 12; el fundador de morena y miembro de la Logia Mas\u00f3nica, Gabriel Solorzano P\u00e9rez, en la 13 y en la 14 va Leticia Meneses Camino, ex secretaria de Bienestar Social. De los suplentes destaca el hecho de que va nuevamente postulada en la suplencia de la alcald\u00eda la doctora Lilia Arjona Baroccio, en tanto que cuatro regidores con licencia tambi\u00e9n est\u00e1n siendo tomados en cuenta para suplencias, siendo estos Francisco Javier Altamirano y Mariza Zarate Flores, para las sindicaturas 1 y 2, respectivamente, as\u00ed como Ericka Mendoza Ch\u00e1vez, quien va de suplente de Santos Francisco Hern\u00e1ndez Aguilar y Nubia Lizeth Almaguer, quien va acompa\u00f1ando a Alma Margarita S\u00e1nchez Lerma.<\/p>\n\n\n\n<p>LA PLANILLA DEL PAN<br \/>Y aunque ya se hab\u00eda dado a conocer la planilla de la alianza PAN-PRI, que encabeza Yahleel Abdala Carmona, con su suplente Laura Zarate Quezada, se da una recordada a la misma. Como primer s\u00edndico, Cosme Mante Mu\u00f1oz; segundo s\u00edndico, Adriana Garc\u00eda Sanmiguel; primer regidor, F\u00e9lix Fernando Garc\u00eda Aguiar; segundo, regidor Delia Cortes Benavides; tercer regidor, Edgardo Pedraza Quintanilla; cuarto regidor, Alma Rosa Casta\u00f1o Rodr\u00edguez; quinto regidor, Gamaliel Infante Ram\u00edrez; sexto regidor, Leticia Barrera Garza; s\u00e9ptimo regidor, Fernando Castillo Villarreal; octavo regidor, Adriana Contreras Vriagas; noveno regidor, Mario Alberto Estrada Garc\u00eda; d\u00e9cimo regidor, Anay Antunez Elizalde; d\u00e9cimo primer regidor, David Ojeda Posada; d\u00e9cimo segundo regidor, Baudelia Ju\u00e1rez Garc\u00eda; d\u00e9cimo tercer regidor, V\u00edctor Vergara Mart\u00ednez, d\u00e9cimo cuarto regidor Laura Valdez Covarrubias.<\/p>\n\n\n\n<p>LA PLANILLA DEL MC<br \/>Y en el caso del Movimiento Ciudadano (MC), que dirige Macaria Lizeth Gonz\u00e1lez P\u00e9rez, la planilla la conforman: Primer s\u00edndico, V\u00edctor Hugo Ibarra Hinojosa; segundo s\u00edndico, Cindy Trujillo Arcos; primer regidor, Oscar Jos\u00e9 Trevi\u00f1o Carmona; segundo regidor, Cristhel Ram\u00edrez Mart\u00ednez; tercer regidor, Emmir Dalid Garc\u00eda Carcamo; cuarto regidor Margarita Alicia Rocha Cazarez; quinto regidor Axel Tarik Alonso Castro; sexto regidor, Dora Patricia Torres Villatoro; s\u00e9ptimo regidor, Jos\u00e9 Mar\u00eda Morales Flores; octavo regidor Samantha Hern\u00e1ndez Bautista; noveno regidor, Maximiliano de Jes\u00fas Guajardo Ayala; d\u00e9cimo primer regidor, Roberto Alonso G\u00f3mez Gallardo; d\u00e9cimo segundo regidor, Mar\u00eda Teresa Lozano Contreras; d\u00e9cimo tercer regidor, Luis Eduardo Amaro Arizpe y d\u00e9cimo cuarto regidor, Ilse Gabriela Guajardo Ayala.<\/p>\n\n\n\n<p>VIVIANO V\u00c1ZQUEZ RENUNCIA AL PRI; SE VA A MORENA<br \/>Viviano V\u00e1zquez Mac\u00edas renunci\u00f3 a su militancia en el Partido Revolucionario Institucional (PRI), esto previo a solicitar licencia para separarse de su cargo por tiempo indefinido, dado a que se ir\u00e1 a formar parte del equipo de campa\u00f1a de Carmen Lilia Canturosas Villarreal, la candidata de la coalici\u00f3n \u201cJuntos Seguiremos Haciendo Historia\u201d por la alcald\u00eda de Nuevo Laredo. Viviano congruentemente renunci\u00f3 al PRI desde el pasado viernes, por lo que deja atr\u00e1s una carrera pol\u00edtica de 24 a\u00f1os en ese partido, donde de hecho lleg\u00f3 a ser presidente del comit\u00e9 municipal, y adem\u00e1s fue el \u00fanico regidor del PRI en esta administraci\u00f3n. Cabe apuntar que Viviano ser\u00e1 suplido en la regidur\u00eda por Alfredo Cruz Fructuoso, quien es miembro del PRI, y como tal dicho partido seguir\u00e1 teniendo la posici\u00f3n, pero una vez que Viviano regrese, pasada la campa\u00f1a, habr\u00e1 de declararse regidor independiente.<\/p>\n\n\n\n<p>LAS CAMPA\u00d1AS<br \/>Un arranque oficial de campa\u00f1a llev\u00f3 a cabo Carmen Lilia Canturosas Villarreal este lunes por la tarde en el Polyforum La Fe ante cientos de simpatizantes y militantes de los partidos pol\u00edticos que la respaldan, en este caso MORENA, PT y PVEM. En su mensaje pidi\u00f3 a la gente su confianza para seguir haciendo m\u00e1s por Nuevo Laredo. Por la ma\u00f1ana Carmen Lilia acudi\u00f3 a diversos medios de comunicaci\u00f3n, donde tambi\u00e9n habl\u00f3 de la transformaci\u00f3n que se ha registrado en la ciudad\u2026 En el transcurso del primer d\u00eda de campa\u00f1as locales sigui\u00f3 dando de qu\u00e9 hablar el evento que tuvo Yahleel Abdala Carmona durante la madrugada del mismo lunes en Villas de Sanmiguel, y donde congreg\u00f3 una gran cantidad de personas. Y desde temprana hora Yahleel tambi\u00e9n recorri\u00f3 varios informativos, dando a conocer propuestas dentro de su plataforma de campa\u00f1a como candidata del PAN y el PRI\u2026 Macaria Lizeth Gonz\u00e1lez P\u00e9rez, la candidata del Movimiento Ciudadano (MC) a la alcald\u00eda, arranc\u00f3 su campa\u00f1a con un evento en la sede local de dicho partido, donde present\u00f3 sus primeras propuestas. Makis le apuesta a ser la opci\u00f3n alternativa de la derecha y la izquierda.<\/p>\n\n\n\n<p>PIDE GOBERNADOR A ESTUDIANTES FORTALECER VALORES<br \/>Un llamado a fortalecer valores y profundizar conocimiento, y elegir a la vez la mejor oportunidad para labrar su propio destino, fue el que hizo el gobernador Am\u00e9rico Villarreal Anaya a j\u00f3venes estudiantes de Tamaulipas, esto durante la tradicional ceremonia de Honores a la Bandera celebrada este lunes y que en esta ocasi\u00f3n se realiz\u00f3 en la Preparatoria Federalizada No. 2 \u201cAniceto Villanueva Mart\u00ednez\u201d, de la capital del estado. Ante miembros de su gabinete, alumnos, maestros y padres de familia, el mandatario estatal, afirm\u00f3 que su administraci\u00f3n pone especial atenci\u00f3n para que todos los estudiantes puedan cursar y concluir con \u00e9xito los distintos tramos de su formaci\u00f3n y pasen de un nivel a otro, desde la educaci\u00f3n inicial hasta la universidad, y dijo a los alumnos que educaci\u00f3n es sin duda uno de los elementos que mayor influyen en la prosperidad y el bienestar que una sociedad puede alcanzar<\/p>\n\n\n\n<p>DESTACAN ALUMNOS DE LA UAT EN COMPETENCIA REGIONAL<br \/>Alumnos de la Unidad Acad\u00e9mica Multidisciplinaria Reynosa Rodhe (UAMRR) y de la Facultad de Comercio y Administraci\u00f3n Tampico (FCAT), de la Universidad Aut\u00f3noma de Tamaulipas (UAT), obtuvieron primeros lugares dentro de la d\u00e9cima s\u00e9ptima edici\u00f3n del Marat\u00f3n de Conocimientos Zona 2 de la Asociaci\u00f3n Nacional de Facultades y Escuelas de Contadur\u00eda y Administraci\u00f3n (ANFECA) que se llev\u00f3 a cabo el 12 de abril en Torre\u00f3n, Coahuila. En dicho evento tomaron parte participaron m\u00e1s de 300 universitarios de instituciones p\u00fablicas y privadas de los estados de Coahuila, Tamaulipas y Nuevo Le\u00f3n, y los estudiantes de la UAT obtuvieron los primeros lugares en las disciplinas de Finanzas, Inform\u00e1tica Administrativa y Costos. En este tenor el equipo Bravos Oro de la UAM Reynosa Rodhe qued\u00f3 campe\u00f3n en Finanzas, mientras el equipo Bravos Azul, de la misma instituci\u00f3n, hizo lo propio en Inform\u00e1tica Administrativa. A su vez el primer lugar en Costos fue para el Equipo 18 de la Facultad de Comercio y Administraci\u00f3n Tampico. Con ello estos equipos aseguran su pase al Marat\u00f3n Nacional de la ANFECA, programado para los d\u00edas 17 y 18 de octubre de 2024 en el Centro de Ciencias Econ\u00f3micas y Administrativas de la Universidad Aut\u00f3noma de Aguascalientes.<\/p>\n\n\n\n<p>\u00a1HAY QUE CUIDAR A LAS ABEJAS!<br \/>Dado a que diversas personas han estado manifestando la presencia de enjambres de abejas en sus casas, personal de Protecci\u00f3n Civil de Nuevo Laredo hace el llamado para que las reporten a dicha dependencia, y personal especializado pueda acudir a retirarlas y ponerlas en un lugar especial dentro de su h\u00e1bitat. No hay que olvidar que las abejas son insectos por dem\u00e1s necesarios en el medio ambiente, por todo lo bueno que generan, y por ning\u00fan motivo se les debe atacar o tratar de retirarlas sin el debido conocimiento para ello, ya que se pueden complicar las cosas, pues las abejas pueden tornarse agresivas. En la mayor\u00eda de los casos solo est\u00e1n de paso, por lo que lo mejor es no molestarlas.<\/p>\n","protected":false},"excerpt":{"rendered":"<p>Y bueno finalmente fue develada la planilla de la coalici\u00f3n MORENA, PT, PVEM, en pos de la alcald\u00eda de Nuevo Laredo, que encabeza Carmen Lilia Canturosas Villarreal. En la misma &hellip; <a href=\"http:\/\/revistalaneta.com.mx\/?p=11375\" class=\"more-link\">Leer m\u00e1s<\/a><\/p>\n","protected":false},"author":1,"featured_media":11374,"comment_status":"open","ping_status":"open","sticky":false,"template":"","format":"standard","meta":{"footnotes":""},"categories":[2],"tags":[],"class_list":["post-11375","post","type-post","status-publish","format-standard","has-post-thumbnail","hentry","category-chismorreo","entry"],"_links":{"self":[{"href":"http:\/\/revistalaneta.com.mx\/index.php?rest_route=\/wp\/v2\/posts\/11375","targetHints":{"allow":["GET"]}}],"collection":[{"href":"http:\/\/revistalaneta.com.mx\/index.php?rest_route=\/wp\/v2\/posts"}],"about":[{"href":"http:\/\/revistalaneta.com.mx\/index.php?rest_route=\/wp\/v2\/types\/post"}],"author":[{"embeddable":true,"href":"http:\/\/revistalaneta.com.mx\/index.php?rest_route=\/wp\/v2\/users\/1"}],"replies":[{"embeddable":true,"href":"http:\/\/revistalaneta.com.mx\/index.php?rest_route=%2Fwp%2Fv2%2Fcomments&post=11375"}],"version-history":[{"count":1,"href":"http:\/\/revistalaneta.com.mx\/index.php?rest_route=\/wp\/v2\/posts\/11375\/revisions"}],"predecessor-version":[{"id":11376,"href":"http:\/\/revistalaneta.com.mx\/index.php?rest_route=\/wp\/v2\/posts\/11375\/revisions\/11376"}],"wp:featuredmedia":[{"embeddable":true,"href":"http:\/\/revistalaneta.com.mx\/index.php?rest_route=\/wp\/v2\/media\/11374"}],"wp:attachment":[{"href":"http:\/\/revistalaneta.com.mx\/index.php?rest_route=%2Fwp%2Fv2%2Fmedia&parent=11375"}],"wp:term":[{"taxonomy":"category","embeddable":true,"href":"http:\/\/revistalaneta.com.mx\/index.php?rest_route=%2Fwp%2Fv2%2Fcategories&post=11375"},{"taxonomy":"post_tag","embeddable":true,"href":"http:\/\/revistalaneta.com.mx\/index.php?rest_route=%2Fwp%2Fv2%2Ftags&post=11375"}],"curies":[{"name":"wp","href":"https:\/\/api.w.org\/{rel}","templated":true}]}}