{"id":11384,"date":"2024-04-16T16:18:03","date_gmt":"2024-04-16T16:18:03","guid":{"rendered":"http:\/\/revistalaneta.com.mx\/?p=11384"},"modified":"2024-04-16T16:18:18","modified_gmt":"2024-04-16T16:18:18","slug":"legislara-carlos-canturosas-para-proteger-economia-del-hogar","status":"publish","type":"post","link":"http:\/\/revistalaneta.com.mx\/?p=11384","title":{"rendered":"Legislar\u00e1 Carlos Canturosas para proteger econom\u00eda Del hogar"},"content":{"rendered":"\n<p><\/p>\n\n\n\n<p>Nuevo Laredo, Tamps.- El candidato a diputado federal por la coalici\u00f3n \u201cSigamos Haciendo Historia\u201d, Carlos Canturosas Villarreal, legislar\u00e1 para impulsar estrategias que protejan la econom\u00eda del hogar de los neolanarenses y familias en todo M\u00e9xico.<\/p>\n\n\n\n<p>De la mano de la futura presidenta de la rep\u00fablica, Claudia Sheinbaum Pardo, Canturosas Villarreal promover\u00e1 desde el Congreso de la Uni\u00f3n, propuestas para que el pago de servicios de luz y gas no incremente por encima de la inflaci\u00f3n.<\/p>\n\n\n\n<p>El abanderado por los partidos MORENA, PT y Verde Ecologista, destac\u00f3 que con la consolidaci\u00f3n del segundo piso de la Cuarta Transformaci\u00f3n, tambi\u00e9n se trabajar\u00e1 para que no exista aumento en los impuestos.<\/p>\n\n\n\n<p>\u201cLa econom\u00eda de todos los mexicanos es una prioridad para la doctora Sheinbaum Pardo, por eso me comprometo a trabajar con honestidad, resultados y amor al pueblo, para hacer realidad estos beneficios que apoyar\u00e1n a cada hogar\u201d, indic\u00f3.<\/p>\n\n\n\n<p>Tambi\u00e9n, con la finalidad de agilizar y eficientizar la atenci\u00f3n ciudadana, promover\u00e1 la innovaci\u00f3n y el uso de la tecnolog\u00eda para digitalizar los tr\u00e1mites para acceder a los diversos programas federales o realizar alguna solicitud ante el gobierno de M\u00e9xico.<\/p>\n\n\n\n<p>El proyecto de naci\u00f3n 2024-2030 de Claudia Sheinbaum Pardo conllevar\u00e1 diversos beneficios y propuestas humanistas por las que Carlos Canturosas, desde la C\u00e1mara de Diputados, legislar\u00e1 para aterrizarlas en Nuevo Laredo.<\/p>\n","protected":false},"excerpt":{"rendered":"<p>Nuevo Laredo, Tamps.- El candidato a diputado federal por la coalici\u00f3n \u201cSigamos Haciendo Historia\u201d, Carlos Canturosas Villarreal, legislar\u00e1 para impulsar estrategias que protejan la econom\u00eda del hogar de los neolanarenses &hellip; <a href=\"http:\/\/revistalaneta.com.mx\/?p=11384\" class=\"more-link\">Leer m\u00e1s<\/a><\/p>\n","protected":false},"author":1,"featured_media":11383,"comment_status":"open","ping_status":"open","sticky":false,"template":"","format":"standard","meta":{"footnotes":""},"categories":[4],"tags":[],"class_list":["post-11384","post","type-post","status-publish","format-standard","has-post-thumbnail","hentry","category-nuevo-laredo","entry"],"_links":{"self":[{"href":"http:\/\/revistalaneta.com.mx\/index.php?rest_route=\/wp\/v2\/posts\/11384","targetHints":{"allow":["GET"]}}],"collection":[{"href":"http:\/\/revistalaneta.com.mx\/index.php?rest_route=\/wp\/v2\/posts"}],"about":[{"href":"http:\/\/revistalaneta.com.mx\/index.php?rest_route=\/wp\/v2\/types\/post"}],"author":[{"embeddable":true,"href":"http:\/\/revistalaneta.com.mx\/index.php?rest_route=\/wp\/v2\/users\/1"}],"replies":[{"embeddable":true,"href":"http:\/\/revistalaneta.com.mx\/index.php?rest_route=%2Fwp%2Fv2%2Fcomments&post=11384"}],"version-history":[{"count":1,"href":"http:\/\/revistalaneta.com.mx\/index.php?rest_route=\/wp\/v2\/posts\/11384\/revisions"}],"predecessor-version":[{"id":11385,"href":"http:\/\/revistalaneta.com.mx\/index.php?rest_route=\/wp\/v2\/posts\/11384\/revisions\/11385"}],"wp:featuredmedia":[{"embeddable":true,"href":"http:\/\/revistalaneta.com.mx\/index.php?rest_route=\/wp\/v2\/media\/11383"}],"wp:attachment":[{"href":"http:\/\/revistalaneta.com.mx\/index.php?rest_route=%2Fwp%2Fv2%2Fmedia&parent=11384"}],"wp:term":[{"taxonomy":"category","embeddable":true,"href":"http:\/\/revistalaneta.com.mx\/index.php?rest_route=%2Fwp%2Fv2%2Fcategories&post=11384"},{"taxonomy":"post_tag","embeddable":true,"href":"http:\/\/revistalaneta.com.mx\/index.php?rest_route=%2Fwp%2Fv2%2Ftags&post=11384"}],"curies":[{"name":"wp","href":"https:\/\/api.w.org\/{rel}","templated":true}]}}