{"id":11387,"date":"2024-04-16T16:21:10","date_gmt":"2024-04-16T16:21:10","guid":{"rendered":"http:\/\/revistalaneta.com.mx\/?p=11387"},"modified":"2024-04-16T16:21:31","modified_gmt":"2024-04-16T16:21:31","slug":"yahleel-abdala-arranca-campana-respaldada-por-miles-de-neolaredenses","status":"publish","type":"post","link":"http:\/\/revistalaneta.com.mx\/?p=11387","title":{"rendered":"Yahleel Abdala arranca campa\u00f1a respaldada por miles de neolaredenses"},"content":{"rendered":"\n<p><\/p>\n\n\n\n<p>Nuevo Laredo, Tamps.- Porque Nuevo Laredo YA merece m\u00e1s, Yahleel Abdala Carmona inici\u00f3 su campa\u00f1a como candidata a la Presidencia Municipal de la coalici\u00f3n PAN-PRI \u201cFuerza y Coraz\u00f3n por M\u00e9xico\u201d, este lunes despu\u00e9s de las 00:00 horas.<br>En un acto multitudinario en la colonia Villas de San Miguel, Abdala Carmona emiti\u00f3 un poderoso mensaje que retumb\u00f3 en el predio bald\u00edo ubicado en bulevar San Patricio y bulevar D\u00eda del Trabajo, donde se reunieron militantes y simpatizantes procedentes de distintas colonias.<br>\u201cYA lleg\u00f3 el momento de que realmente Nuevo Laredo tenga lo que merece, lo que es justo, por lo que siempre hemos luchado, por m\u00e1s prosperidad para esta ciudad\u201d, expres\u00f3.<br>Acompa\u00f1ada por su suplente, la empresaria Laura Z\u00e1rate Quezada, asumi\u00f3 un compromiso concreto: Ganar las elecciones del pr\u00f3ximo dos de Junio, con la ayuda de la ciudadan\u00eda, a fin de servir a toda la gente buena de Nuevo Laredo.<br>La candidata explic\u00f3 por qu\u00e9 se decidi\u00f3 iniciar la campa\u00f1a de proselitismo en Villas de San Miguel.<br>\u201cEs una colonia donde tengo muchas amigas y amigos. Pero, sobre todo, quisimos iniciar aqu\u00ed porque hace tres a\u00f1os vino Carmen Lilia a enga\u00f1ar a los ciudadanos, y sobre todo, a los ciudadanos que viven en Villas de San Miguel.<br>\u201cLes prometi\u00f3 que iba a rehabilitar la colonia y que la iba a cambiar. \u00bfY eso sucedi\u00f3? Prometi\u00f3 que iba a darse una nueva imagen a Nuevo Laredo, seg\u00fan ella de bienestar. \u00bfCambi\u00f3 la imagen? Porque hay m\u00e1s baches y las calles est\u00e1n abiertas\u201d, detall\u00f3.<br>Por segunda ocasi\u00f3n, Abdala Carmona se postula como candidata a la Presidencia Municipal y por ello algunos la tachan de \u201cterca\u201d. Y ante la ciudadan\u00eda reconoci\u00f3 que s\u00ed lo es, porque es terca en lograr beneficios para la comunidad ya que, al vivir aqu\u00ed, sabe lo que se sufre por las carencias.<br>\u201cSoy terca porque, al igual que ustedes, trabajo muy duro y lo \u00fanico que busco es que le vaya bien a esta ciudad en la que vivimos.<br>\u201cPero f\u00edjense que en una reflexi\u00f3n pensaba: a lo mejor podemos justificarla (a la actual alcaldesa). \u00bfC\u00f3mo va a pretender hacer beneficio en la ciudad, si a Carmen Lilia ni siquiera le gusta Nuevo Laredo para vivir en \u00e9l? Vive en otro pa\u00eds. All\u00e1 en Laredo, Texas\u201d, explic\u00f3.<br>Le qued\u00f3 grande el reto, coment\u00f3 la abanderada del PAN-PRI.<br>\u201cY la capacidad no se hereda, para poder saber gobernar hay que prepararse, hay que estudiar, hay que trabajar, eso no se logra de la noche a la ma\u00f1ana\u201d, dijo.<br>Abdala Carmona pidi\u00f3 el apoyo de los ciudadanos para sacar adelante a Nuevo Laredo y trabajar unidos por la ciudad que los neolaredenses se merecen.<br>\u201cYa nos merecemos m\u00e1s que la vanidad de unos hermanos que piensan que Nuevo Laredo es su herencia\u201d, afirm\u00f3.<br>\u201c\u00bfHoy qu\u00e9 vengo a ofrecerles? A una mujer que va a ser su aliada, que va a ser su defensora, que va a ser su gestora, yo s\u00ed vivo aqu\u00ed, yo jam\u00e1s me he ido de Nuevo Laredo, lo amo profundamente\u201d.<br>En el arranque de campa\u00f1a, Abdala Carmona estuvo acompa\u00f1ada por los candidatos a diputados locales por el distrito 1, Jorge P\u00e9rez Santos; distrito 2, Iliana Medina, y distrito 3, H\u00e9ctor Canales, as\u00ed como el candidato a diputado federal, Manuel Canales Bermea, y la candidata a Senadora Imelda Sanmiguel S\u00e1nchez.<br>Tambi\u00e9n estuvieron presentes las y los candidatos a s\u00edndicos y regidores, as\u00ed como los presidentes de los comit\u00e9s locales del PRI, Fernando Castillo, y del PAN, Agust\u00edn Chapa.<\/p>\n","protected":false},"excerpt":{"rendered":"<p>Nuevo Laredo, Tamps.- Porque Nuevo Laredo YA merece m\u00e1s, Yahleel Abdala Carmona inici\u00f3 su campa\u00f1a como candidata a la Presidencia Municipal de la coalici\u00f3n PAN-PRI \u201cFuerza y Coraz\u00f3n por M\u00e9xico\u201d, &hellip; <a href=\"http:\/\/revistalaneta.com.mx\/?p=11387\" class=\"more-link\">Leer m\u00e1s<\/a><\/p>\n","protected":false},"author":1,"featured_media":11386,"comment_status":"open","ping_status":"open","sticky":false,"template":"","format":"standard","meta":{"footnotes":""},"categories":[4],"tags":[],"class_list":["post-11387","post","type-post","status-publish","format-standard","has-post-thumbnail","hentry","category-nuevo-laredo","entry"],"_links":{"self":[{"href":"http:\/\/revistalaneta.com.mx\/index.php?rest_route=\/wp\/v2\/posts\/11387","targetHints":{"allow":["GET"]}}],"collection":[{"href":"http:\/\/revistalaneta.com.mx\/index.php?rest_route=\/wp\/v2\/posts"}],"about":[{"href":"http:\/\/revistalaneta.com.mx\/index.php?rest_route=\/wp\/v2\/types\/post"}],"author":[{"embeddable":true,"href":"http:\/\/revistalaneta.com.mx\/index.php?rest_route=\/wp\/v2\/users\/1"}],"replies":[{"embeddable":true,"href":"http:\/\/revistalaneta.com.mx\/index.php?rest_route=%2Fwp%2Fv2%2Fcomments&post=11387"}],"version-history":[{"count":1,"href":"http:\/\/revistalaneta.com.mx\/index.php?rest_route=\/wp\/v2\/posts\/11387\/revisions"}],"predecessor-version":[{"id":11388,"href":"http:\/\/revistalaneta.com.mx\/index.php?rest_route=\/wp\/v2\/posts\/11387\/revisions\/11388"}],"wp:featuredmedia":[{"embeddable":true,"href":"http:\/\/revistalaneta.com.mx\/index.php?rest_route=\/wp\/v2\/media\/11386"}],"wp:attachment":[{"href":"http:\/\/revistalaneta.com.mx\/index.php?rest_route=%2Fwp%2Fv2%2Fmedia&parent=11387"}],"wp:term":[{"taxonomy":"category","embeddable":true,"href":"http:\/\/revistalaneta.com.mx\/index.php?rest_route=%2Fwp%2Fv2%2Fcategories&post=11387"},{"taxonomy":"post_tag","embeddable":true,"href":"http:\/\/revistalaneta.com.mx\/index.php?rest_route=%2Fwp%2Fv2%2Ftags&post=11387"}],"curies":[{"name":"wp","href":"https:\/\/api.w.org\/{rel}","templated":true}]}}