{"id":11405,"date":"2024-04-16T20:18:45","date_gmt":"2024-04-16T20:18:45","guid":{"rendered":"http:\/\/revistalaneta.com.mx\/?p=11405"},"modified":"2024-04-16T20:19:03","modified_gmt":"2024-04-16T20:19:03","slug":"reta-yahleel-a-un-debate-politico-a-sus-contrincantes","status":"publish","type":"post","link":"http:\/\/revistalaneta.com.mx\/?p=11405","title":{"rendered":"Reta Yahleel a un debate pol\u00edtico a sus contrincantes"},"content":{"rendered":"\n<p><\/p>\n\n\n\n<ul class=\"wp-block-list\">\n<li>La candidata de la coalici\u00f3n PAN-PRI advirti\u00f3 que quien no acepte participar en el debate, est\u00e1 en contra del beneficio y progreso de la ciudad<\/li>\n<\/ul>\n\n\n\n<p>Nuevo Laredo, Tamps.- Porque los neolaredenses merecen que los candidatos sean transparentes, la abanderada de la alianza \u201cFuerza y Coraz\u00f3n por Tamaulipas\u201d, Yahleel Abdala Carmona, solicit\u00f3 al IETAM organizar un debate entre las candidatas a la presidencia municipal de esta ciudad, para que los electores puedan conocer la capacidad y experiencia de las aspirantes a gobernarlos.<\/p>\n\n\n\n<p>\u201cCreemos que esto es una fiesta c\u00edvica, y para que sea una fiesta c\u00edvica se requiere de una base fundamental de la democracia que son los debates, el debate es fundamental para que los ciudadanos puedan contrastar entre candidatas, entre capacidad, experiencias, trabajo, propuestas e ideas, y esa es la manera m\u00e1s f\u00e1cil que puede tener el elector, una radiograf\u00eda para saber a d\u00f3nde vamos\u201d, enfatiz\u00f3.<\/p>\n\n\n\n<p>Acompa\u00f1ada del representante propietario del PAN, Mauricio Josu\u00e9 D\u00e1vila Fern\u00e1ndez, as\u00ed como los dirigentes del PAN, Agust\u00edn Chaspa Torres y del PRI, Fernando Castillo Villarreal, la abanderada de dicha coalici\u00f3n entreg\u00f3 la propuesta de debate al Lic. C\u00e9sar Eugenio Hern\u00e1ndez Angola, consejero presidente municipal electoral, y bas\u00f3 en los Art\u00edculos 110, fracci\u00f3n 19 y 23, as\u00ed como los Art\u00edculos 259 y 259 bis, de la Ley Electoral del Estado de Tamaulipas.<\/p>\n\n\n\n<p>\u201cY yo tambi\u00e9n hago la invitaci\u00f3n a las candidatas a la presidencia municipal de Nuevo Laredo, que se animen a que podamos debatir y contrastar las ideas, es necesario, y si alguien se niega a debatir, quiere decir que est\u00e1 en contra del beneficio de Nuevo Laredo, a lo mejor quieren que sigamos en el atraso, pudiera ser, pero aqu\u00ed est\u00e1 la invitaci\u00f3n a que le podamos presentar a los ciudadanos, a los electores, y adem\u00e1s, ya se lo merecen, el que podamos ser transparentes y en este ejercicio democr\u00e1tico creo que es lo mejor\u201d, concluy\u00f3 Abdala Carmona.<\/p>\n","protected":false},"excerpt":{"rendered":"<p>Nuevo Laredo, Tamps.- Porque los neolaredenses merecen que los candidatos sean transparentes, la abanderada de la alianza \u201cFuerza y Coraz\u00f3n por Tamaulipas\u201d, Yahleel Abdala Carmona, solicit\u00f3 al IETAM organizar un &hellip; <a href=\"http:\/\/revistalaneta.com.mx\/?p=11405\" class=\"more-link\">Leer m\u00e1s<\/a><\/p>\n","protected":false},"author":1,"featured_media":11404,"comment_status":"open","ping_status":"open","sticky":false,"template":"","format":"standard","meta":{"footnotes":""},"categories":[6],"tags":[],"class_list":["post-11405","post","type-post","status-publish","format-standard","has-post-thumbnail","hentry","category-destacado","entry"],"_links":{"self":[{"href":"http:\/\/revistalaneta.com.mx\/index.php?rest_route=\/wp\/v2\/posts\/11405","targetHints":{"allow":["GET"]}}],"collection":[{"href":"http:\/\/revistalaneta.com.mx\/index.php?rest_route=\/wp\/v2\/posts"}],"about":[{"href":"http:\/\/revistalaneta.com.mx\/index.php?rest_route=\/wp\/v2\/types\/post"}],"author":[{"embeddable":true,"href":"http:\/\/revistalaneta.com.mx\/index.php?rest_route=\/wp\/v2\/users\/1"}],"replies":[{"embeddable":true,"href":"http:\/\/revistalaneta.com.mx\/index.php?rest_route=%2Fwp%2Fv2%2Fcomments&post=11405"}],"version-history":[{"count":1,"href":"http:\/\/revistalaneta.com.mx\/index.php?rest_route=\/wp\/v2\/posts\/11405\/revisions"}],"predecessor-version":[{"id":11406,"href":"http:\/\/revistalaneta.com.mx\/index.php?rest_route=\/wp\/v2\/posts\/11405\/revisions\/11406"}],"wp:featuredmedia":[{"embeddable":true,"href":"http:\/\/revistalaneta.com.mx\/index.php?rest_route=\/wp\/v2\/media\/11404"}],"wp:attachment":[{"href":"http:\/\/revistalaneta.com.mx\/index.php?rest_route=%2Fwp%2Fv2%2Fmedia&parent=11405"}],"wp:term":[{"taxonomy":"category","embeddable":true,"href":"http:\/\/revistalaneta.com.mx\/index.php?rest_route=%2Fwp%2Fv2%2Fcategories&post=11405"},{"taxonomy":"post_tag","embeddable":true,"href":"http:\/\/revistalaneta.com.mx\/index.php?rest_route=%2Fwp%2Fv2%2Ftags&post=11405"}],"curies":[{"name":"wp","href":"https:\/\/api.w.org\/{rel}","templated":true}]}}