{"id":11429,"date":"2024-04-17T05:45:47","date_gmt":"2024-04-17T05:45:47","guid":{"rendered":"http:\/\/revistalaneta.com.mx\/?p=11429"},"modified":"2024-04-17T05:46:02","modified_gmt":"2024-04-17T05:46:02","slug":"inaugura-yahleel-abdala-unidad-medica-que-atiende-a-los-mas-necesitados","status":"publish","type":"post","link":"http:\/\/revistalaneta.com.mx\/?p=11429","title":{"rendered":"Inaugura Yahleel Abdala unidad medica que atiende a los m\u00e1s necesitados"},"content":{"rendered":"\n<p><\/p>\n\n\n\n<p>Nuevo Laredo, Tamps.- Ante la necesidad que hay en Nuevo Laredo de servicios de salud, un grupo de m\u00e9dicos y personal de enfermer\u00eda se organiz\u00f3 para abrir una Unidad M\u00e9dica que, a partir de ya, brinda servicio a la ciudadan\u00eda en general.<\/p>\n\n\n\n<p>Yahleel Abdala Carmona, candidata a la Presidencia Municipal por la coalici\u00f3n PAN-PRI, Fuerza y Coraz\u00f3n por M\u00e9xico, inaugur\u00f3 la Unidad M\u00e9dica ubicada en la Avenida 20 de Noviembre 1516, entre Maclovio Herrera y H\u00e9roe de Nacataz.<\/p>\n\n\n\n<p>\u201cS\u00e9 que tienen un amor por su profesi\u00f3n y por ayudar a quien lo necesita, tristemente sabemos del rezago tan fuerte que ha hecho el gobierno, hablando del nivel que quieran en el tema de salud, de verdad no comprendemos por qu\u00e9 se ha abandonado\u201d, mencion\u00f3 Abdala Carmona.<\/p>\n\n\n\n<p>El local consta de tres consultorios de medicina general, consulta nutricional y \u00e1rea de choque para urgencias. Se brindar\u00e1 servicio todos los d\u00edas de 8:00 a 22:00 horas; el cobro es m\u00f3dico, pues en ocasiones no se cobrar\u00e1, de acuerdo con la situaci\u00f3n econ\u00f3mica de cada paciente.<\/p>\n\n\n\n<p>La candidata reconoci\u00f3 el esfuerzo que hace este grupo de profesionales de la salud para dar una opci\u00f3n a las personas que no saben a d\u00f3nde acudir en caso de una emergencia de salud.<\/p>\n\n\n\n<p>\u201cEl esfuerzo que hacen ustedes es un esfuerzo aislado, y si tuvieran la colaboraci\u00f3n del gobierno, de las autoridades, yo creo que se pudieran hacer tantas cosas en beneficio de la gente.<\/p>\n\n\n\n<p>\u201cPero eso no los ha parado, ustedes han seguido en su labor, y de verdad mi reconocimiento sincero\u201d, manifest\u00f3 la candidata Yahleel Abdala Carmona.<\/p>\n","protected":false},"excerpt":{"rendered":"<p>Nuevo Laredo, Tamps.- Ante la necesidad que hay en Nuevo Laredo de servicios de salud, un grupo de m\u00e9dicos y personal de enfermer\u00eda se organiz\u00f3 para abrir una Unidad M\u00e9dica &hellip; <a href=\"http:\/\/revistalaneta.com.mx\/?p=11429\" class=\"more-link\">Leer m\u00e1s<\/a><\/p>\n","protected":false},"author":1,"featured_media":11428,"comment_status":"open","ping_status":"open","sticky":false,"template":"","format":"standard","meta":{"footnotes":""},"categories":[6],"tags":[],"class_list":["post-11429","post","type-post","status-publish","format-standard","has-post-thumbnail","hentry","category-destacado","entry"],"_links":{"self":[{"href":"http:\/\/revistalaneta.com.mx\/index.php?rest_route=\/wp\/v2\/posts\/11429","targetHints":{"allow":["GET"]}}],"collection":[{"href":"http:\/\/revistalaneta.com.mx\/index.php?rest_route=\/wp\/v2\/posts"}],"about":[{"href":"http:\/\/revistalaneta.com.mx\/index.php?rest_route=\/wp\/v2\/types\/post"}],"author":[{"embeddable":true,"href":"http:\/\/revistalaneta.com.mx\/index.php?rest_route=\/wp\/v2\/users\/1"}],"replies":[{"embeddable":true,"href":"http:\/\/revistalaneta.com.mx\/index.php?rest_route=%2Fwp%2Fv2%2Fcomments&post=11429"}],"version-history":[{"count":1,"href":"http:\/\/revistalaneta.com.mx\/index.php?rest_route=\/wp\/v2\/posts\/11429\/revisions"}],"predecessor-version":[{"id":11430,"href":"http:\/\/revistalaneta.com.mx\/index.php?rest_route=\/wp\/v2\/posts\/11429\/revisions\/11430"}],"wp:featuredmedia":[{"embeddable":true,"href":"http:\/\/revistalaneta.com.mx\/index.php?rest_route=\/wp\/v2\/media\/11428"}],"wp:attachment":[{"href":"http:\/\/revistalaneta.com.mx\/index.php?rest_route=%2Fwp%2Fv2%2Fmedia&parent=11429"}],"wp:term":[{"taxonomy":"category","embeddable":true,"href":"http:\/\/revistalaneta.com.mx\/index.php?rest_route=%2Fwp%2Fv2%2Fcategories&post=11429"},{"taxonomy":"post_tag","embeddable":true,"href":"http:\/\/revistalaneta.com.mx\/index.php?rest_route=%2Fwp%2Fv2%2Ftags&post=11429"}],"curies":[{"name":"wp","href":"https:\/\/api.w.org\/{rel}","templated":true}]}}