{"id":11492,"date":"2024-04-19T02:33:25","date_gmt":"2024-04-19T02:33:25","guid":{"rendered":"http:\/\/revistalaneta.com.mx\/?p=11492"},"modified":"2024-04-19T02:33:42","modified_gmt":"2024-04-19T02:33:42","slug":"deportistas-tendran-apoyo-real-y-amplio-con-yahleel-abdala","status":"publish","type":"post","link":"http:\/\/revistalaneta.com.mx\/?p=11492","title":{"rendered":"Deportistas tendr\u00e1n apoyo real y amplio con Yahleel Abdala"},"content":{"rendered":"\n<p><\/p>\n\n\n\n<p>Nuevo Laredo, Tam.- La comunidad deportiva de Nuevo Laredo se comprometi\u00f3 a votar por Yahleel Abdala Carmona, abanderada de la alianza &#8220;Fuerza y Coraz\u00f3n por Tamaulipas&#8221;, en su camino a la Presidencia Municipal porque no quieren otros tres a\u00f1os de puertas cerradas, menosprecio y simulaci\u00f3n de apoyo.<\/p>\n\n\n\n<p>Y es que esas condiciones de abandono son las que han padecido durante toda la actual administraci\u00f3n municipal, se\u00f1alaron los m\u00e1s de 50 entrenadores, promotores y representantes de clubes, asociaciones, gimnasios y centros deportivos que dialogaron con la candidata.<\/p>\n\n\n\n<p>Tras el diagn\u00f3stico en el que los deportistas coincidieron en el desinter\u00e9s de la actual administraci\u00f3n en apoyar el deporte, la candidata Abdala Carmona ofreci\u00f3 acciones claras, concretas y realizables.<\/p>\n\n\n\n<p>Empezar\u00e1 con tres escuelas de iniciaci\u00f3n deportiva, una por a\u00f1o, una cercana al centro, otra al poniente y sobre todo una al sur. Rescate de los espacios deportivos actualmente abandonados. Regresar la educaci\u00f3n f\u00edsica a las escuelas, con maestros pagados y capacitados por el municipio. Compra de camiones exclusivos para transporte de deportistas a competencias estatales, regionales y nacionales.<\/p>\n\n\n\n<p>\u201cEn mi presidencia municipal vamos a erradicar el boteo al que la indolencia y apat\u00eda del actual gobierno orilla a nuestros deportistas. Es una falta de respeto para ellos, cuando, al contrario, deber\u00edamos sentirnos orgullosos y privilegiados de que haya gente que represente a nuestra ciudad en competencias mundiales, internacionales, nacionales, estatales. En mi gobierno recibir\u00e1n todo el apoyo\u201d, remarc\u00f3 la candidata.<\/p>\n","protected":false},"excerpt":{"rendered":"<p>Nuevo Laredo, Tam.- La comunidad deportiva de Nuevo Laredo se comprometi\u00f3 a votar por Yahleel Abdala Carmona, abanderada de la alianza &#8220;Fuerza y Coraz\u00f3n por Tamaulipas&#8221;, en su camino a &hellip; <a href=\"http:\/\/revistalaneta.com.mx\/?p=11492\" class=\"more-link\">Leer m\u00e1s<\/a><\/p>\n","protected":false},"author":1,"featured_media":11491,"comment_status":"open","ping_status":"open","sticky":false,"template":"","format":"standard","meta":{"footnotes":""},"categories":[4],"tags":[],"class_list":["post-11492","post","type-post","status-publish","format-standard","has-post-thumbnail","hentry","category-nuevo-laredo","entry"],"_links":{"self":[{"href":"http:\/\/revistalaneta.com.mx\/index.php?rest_route=\/wp\/v2\/posts\/11492","targetHints":{"allow":["GET"]}}],"collection":[{"href":"http:\/\/revistalaneta.com.mx\/index.php?rest_route=\/wp\/v2\/posts"}],"about":[{"href":"http:\/\/revistalaneta.com.mx\/index.php?rest_route=\/wp\/v2\/types\/post"}],"author":[{"embeddable":true,"href":"http:\/\/revistalaneta.com.mx\/index.php?rest_route=\/wp\/v2\/users\/1"}],"replies":[{"embeddable":true,"href":"http:\/\/revistalaneta.com.mx\/index.php?rest_route=%2Fwp%2Fv2%2Fcomments&post=11492"}],"version-history":[{"count":1,"href":"http:\/\/revistalaneta.com.mx\/index.php?rest_route=\/wp\/v2\/posts\/11492\/revisions"}],"predecessor-version":[{"id":11493,"href":"http:\/\/revistalaneta.com.mx\/index.php?rest_route=\/wp\/v2\/posts\/11492\/revisions\/11493"}],"wp:featuredmedia":[{"embeddable":true,"href":"http:\/\/revistalaneta.com.mx\/index.php?rest_route=\/wp\/v2\/media\/11491"}],"wp:attachment":[{"href":"http:\/\/revistalaneta.com.mx\/index.php?rest_route=%2Fwp%2Fv2%2Fmedia&parent=11492"}],"wp:term":[{"taxonomy":"category","embeddable":true,"href":"http:\/\/revistalaneta.com.mx\/index.php?rest_route=%2Fwp%2Fv2%2Fcategories&post=11492"},{"taxonomy":"post_tag","embeddable":true,"href":"http:\/\/revistalaneta.com.mx\/index.php?rest_route=%2Fwp%2Fv2%2Ftags&post=11492"}],"curies":[{"name":"wp","href":"https:\/\/api.w.org\/{rel}","templated":true}]}}