{"id":11501,"date":"2024-04-19T12:05:27","date_gmt":"2024-04-19T12:05:27","guid":{"rendered":"http:\/\/revistalaneta.com.mx\/?p=11501"},"modified":"2024-04-19T12:06:00","modified_gmt":"2024-04-19T12:06:00","slug":"campanas-competidas","status":"publish","type":"post","link":"http:\/\/revistalaneta.com.mx\/?p=11501","title":{"rendered":"CAMPA\u00d1AS COMPETIDAS"},"content":{"rendered":"\n<p><\/p>\n\n\n\n<p>-PAN modific\u00f3 lista de pluris&#8230;y la dej\u00f3 igual<\/p>\n\n\n\n<p>-Todos los candidatos dicen y creen que van a ganar<\/p>\n\n\n\n<p>Tiempo de opinar<\/p>\n\n\n\n<p>Ra\u00fal Hern\u00e1ndez Moreno<\/p>\n\n\n\n<p>La dirigencia estatal del PAN modific\u00f3 su&nbsp; lista de&nbsp; candidatos plurinominales a la diputaci\u00f3n local, y la dej\u00f3 igual, lo que en \u00e9ste espacio anticipamos.<\/p>\n\n\n\n<p>La \u00fanica modificaci\u00f3n fue el lugar 3,&nbsp; pues el IETAM detect\u00f3 que el PAN simul\u00f3 que la candidata propuesta, Edith Ram\u00edrez Andrade, era migrante, cuando no lo era y orden\u00f3 su reemplazo y entr\u00f3 Mar\u00eda Vicenta Chapa Guti\u00e9rrez.&nbsp; Es&nbsp; un cambio que se&nbsp; habr\u00eda&nbsp; hecho, a\u00fan sin&nbsp; denuncia ante el Tribunal Electoral.<\/p>\n\n\n\n<p>Ismael Garc\u00eda&nbsp; Cabeza de Vaca, Vicente Ver\u00e1steui y Gerardo Pe\u00f1a, que van en los lugares 2,4 y 6, tienen un lugar asegurado en la pr\u00f3xima legislatura ya que quedando en el segundo lugar el PAN meter\u00eda entre 7 u 8 diputados de minor\u00eda.<\/p>\n\n\n\n<p>El TRIFE orden\u00f3 al PAN reponer el proceso de selecci\u00f3n de sus candidatos, no escoger nuevos elementos.<\/p>\n\n\n\n<p>La impugnaci\u00f3n que contra esa lista present\u00f3 el ex diputado Arturo Soto&nbsp; fue mero distractor, las&nbsp; ganas fe&nbsp; fregar; quiso fastidiar al cabecismo,&nbsp; llamar la atenci\u00f3n y nada m\u00e1s.<\/p>\n\n\n\n<p>La&nbsp; Fiscal\u00eda General de la Rep\u00fablica acaba de&nbsp; girar una orden de aprehensi\u00f3n en contra de Ismael Garc\u00eda Cabeza de Vaca, por estar implicado en el expediente penal &nbsp;que se le instruye a su&nbsp; hermano Francisco, pero el&nbsp; fuero como senador, aunque tenga licencia, lo protege y lo hace impune, que es lo que busaca el ex gobernador.<\/p>\n\n\n\n<p>El que no tiene&nbsp; fuero es el&nbsp; otro&nbsp; hermano, Jos\u00e9 Manuel, contra el que tambi\u00e9n hay orden de aprehensi\u00f3n. Si el gobierno &nbsp;quisiera&nbsp; echarle el guante, lo capturar\u00eda muy pronto, pero a la 4T no le&nbsp; gusta ejercer el poder y se contenta con lanzar &nbsp;fintas.<\/p>\n\n\n\n<p>En otro tema, en&nbsp; campa\u00f1a es&nbsp; normal que aun el m\u00e1s modesto candidato presuma &nbsp;que va a&nbsp; ganar la elecci\u00f3n. Hasta Jorge \u00c1lvarez M\u00e1ynez est\u00e1 en su derecho de decirlo y sus simpatizantes est\u00e1n&nbsp; en liberad de creerlo.<\/p>\n\n\n\n<p>No extra\u00f1an, por eso, las &nbsp;declaraciones triunfalistas como la del candidato a la alcald\u00eda de Victoria, el morenista Eduardo Gattas, quien se pavonea de que en el primer round ya mand\u00f3 tres veces a la lona a su&nbsp; rival, el ex alcalde del PRI, Oscar Almaraz. Sin embargo, la posibilidad de que Gattas pierda es real.<\/p>\n\n\n\n<p>Pero as\u00ed como Gattas cree poder&nbsp; ganar a sus rivales con los ojos vendados y una mano amarrada a su espalda, as\u00ed piensan otros morenistas.<\/p>\n\n\n\n<p>Pero \u00a1cuidado! El PAN perdi\u00f3 en las elecciones del 2021 y 2022, pero no de una manera apabullante, &nbsp;humillante. Los n\u00fameros no lo muestran as\u00ed.<\/p>\n\n\n\n<p>En el 2021, Morena obtuvo 524 221 votos y el PAN 496 936. La diferencia fue de 1.96 por ciento y en n\u00fameros concretos, 27 267 votos; en el 2022, Morena gan\u00f3 con 730 864 votos y el PAN se qued\u00f3 con 642 433, es decir, hubo una diferencia de 6.08 por ciento, y en n\u00fameros&nbsp; fr\u00edos, 88 431.<\/p>\n\n\n\n<p>En el 2022, hab\u00eda encuestas que le daban a Morena una&nbsp; ventaja de casi 3 a 1 y la realidad no fue as\u00ed.<\/p>\n\n\n\n<p>En concreto: las elecciones de este a\u00f1o est\u00e1n competidas. Morena es favorito para&nbsp; ganar en la mayor\u00eda de los municipios y distritos, pero no habr\u00e1 carro completo ni las&nbsp; victorias ser\u00e1n&nbsp;&nbsp; humillantes.<\/p>\n\n\n\n<p>Si en el 2021 Morena perdi\u00f3 en 6 de los 22 distritos, ese n\u00famero se puede ampliar. La elecci\u00f3n no es un pic nic. La competencia es real y en estos primeros d\u00edas se&nbsp; ha visto que el PAN trae muchos recursos econ\u00f3micos para la campa\u00f1a. No anda en pobreza franciscana, por el contrario trae mucho apoyo de los empresarios, a los que obviamente no les&nbsp; gusta la&nbsp; forma en que&nbsp; gobierna Morena.<\/p>\n\n\n\n<p>Por otra parte, el vocero de seguridad del gobierno de Tamaulipas, Jorge Cu\u00e9llar&nbsp; Montoya dio a conocer que Tampico se ubic\u00f3 como la quinta ciudad m\u00e1s segura del pa\u00eds, de acuerdo con un estudio del INEGI.<\/p>\n\n\n\n<p>La ciudad m\u00e1s segura es Benito Ju\u00e1rez, Piedras Negras, Cuajimalpa de Morelos, M\u00e9rida y Tampico.<\/p>\n\n\n\n<p>Tambi\u00e9n mencion\u00f3 que Nuevo Laredo est\u00e1 en el ranking de las ciudades m\u00e1s seguras del pa\u00eds.<\/p>\n\n\n\n<p>En temas electorales, Eugenio Hern\u00e1ndez Flores tiene dos d\u00edas haciendo campa\u00f1a en Nuevo Laredo. Este d\u00eda estuvo en el Consejo de Instituciones y&nbsp; visit\u00f3 la pulga de la CNOP; en la colonia La Fe.<\/p>\n\n\n\n<p>Eugenio dice estar en el segundo lugar de las encuestas y conf\u00eda en llegar al Senado de la Rep\u00fablica.<\/p>\n\n\n\n<p>Por su parte, Carmen Lilia Canturosas, candidata de Morena-PT-Verde a la presidencia municipal, &nbsp;&nbsp;se comprometi\u00f3 a seguir impulsando a los&nbsp; j\u00f3venes y record\u00f3 que durante su administraci\u00f3n se implement\u00f3 el programa J\u00f3venes Construyendo el&nbsp; Futuro, se mejor\u00f3 la infraestructura escolar&nbsp; con el programa \u201cLa escuela es nuestra\u201d y se cre\u00f3 el programa \u201cPensi\u00f3n para el bienestar&nbsp; de las personas con discapacidad\u201d.<\/p>\n\n\n\n<p>A su vez,&nbsp; la candidata de la alianza &nbsp;PAN-PRI a la alcald\u00eda, Yahleel Abdala Carmona se reuni\u00f3 con promotores del deporte, entrenadores y clubes deportivos y se comprometi\u00f3 a impulsar y apoyar el deporte, en todas sus manifestaciones.<\/p>\n\n\n\n<p>Ofreci\u00f3 acabar con el espect\u00e1culo de ver en los cruceros a deportistas pidiendo caridad para completar su pasaje, cuando&nbsp; hay necesidad de viajar a competir &nbsp;a otras ciudades.<\/p>\n","protected":false},"excerpt":{"rendered":"<p>-PAN modific\u00f3 lista de pluris&#8230;y la dej\u00f3 igual -Todos los candidatos dicen y creen que van a ganar Tiempo de opinar Ra\u00fal Hern\u00e1ndez Moreno La dirigencia estatal del PAN modific\u00f3 &hellip; <a href=\"http:\/\/revistalaneta.com.mx\/?p=11501\" class=\"more-link\">Leer m\u00e1s<\/a><\/p>\n","protected":false},"author":1,"featured_media":11500,"comment_status":"open","ping_status":"open","sticky":false,"template":"","format":"standard","meta":{"footnotes":""},"categories":[2],"tags":[],"class_list":["post-11501","post","type-post","status-publish","format-standard","has-post-thumbnail","hentry","category-chismorreo","entry"],"_links":{"self":[{"href":"http:\/\/revistalaneta.com.mx\/index.php?rest_route=\/wp\/v2\/posts\/11501","targetHints":{"allow":["GET"]}}],"collection":[{"href":"http:\/\/revistalaneta.com.mx\/index.php?rest_route=\/wp\/v2\/posts"}],"about":[{"href":"http:\/\/revistalaneta.com.mx\/index.php?rest_route=\/wp\/v2\/types\/post"}],"author":[{"embeddable":true,"href":"http:\/\/revistalaneta.com.mx\/index.php?rest_route=\/wp\/v2\/users\/1"}],"replies":[{"embeddable":true,"href":"http:\/\/revistalaneta.com.mx\/index.php?rest_route=%2Fwp%2Fv2%2Fcomments&post=11501"}],"version-history":[{"count":1,"href":"http:\/\/revistalaneta.com.mx\/index.php?rest_route=\/wp\/v2\/posts\/11501\/revisions"}],"predecessor-version":[{"id":11502,"href":"http:\/\/revistalaneta.com.mx\/index.php?rest_route=\/wp\/v2\/posts\/11501\/revisions\/11502"}],"wp:featuredmedia":[{"embeddable":true,"href":"http:\/\/revistalaneta.com.mx\/index.php?rest_route=\/wp\/v2\/media\/11500"}],"wp:attachment":[{"href":"http:\/\/revistalaneta.com.mx\/index.php?rest_route=%2Fwp%2Fv2%2Fmedia&parent=11501"}],"wp:term":[{"taxonomy":"category","embeddable":true,"href":"http:\/\/revistalaneta.com.mx\/index.php?rest_route=%2Fwp%2Fv2%2Fcategories&post=11501"},{"taxonomy":"post_tag","embeddable":true,"href":"http:\/\/revistalaneta.com.mx\/index.php?rest_route=%2Fwp%2Fv2%2Ftags&post=11501"}],"curies":[{"name":"wp","href":"https:\/\/api.w.org\/{rel}","templated":true}]}}