{"id":11504,"date":"2024-04-19T12:08:37","date_gmt":"2024-04-19T12:08:37","guid":{"rendered":"http:\/\/revistalaneta.com.mx\/?p=11504"},"modified":"2024-04-19T12:09:31","modified_gmt":"2024-04-19T12:09:31","slug":"mejora-en-nuevo-laredo-perspectiva-de-seguridad","status":"publish","type":"post","link":"http:\/\/revistalaneta.com.mx\/?p=11504","title":{"rendered":"MEJORA EN NUEVO LAREDO PERSPECTIVA DE SEGURIDAD"},"content":{"rendered":"\n<p><br>De acuerdo con los m\u00e1s recientes resultados de la Encuesta Nacional de Seguridad P\u00fablica Urbana (ENSU) del Instituto Nacional de Estad\u00edstica y Geograf\u00eda (INEGI), Nuevo Laredo redujo en 6 puntos porcentuales el nivel de desconfianza de sus ciudadanos en la cuesti\u00f3n de inseguridad, al pasar del 49.6 por ciento en diciembre del 2023, al 43.6 por ciento en marzo del 2024. De esta manera Nuevo Laredo destaca en dicha encuesta, en la que por cierto la ciudad de Tampico, se ubica como la quinta en lo que a mayor percepci\u00f3n de seguridad por parte de sus ciudadanos se refiere, con el respaldo del 76.4 por ciento de aceptaci\u00f3n sus ciudadanos, y tan solo debajo de Benito Ju\u00e1rez en la CDMX; Piedras Negras, Coahuila; Cuajimalpa, Morelos, y M\u00e9rida, Yucat\u00e1n. En contraparte los municipios m\u00e1s inseguros, de acuerdo a la referida encuesta son Fresnillo, Zacatecas; Naucalpan de Ju\u00e1rez, Estado de M\u00e9xico; Zacatecas, Zacatecas; Chilpancingo, Guerrero, y Cuernavaca, Morelos. Y bueno es evidente atribuir los buenos resultados en Tampico y Nuevo Laredo a las acciones y estrategias en materia de seguridad por parte del Gobierno del Estado de Tamaulipas, y de los gobiernos de los respectivos municipios.<\/p>\n\n\n\n<p>SE RE\u00daNE GOBERNADOR CON COMISIONADO NACIONAL DE MIGRACI\u00d3N<br \/>El comisionado nacional de Migraci\u00f3n, Francisco Gardu\u00f1o Y\u00e1\u00f1ez, vino a Tamaulipas. Sostuvo un encuentro con el gobernador Am\u00e9rico Villarreal Anaya, donde hablaron sobre el tema migratoria, destac\u00e1ndose que la aplicaci\u00f3n del Operativo Disuasi\u00f3n, ha permitido aminorar el cruce de migrantes en Matamoros, y la eliminaci\u00f3n de las carpas habitables, esto ante la apertura de un albergue en el antiguo hospital \u201cAlfredo Pumajero\u201d, de aquella ciudad, mismo que fue cedido en comodato a la Casa del Migrante de San Juan Diego, donde a la fecha se encuentran 679 migrantes. Igualmente se destac\u00f3 en la reuni\u00f3n que gracias al respaldo de la Guardia Nacional, la Secretar\u00eda de la Defensa Nacional, la Guardia Estatal y personal de la Fiscal\u00eda General de la Rep\u00fablica, se ha trabajado en el despliegue operativo para el rescate y apoyo de personas extranjeras que cruzan por territorio tamaulipeco, y se ha disminuido el n\u00famero de migrantes irregulares en el estado.<\/p>\n\n\n\n<p>ORGANIZAN CONGRESO DE MEDICINA ANCESTRAL<br \/>El 20 y 21 de abril se llevar\u00e1 a cabo en Ciudad Victoria, capital del estado, el Congreso Universal de Turismo de Salud y Medicina Ancestral, evento mediante el cual se busca promover el turismo de bienestar, un segmento que abarca los viajes relacionados con el bienestar f\u00edsico y mental para generar la salud integral. El evento est\u00e1 siendo organizado por autoridades estatales de Turismo y ser\u00e1 en el Polyforum Victoria en horario de nueve de la ma\u00f1ana a una de la tarde en ambos d\u00edas, y donde entre los expertos que participar\u00e1n en el congreso se encuentran el abuelo Daniel Contreras, temazcalero chichimeca, con terapias de sanaci\u00f3n y armonizaci\u00f3n; el tata Jos\u00e9 Merced Vel\u00e1zquez Paleda, pur\u00e9pecha de la comunidad de Cheran; Celestina Hern\u00e1ndez Mariano, partera, sobadora y sanadora, nativa de la huasteca hidalguense; la abuela Amalia Salas Cazales, especialista en sanaci\u00f3n con rosas y el tata Aurelio Ram\u00edrez Cazerez, experto en sanaci\u00f3n limpiando con huevo. Los citados brindar\u00e1n terapias ancestrales y pr\u00e1cticas de sanaci\u00f3n durante el evento, aparte de que habr\u00e1 conferencias y talleres, y los asistentes podr\u00e1n disfrutar del entorno local y el<\/p>\n\n\n\n<p>RESPIRAN TRANQUILOS CANDIDATOS DEL PAN<br \/>Muchos candidatos del Partido Acci\u00f3n Nacional (PAN) a puestos de elecci\u00f3n popular en Tamaulipas est\u00e1n respirando aliviados ante el hecho de que el ex gobernador Francisco Garc\u00eda Cabeza de Vaca ya no ir\u00e1 como abanderado a una diputaci\u00f3n federal plurinominal por dicho partido pol\u00edtico, esto al hab\u00e9rsele cancelado su registro por indicaciones del Tribunal Electoral del Poder Judicial de la Federaci\u00f3n. Y es que la nominaci\u00f3n de Garc\u00eda Cabeza de Vaca le estaba pesando mucho al PAN, esto pese a que el mencionado ni siquiera har\u00eda campa\u00f1a, pero de cualquier forma el hecho de pensar llevarlo en la boleta le perjudicaba al panismo, de ah\u00ed que ahora muchos candidatos anden tranquilos y hasta contentos de haberse sacudido tal pelusa.<\/p>\n\n\n\n<p>REPETIR\u00cdA PAN LISTA DE \u201cPLURIS\u201d AL CONGRESO DEL ESTADO<br \/>Y hablando de, el diputado local y secretario de finanzas del Partido Acci\u00f3n Nacional (PAN), Ra\u00fal P\u00e9rez Luevano, asegur\u00f3 en entrevista que el comit\u00e9 estatal de dicho partido, enviar\u00e1 al Instituto Electoral de Tamaulipas (IETAM), pr\u00e1cticamente la misma lista de candidatos a diputados locales plurinominales del blanquiazul, que previamente le fue rechazada, y ya en dos ocasiones, por el Tribunal Electoral de Tamaulipas (TRIELTAM). El mencionado asegur\u00f3 que el Comit\u00e9 Ejecutivo Nacional del PAN est\u00e1 avalando dicha lista y comprometi\u00e9ndose a responder los requerimientos que haga el TRIELTAM al respecto, y que b\u00e1sicamente son de que los primeros lugares de tal rol la conforman integrantes de un solo grupo pol\u00edtico al interior del blanquiazul. Por lo tanto lo m\u00e1s seguro es que nuevamente sea rechazada, y a ver en qu\u00e9 termina este embrollo.<\/p>\n\n\n\n<p>REITERA PRESIDENTE DEL IETAM QUE NO HAR\u00c1N DEBATES<br \/>Juan Jos\u00e9 Ramos Charre, presidente del Instituto Electoral de Tamaulipas (IETAM), reiter\u00f3 que dicho organismo no habr\u00e1 de organizar debates entre los candidatos a las alcald\u00edas y las diputaciones locales, ya que no es de su competencia, m\u00e1s sin embargo s\u00ed habr\u00e1 de promoverlos para que los puedan efectuar grupos de la sociedad civil. Desde antes del inicio de las elecciones locales el consejero presidente del IETAM manifest\u00f3 que dicho organismo solo tiene la obligaci\u00f3n de realizar cuando menos un debate para la elecci\u00f3n por la gubernatura, pero en el caso de las alcald\u00edas y las diputaciones locales no hay tan obligatoriedad, y por lo tanto nos los efectuar\u00e1n, pero s\u00ed los promover\u00e1n entre quienes se animen a organizarlos, que para este caso deben ser organismo serios y representativos de la sociedad.<\/p>\n\n\n\n<p>ENCABEZA RECTOR DE LA UAT REUNI\u00d3N DE DIRECTORES<br \/>El rector de la Universidad Aut\u00f3noma de Tamaulipas (UAT), D\u00e1maso Leonardo Anaya Alvarado, presidi\u00f3 la tercera reuni\u00f3n ordinaria del Colegio de Directores, esto en el Campus Tampico, y donde destac\u00f3 la importancia de trabajar en este cuerpo colegiado las mejores propuestas que permitan seguir avanzando en la construcci\u00f3n del nuevo plan de desarrollo institucional de la m\u00e1xima casa de estudios del estado. En el acto hizo saber que a la par del \u00e1rea acad\u00e9mica, se est\u00e1 trabajando de manera coordinada con el Colegio de Directores en temas de infraestructura educativa y equipamiento, as\u00ed como respaldos para estudiantes y maestros, con la idea a fin de otorgarles mejores condiciones para su desempe\u00f1o.<\/p>\n\n\n\n<p>LO \u00daLTIMO<br \/>Hay luto en el periodismo tamaulipeco ante el deceso del compa\u00f1ero, Luis Alberto Triana Favero, reconocido periodista, quien de hecho fue editor del peri\u00f3dico La Prensa de Reynosa. \u00a1Descanse en paz!\u2026 Continuando con las reuniones del personal a cargo de las diversas \u00e1reas del Gobierno Municipal de Nuevo Laredo, la alcaldesa en funciones, Lilia Arjona Barocio, se reuni\u00f3 este jueves con los encargados de la Secretar\u00eda de Servicios P\u00fablicos Primarios, a cargo de Ever Arredondo, con quien vio y analiz\u00f3 las diversas acciones que se est\u00e1n llevando a cabo en la ciudad por parte de dicha dependencia\u2026 Se avecina un frente fr\u00edo para este fin de semana, de los \u00faltimos de la temporada invernal, as\u00ed que hay que aprovecharlo, porque luego en los intensos calorones que vamos a estar registrando en el verano, vamos a querer un clima fresco y nada de eso vamos a tener\u2026 Y en el \u00e1mbito pol\u00edtico, Carmen Lilia Canturosas Villarreal, candidata de MORENA-PT-PVEM a la alcald\u00eda de Nuevo Laredo, se reuni\u00f3 con alrededor de 600 maestras, quienes le manifestaron abiertamente su respaldo. Por su parte Yahleel Abdala Carmona, la abanderada del PAN y el PRI a la Presidencia Municipal, sostuvo un encuentro con deportivas, con quienes se comprometi\u00f3 a darles apoyos, y Maki Gonz\u00e1lez P\u00e9rez, la candidata del MC al mismo puesto, tuvo una caminata en la colonia FOVISSSTE, donde dio a conocer parte de sus propuestas a la gente que la recibi\u00f3 en sus casas.<\/p>\n","protected":false},"excerpt":{"rendered":"<p>De acuerdo con los m\u00e1s recientes resultados de la Encuesta Nacional de Seguridad P\u00fablica Urbana (ENSU) del Instituto Nacional de Estad\u00edstica y Geograf\u00eda (INEGI), Nuevo Laredo redujo en 6 puntos &hellip; <a href=\"http:\/\/revistalaneta.com.mx\/?p=11504\" class=\"more-link\">Leer m\u00e1s<\/a><\/p>\n","protected":false},"author":1,"featured_media":11503,"comment_status":"open","ping_status":"open","sticky":false,"template":"","format":"standard","meta":{"footnotes":""},"categories":[2,3],"tags":[],"class_list":["post-11504","post","type-post","status-publish","format-standard","has-post-thumbnail","hentry","category-chismorreo","category-opinion","entry"],"_links":{"self":[{"href":"http:\/\/revistalaneta.com.mx\/index.php?rest_route=\/wp\/v2\/posts\/11504","targetHints":{"allow":["GET"]}}],"collection":[{"href":"http:\/\/revistalaneta.com.mx\/index.php?rest_route=\/wp\/v2\/posts"}],"about":[{"href":"http:\/\/revistalaneta.com.mx\/index.php?rest_route=\/wp\/v2\/types\/post"}],"author":[{"embeddable":true,"href":"http:\/\/revistalaneta.com.mx\/index.php?rest_route=\/wp\/v2\/users\/1"}],"replies":[{"embeddable":true,"href":"http:\/\/revistalaneta.com.mx\/index.php?rest_route=%2Fwp%2Fv2%2Fcomments&post=11504"}],"version-history":[{"count":1,"href":"http:\/\/revistalaneta.com.mx\/index.php?rest_route=\/wp\/v2\/posts\/11504\/revisions"}],"predecessor-version":[{"id":11505,"href":"http:\/\/revistalaneta.com.mx\/index.php?rest_route=\/wp\/v2\/posts\/11504\/revisions\/11505"}],"wp:featuredmedia":[{"embeddable":true,"href":"http:\/\/revistalaneta.com.mx\/index.php?rest_route=\/wp\/v2\/media\/11503"}],"wp:attachment":[{"href":"http:\/\/revistalaneta.com.mx\/index.php?rest_route=%2Fwp%2Fv2%2Fmedia&parent=11504"}],"wp:term":[{"taxonomy":"category","embeddable":true,"href":"http:\/\/revistalaneta.com.mx\/index.php?rest_route=%2Fwp%2Fv2%2Fcategories&post=11504"},{"taxonomy":"post_tag","embeddable":true,"href":"http:\/\/revistalaneta.com.mx\/index.php?rest_route=%2Fwp%2Fv2%2Ftags&post=11504"}],"curies":[{"name":"wp","href":"https:\/\/api.w.org\/{rel}","templated":true}]}}