{"id":11573,"date":"2024-04-23T04:44:26","date_gmt":"2024-04-23T04:44:26","guid":{"rendered":"http:\/\/revistalaneta.com.mx\/?p=11573"},"modified":"2024-04-23T04:44:42","modified_gmt":"2024-04-23T04:44:42","slug":"se-suma-juan-carlos-medina-al-proyecto-de-yahleel-abdala","status":"publish","type":"post","link":"http:\/\/revistalaneta.com.mx\/?p=11573","title":{"rendered":"Se suma Juan Carlos Medina al proyecto de Yahleel Abdala"},"content":{"rendered":"\n<p><\/p>\n\n\n\n<ul class=\"wp-block-list\">\n<li>El influyente l\u00edder espiritual manifest\u00f3 su plena confianza en que ella sacar\u00e1 a Nuevo Laredo del bache en que se encuentra<\/li>\n<\/ul>\n\n\n\n<p>Nuevo Laredo, Tamps.- En un acto multitudinario que congreg\u00f3 a vecinos de diversas colonias del norponiente de la ciudad, el dirigente de la asociaci\u00f3n civil Dios Gobierna Nuevo Laredo, Juan Carlos Medina Rayas, manifest\u00f3 abiertamente su adhesi\u00f3n al proyecto de la candidata de la coalici\u00f3n Fuerza y Coraz\u00f3n de Tamaulipas, Yahleel Abdala Carmona.<br>El evento fue convocado por esa agrupaci\u00f3n con m\u00e1s de 20 a\u00f1os de fundada y actualmente se erige como uno de los movimientos civiles m\u00e1s fuertes y con m\u00e1s representaci\u00f3n en esta frontera, cuyos integrantes aclamaron a la abandera del PAN-PRI desde su llegada a la esquina de R\u00edo Volga y Roma, en la colonia Voluntad y Trabajo 3, y en todo momento le manifestaron su aprecio y simpat\u00eda.<br>\u201cHabl\u00e9 con la estructura de Dios Gobierna Nuevo Laredo y llegamos a la conclusi\u00f3n de que avanzar\u00edamos en este proyecto, para sacar a Nuevo Laredo del bache en que se encuentra y hoy quiero que le demos la bienvenida al poniente de la ciudad a nuestra pr\u00f3xima presidenta municipal de Nuevo Laredo, a nuestra amiga Yahleel Abdala Carmona\u201d, enfatiz\u00f3 Medina Rayas.<br>Luego, en el fulgor del evento, el dirigente de esa agrupaci\u00f3n, que ha sido garant\u00eda de triunfo avasallador en anteriores justas electorales, estableci\u00f3 el planteamiento grupal:<br>\u201cLa miro de frente, maestra, bienvenida, vamos para adelante, cuente con esta familia, la invitamos a que sus pies sean nuestros pies, que sus manos sean nuestras manos y sus ojos nuestros ojos, para hacer una sola familia en Nuevo Laredo y construyamos todo esto, \u00bfest\u00e1 lista para ponerse la camisa de Dios Gobierna YA?\u201d Y ella contest\u00f3 con un determinante: \u201cYa estoy lista\u201d.<br><em>UN GOBIERNO DE EXCELENCIA<\/em><br>Al hacer uso de la palabra, la candidata de \u201cFuerza y Coraz\u00f3n por Tamaulipas\u201d se comprometi\u00f3 a trabajar duro por Nuevo Laredo, para darle a los neolaredenses lo que realmente se merecen.<br>\u201cHoy vengo a reafirmar un compromiso, de frente y vi\u00e9ndolos a los ojos: Lo que quiero es un mejor Nuevo Laredo, un Nuevo Laredo en el que realmente se sienta el gobierno presente, el gobierno cercano, ese gobierno que se escucha, ese gobierno que viene a ser aliado, amigo y facilitador\u201d, indic\u00f3.<br>Y con voz firme y decidida sign\u00f3 su compromiso primordial con la sociedad, de encabezar un gobierno de excelencia.<br>\u201cMi mayor compromiso con ustedes es hacerlos muy orgullosos de tenerme de presidenta municipal, s\u00e9 que voy a estar ah\u00ed tres a\u00f1os, y de ah\u00ed salir de nuevo a las calles y poderlos ver a todos a los ojos, sin nada de qu\u00e9 avergonzarme y decir: Cuando estuve, las cosas se hicieron de la mejor manera, porque va a ser un gobierno de excelencia, porque la excelencia son esos peque\u00f1os detalles que a mucho les da flojera hacerlos, pero nosotros tenemos nuestra carga de energ\u00eda que viene de arriba, porque con Dios todo lo podemos\u201d, expuso.<br>Finalmente, los invit\u00f3 a todos a hacer un gobierno juntos, para hacer realidad el slogan de dicha asociaci\u00f3n: \u201cQue Dios sea el que gobierne a Nuevo Laredo y que nosotros seamos instrumentos simplemente de la gloria que \u00e9l quiere manifestar en esta bendita tierra\u201d, concluy\u00f3.<\/p>\n","protected":false},"excerpt":{"rendered":"<p>Nuevo Laredo, Tamps.- En un acto multitudinario que congreg\u00f3 a vecinos de diversas colonias del norponiente de la ciudad, el dirigente de la asociaci\u00f3n civil Dios Gobierna Nuevo Laredo, Juan &hellip; <a href=\"http:\/\/revistalaneta.com.mx\/?p=11573\" class=\"more-link\">Leer m\u00e1s<\/a><\/p>\n","protected":false},"author":1,"featured_media":11572,"comment_status":"open","ping_status":"open","sticky":false,"template":"","format":"standard","meta":{"footnotes":""},"categories":[4],"tags":[],"class_list":["post-11573","post","type-post","status-publish","format-standard","has-post-thumbnail","hentry","category-nuevo-laredo","entry"],"_links":{"self":[{"href":"http:\/\/revistalaneta.com.mx\/index.php?rest_route=\/wp\/v2\/posts\/11573","targetHints":{"allow":["GET"]}}],"collection":[{"href":"http:\/\/revistalaneta.com.mx\/index.php?rest_route=\/wp\/v2\/posts"}],"about":[{"href":"http:\/\/revistalaneta.com.mx\/index.php?rest_route=\/wp\/v2\/types\/post"}],"author":[{"embeddable":true,"href":"http:\/\/revistalaneta.com.mx\/index.php?rest_route=\/wp\/v2\/users\/1"}],"replies":[{"embeddable":true,"href":"http:\/\/revistalaneta.com.mx\/index.php?rest_route=%2Fwp%2Fv2%2Fcomments&post=11573"}],"version-history":[{"count":1,"href":"http:\/\/revistalaneta.com.mx\/index.php?rest_route=\/wp\/v2\/posts\/11573\/revisions"}],"predecessor-version":[{"id":11574,"href":"http:\/\/revistalaneta.com.mx\/index.php?rest_route=\/wp\/v2\/posts\/11573\/revisions\/11574"}],"wp:featuredmedia":[{"embeddable":true,"href":"http:\/\/revistalaneta.com.mx\/index.php?rest_route=\/wp\/v2\/media\/11572"}],"wp:attachment":[{"href":"http:\/\/revistalaneta.com.mx\/index.php?rest_route=%2Fwp%2Fv2%2Fmedia&parent=11573"}],"wp:term":[{"taxonomy":"category","embeddable":true,"href":"http:\/\/revistalaneta.com.mx\/index.php?rest_route=%2Fwp%2Fv2%2Fcategories&post=11573"},{"taxonomy":"post_tag","embeddable":true,"href":"http:\/\/revistalaneta.com.mx\/index.php?rest_route=%2Fwp%2Fv2%2Ftags&post=11573"}],"curies":[{"name":"wp","href":"https:\/\/api.w.org\/{rel}","templated":true}]}}